{"id":78543,"date":"2026-09-05T07:00:25","date_gmt":"2026-09-05T10:00:25","guid":{"rendered":"https:\/\/www.paulus.com.br\/portal\/?p=78543"},"modified":"2026-09-03T10:44:24","modified_gmt":"2026-09-03T13:44:24","slug":"santa-teresa-de-calcuta-uma-vida-dedicada-aos-mais-pobres","status":"publish","type":"post","link":"https:\/\/www.paulus.com.br\/portal\/santa-teresa-de-calcuta-uma-vida-dedicada-aos-mais-pobres\/","title":{"rendered":"Santa Teresa de Calcut\u00e1: uma vida dedicada aos mais pobres"},"content":{"rendered":"<p><img loading=\"lazy\" decoding=\"async\" class=\"aligncenter wp-image-78544 \" src=\"https:\/\/www.paulus.com.br\/portal\/wp-content\/uploads\/2026\/09\/madreteresa1-scaled.jpg\" alt=\"\" width=\"1292\" height=\"656\" srcset=\"https:\/\/www.paulus.com.br\/portal\/wp-content\/uploads\/2026\/09\/madreteresa1-scaled.jpg 2560w, https:\/\/www.paulus.com.br\/portal\/wp-content\/uploads\/2026\/09\/madreteresa1-300x152.jpg 300w, https:\/\/www.paulus.com.br\/portal\/wp-content\/uploads\/2026\/09\/madreteresa1-1024x520.jpg 1024w, https:\/\/www.paulus.com.br\/portal\/wp-content\/uploads\/2026\/09\/madreteresa1-768x390.jpg 768w, https:\/\/www.paulus.com.br\/portal\/wp-content\/uploads\/2026\/09\/madreteresa1-1536x779.jpg 1536w, https:\/\/www.paulus.com.br\/portal\/wp-content\/uploads\/2026\/09\/madreteresa1-2048x1039.jpg 2048w, https:\/\/www.paulus.com.br\/portal\/wp-content\/uploads\/2026\/09\/madreteresa1-120x61.jpg 120w, https:\/\/www.paulus.com.br\/portal\/wp-content\/uploads\/2026\/09\/madreteresa1-90x46.jpg 90w, https:\/\/www.paulus.com.br\/portal\/wp-content\/uploads\/2026\/09\/madreteresa1-180x91.jpg 180w\" sizes=\"auto, (max-width: 1292px) 100vw, 1292px\" \/><\/p>\n<p><span style=\"font-weight: 400;\">Alguns sofrimentos est\u00e3o t\u00e3o profundamente presentes no cotidiano da sociedade que acabam sendo naturalizados e que correm o risco de perder seu car\u00e1ter de urg\u00eancia. A mis\u00e9ria, o abandono e a solid\u00e3o est\u00e3o entre eles. S\u00e3o realidades que atingem profundamente a vida de muitas pessoas, mas que nem sempre recebem a aten\u00e7\u00e3o e a resposta proporcionais \u00e0 sua gravidade. \u00c9 nesse contexto que o testemunho de <strong>Santa Teresa de Calcut\u00e1<\/strong>, cuja mem\u00f3ria \u00e9 celebrada pela Igreja no dia <strong>5 de setembro<\/strong> , adquire particular significado. Diante daqueles que sofriam, ela n\u00e3o se limitou a reconhecer uma situa\u00e7\u00e3o de necessidade, mas aproximou-se de pessoas concretas e fez dessa proximidade o ponto de partida de sua miss\u00e3o.<\/span><\/p>\n<p><b>Uma vida marcada pelo chamado ao servi\u00e7o<\/b><\/p>\n<p><span style=\"font-weight: 400;\">Agnes Gonxha Bojaxhiu nasceu em 26 de agosto de 1910, em Skopje. Desde jovem, sentiu o desejo de dedicar sua vida \u00e0 miss\u00e3o. Aos dezoito anos, entrou para as Irm\u00e3s de Loreto e, pouco depois, foi enviada para a \u00cdndia, onde permaneceria pelo restante de sua vida. Em Calcut\u00e1, durante anos, dedicou-se ao ensino e \u00e0 forma\u00e7\u00e3o de meninas. Sua vida, entretanto, tomou uma nova dire\u00e7\u00e3o quando experimentou aquilo que mais tarde identificaria como um chamado particular para deixar o ambiente escolar e aproximar-se diretamente dos mais pobres.<\/span><\/p>\n<p><span style=\"font-weight: 400;\">Depois de obter as autoriza\u00e7\u00f5es necess\u00e1rias, come\u00e7ou a viver entre as popula\u00e7\u00f5es pobres de Calcut\u00e1 e a atender pessoas que se encontravam em situa\u00e7\u00f5es de extrema vulnerabilidade. Em 7 de outubro de 1950, foi oficialmente fundada a Congrega\u00e7\u00e3o das Mission\u00e1rias da Caridade, dedicada ao servi\u00e7o dos mais pobres, tanto em suas necessidades materiais quanto espirituais. Sua miss\u00e3o inclu\u00eda, entre outras a\u00e7\u00f5es, o cuidado dos doentes e moribundos, das pessoas sem moradia, das crian\u00e7as abandonadas e de todos aqueles que se encontravam em situa\u00e7\u00f5es de abandono e extrema vulnerabilidade.\u00a0<\/span><\/p>\n<p><img loading=\"lazy\" decoding=\"async\" class=\"wp-image-78546 size-full aligncenter\" src=\"https:\/\/www.paulus.com.br\/portal\/wp-content\/uploads\/2026\/09\/papa-joo-paulo-ii-e-madre-teresa.jpg\" alt=\"\" width=\"480\" height=\"330\" srcset=\"https:\/\/www.paulus.com.br\/portal\/wp-content\/uploads\/2026\/09\/papa-joo-paulo-ii-e-madre-teresa.jpg 480w, https:\/\/www.paulus.com.br\/portal\/wp-content\/uploads\/2026\/09\/papa-joo-paulo-ii-e-madre-teresa-300x206.jpg 300w, https:\/\/www.paulus.com.br\/portal\/wp-content\/uploads\/2026\/09\/papa-joo-paulo-ii-e-madre-teresa-120x83.jpg 120w, https:\/\/www.paulus.com.br\/portal\/wp-content\/uploads\/2026\/09\/papa-joo-paulo-ii-e-madre-teresa-90x62.jpg 90w, https:\/\/www.paulus.com.br\/portal\/wp-content\/uploads\/2026\/09\/papa-joo-paulo-ii-e-madre-teresa-180x124.jpg 180w\" sizes=\"auto, (max-width: 480px) 100vw, 480px\" \/><\/p>\n<p><b>\u00a0Os pobres no centro de sua miss\u00e3o e espiritualidade<\/b><\/p>\n<p><span style=\"font-weight: 400;\">A originalidade da miss\u00e3o de<strong> Teresa de Calcut\u00e1<\/strong> estava menos na cria\u00e7\u00e3o de grandes estruturas sociais do que na\u00a0 compreens\u00e3o profundamente crist\u00e3 da pessoa necessitada. Para ela, a condi\u00e7\u00e3o de pobreza jamais reduzia uma pessoa \u00e0quilo que lhe faltava. O pobre precisava de ajuda concreta, mas, antes de tudo, deveria ser reconhecido em sua dignidade, que permanecia intacta diante da doen\u00e7a, da mis\u00e9ria ou\u00a0 do abandono.\u00a0<\/span><\/p>\n<p><span style=\"font-weight: 400;\">Por isso, seu servi\u00e7o partia das necessidades concretas de cada pessoa, entendendo que a resposta \u00e0s suas necessidades materiais s\u00f3 adquiria pleno sentido no reconhecimento de sua dignidade, que nenhuma condi\u00e7\u00e3o de sofrimento poderia apagar.\u00a0<\/span><\/p>\n<p><span style=\"font-weight: 400;\">Essa compreens\u00e3o tinha uma raiz mais profunda: a f\u00e9. Para Teresa, servir os pobres n\u00e3o era apenas responder \u00e0 sua necessidade, mas encontrar neles o pr\u00f3prio Cristo. Por isso, cada gesto de cuidado se tornava uma express\u00e3o concreta do amor a Deus.\u00a0<\/span><\/p>\n<p><span style=\"font-weight: 400;\">Ao longo dos anos, essa atua\u00e7\u00e3o ultrapassou os limites de Calcut\u00e1. As Mission\u00e1rias da Caridade estabeleceram comunidades em diferentes partes do mundo, levando o mesmo princ\u00edpio de servi\u00e7o aos lugares onde encontravam pobreza, doen\u00e7a e abandono. Teresa de Calcut\u00e1 tornou-se, assim, uma refer\u00eancia internacional de dedica\u00e7\u00e3o aos mais vulner\u00e1veis.<\/span><\/p>\n<p><img loading=\"lazy\" decoding=\"async\" class=\"aligncenter wp-image-78547 size-full\" src=\"https:\/\/www.paulus.com.br\/portal\/wp-content\/uploads\/2026\/09\/formacao_conheca-caracteristicas-de-santa-teresa-de-calcuta-1600x1200-1-840x630-1-1.jpg\" alt=\"\" width=\"840\" height=\"630\" srcset=\"https:\/\/www.paulus.com.br\/portal\/wp-content\/uploads\/2026\/09\/formacao_conheca-caracteristicas-de-santa-teresa-de-calcuta-1600x1200-1-840x630-1-1.jpg 840w, https:\/\/www.paulus.com.br\/portal\/wp-content\/uploads\/2026\/09\/formacao_conheca-caracteristicas-de-santa-teresa-de-calcuta-1600x1200-1-840x630-1-1-300x225.jpg 300w, https:\/\/www.paulus.com.br\/portal\/wp-content\/uploads\/2026\/09\/formacao_conheca-caracteristicas-de-santa-teresa-de-calcuta-1600x1200-1-840x630-1-1-768x576.jpg 768w, https:\/\/www.paulus.com.br\/portal\/wp-content\/uploads\/2026\/09\/formacao_conheca-caracteristicas-de-santa-teresa-de-calcuta-1600x1200-1-840x630-1-1-120x90.jpg 120w, https:\/\/www.paulus.com.br\/portal\/wp-content\/uploads\/2026\/09\/formacao_conheca-caracteristicas-de-santa-teresa-de-calcuta-1600x1200-1-840x630-1-1-90x68.jpg 90w, https:\/\/www.paulus.com.br\/portal\/wp-content\/uploads\/2026\/09\/formacao_conheca-caracteristicas-de-santa-teresa-de-calcuta-1600x1200-1-840x630-1-1-180x135.jpg 180w\" sizes=\"auto, (max-width: 840px) 100vw, 840px\" \/><\/p>\n<p><b>Um legado que ultrapassa as fronteiras de Calcut\u00e1<\/b><\/p>\n<p><span style=\"font-weight: 400;\">O reconhecimento internacional de Teresa de Calcut\u00e1 cresceu progressivamente. Em 1979, recebeu o Pr\u00eamio Nobel da Paz, em reconhecimento \u00e0 sua atua\u00e7\u00e3o em favor dos pobres e das pessoas marginalizadas. A distin\u00e7\u00e3o contribuiu para tornar sua figura conhecida em todo o mundo e fez de sua mensagem uma refer\u00eancia para diferentes setores da sociedade.<\/span><\/p>\n<p><span style=\"font-weight: 400;\">Teresa de Calcut\u00e1 morreu em 5 de setembro de 1997, em Calcut\u00e1. Foi beatificada por Jo\u00e3o Paulo II em 2003 e canonizada pelo papa Francisco em 4 de setembro de 2016. Sua mem\u00f3ria permanece ligada sobretudo \u00e0 aten\u00e7\u00e3o aos mais pobres e \u00e0queles que vivem em situa\u00e7\u00f5es de extrema vulnerabilidade.<\/span><\/p>\n<p><span style=\"font-weight: 400;\">O legado de Teresa de Calcut\u00e1 pode ser compreendido, em \u00faltima an\u00e1lise, a partir de uma ideia simples: a dignidade humana exige proximidade. Diante da pobreza, da doen\u00e7a e da exclus\u00e3o, ela procurou n\u00e3o permanecer apenas como espectadora, mas aproximar-se daquele que sofria. Sua vida colocou a caridade em gestos concretos e tornou vis\u00edvel uma convic\u00e7\u00e3o que continua atual: uma sociedade \u00e9 tamb\u00e9m julgada pela maneira como trata aqueles que t\u00eam menos voz, menos recursos e menos possibilidades de serem vistos.<\/span><\/p>\n<p><a href=\"https:\/\/loja.paulus.com.br\/nos-passos-de-santa-teresa-de-calcuta\/p\" target=\"_blank\" rel=\"noopener\"><b>Caminhe com Santa Teresa de Calcut\u00e1 por 30 dias de ora\u00e7\u00e3o, medita\u00e7\u00e3o e encontro com Cristo nos mais pobres. <\/b><b><i>Nos passos de Santa Teresa de Calcut\u00e1<\/i><\/b><\/a><b><\/b><\/p>\n<p><img decoding=\"async\" class=\"aligncenter\" src=\"https:\/\/editorapaulus.vtexassets.com\/arquivos\/ids\/158169-800-auto?v=637908360559100000&amp;width=800&amp;height=auto&amp;aspect=true\" alt=\"Main\" \/><\/p>\n","protected":false},"excerpt":{"rendered":"<p>Alguns sofrimentos est\u00e3o t\u00e3o profundamente presentes no cotidiano da sociedade que acabam sendo naturalizados e que correm o risco de perder seu car\u00e1ter de urg\u00eancia. A mis\u00e9ria, o abandono e a solid\u00e3o est\u00e3o entre eles. S\u00e3o realidades que atingem profundamente a vida de muitas pessoas, mas que nem sempre recebem a aten\u00e7\u00e3o e a resposta [&hellip;]<\/p>\n","protected":false},"author":73,"featured_media":78545,"comment_status":"open","ping_status":"open","sticky":false,"template":"","format":"standard","meta":{"_acf_changed":false,"footnotes":""},"categories":[15],"tags":[],"class_list":["post-78543","post","type-post","status-publish","format-standard","has-post-thumbnail","hentry","category-noticias"],"acf":[],"aioseo_notices":[],"aioseo_head":"\n\t\t<!-- All in One SEO 5.0.1.1 - aioseo.com -->\n\t<meta name=\"robots\" content=\"max-image-preview:large\" \/>\n\t<meta name=\"author\" content=\"Jonathan Makila Nsenkey\"\/>\n\t<link rel=\"canonical\" href=\"https:\/\/www.paulus.com.br\/portal\/santa-teresa-de-calcuta-uma-vida-dedicada-aos-mais-pobres\/\" \/>\n\t<meta name=\"generator\" content=\"All in One SEO (AIOSEO) 5.0.1.1\" \/>\n\t\t<meta property=\"og:locale\" content=\"pt_BR\" \/>\n\t\t<meta property=\"og:site_name\" content=\"Paulus Editora | Portal Institucional da Paulus Editora, dos padres e irm\u00e3os paulinos (Pia Sociedade de S\u00e3o Paulo) que tem como miss\u00e3o o des\u00edgnio de evangelizar na cultura da comunica\u00e7\u00e3o.\" \/>\n\t\t<meta property=\"og:type\" content=\"article\" \/>\n\t\t<meta property=\"og:title\" content=\"Santa Teresa de Calcut\u00e1: uma vida dedicada aos mais pobres | Paulus Editora\" \/>\n\t\t<meta property=\"og:url\" content=\"https:\/\/www.paulus.com.br\/portal\/santa-teresa-de-calcuta-uma-vida-dedicada-aos-mais-pobres\/\" \/>\n\t\t<meta property=\"article:published_time\" content=\"2026-09-05T10:00:25+00:00\" \/>\n\t\t<meta property=\"article:modified_time\" content=\"2026-09-03T13:44:24+00:00\" \/>\n\t\t<meta name=\"twitter:card\" content=\"summary\" \/>\n\t\t<meta name=\"twitter:title\" content=\"Santa Teresa de Calcut\u00e1: uma vida dedicada aos mais pobres | Paulus Editora\" \/>\n\t\t<script type=\"application\/ld+json\" class=\"aioseo-schema\">\n\t\t\t{\"@context\":\"https:\\\/\\\/schema.org\",\"@graph\":[{\"@type\":\"Article\",\"@id\":\"https:\\\/\\\/www.paulus.com.br\\\/portal\\\/santa-teresa-de-calcuta-uma-vida-dedicada-aos-mais-pobres\\\/#article\",\"name\":\"Santa Teresa de Calcut\\u00e1: uma vida dedicada aos mais pobres | Paulus Editora\",\"headline\":\"Santa Teresa de Calcut\\u00e1: uma vida dedicada aos mais pobres\",\"author\":{\"@id\":\"https:\\\/\\\/www.paulus.com.br\\\/portal\\\/author\\\/user_jonathan_nsenkey\\\/#author\"},\"publisher\":{\"@id\":\"https:\\\/\\\/www.paulus.com.br\\\/portal\\\/#organization\"},\"image\":{\"@type\":\"ImageObject\",\"url\":\"https:\\\/\\\/www.paulus.com.br\\\/portal\\\/wp-content\\\/uploads\\\/2026\\\/09\\\/formacao_conheca-caracteristicas-de-santa-teresa-de-calcuta-1600x1200-1-840x630-1-e1788442967914.jpg\",\"width\":350,\"height\":263},\"datePublished\":\"2026-09-05T07:00:25-03:00\",\"dateModified\":\"2026-09-03T10:44:24-03:00\",\"inLanguage\":\"pt-BR\",\"mainEntityOfPage\":{\"@id\":\"https:\\\/\\\/www.paulus.com.br\\\/portal\\\/santa-teresa-de-calcuta-uma-vida-dedicada-aos-mais-pobres\\\/#webpage\"},\"isPartOf\":{\"@id\":\"https:\\\/\\\/www.paulus.com.br\\\/portal\\\/santa-teresa-de-calcuta-uma-vida-dedicada-aos-mais-pobres\\\/#webpage\"},\"articleSection\":\"Not\\u00edcias\"},{\"@type\":\"BreadcrumbList\",\"@id\":\"https:\\\/\\\/www.paulus.com.br\\\/portal\\\/santa-teresa-de-calcuta-uma-vida-dedicada-aos-mais-pobres\\\/#breadcrumblist\",\"itemListElement\":[{\"@type\":\"ListItem\",\"@id\":\"https:\\\/\\\/www.paulus.com.br\\\/portal#listItem\",\"position\":1,\"name\":\"In\\u00edcio\",\"item\":\"https:\\\/\\\/www.paulus.com.br\\\/portal\",\"nextItem\":{\"@type\":\"ListItem\",\"@id\":\"https:\\\/\\\/www.paulus.com.br\\\/portal\\\/canal\\\/noticias\\\/#listItem\",\"name\":\"Not\\u00edcias\"}},{\"@type\":\"ListItem\",\"@id\":\"https:\\\/\\\/www.paulus.com.br\\\/portal\\\/canal\\\/noticias\\\/#listItem\",\"position\":2,\"name\":\"Not\\u00edcias\",\"item\":\"https:\\\/\\\/www.paulus.com.br\\\/portal\\\/canal\\\/noticias\\\/\",\"nextItem\":{\"@type\":\"ListItem\",\"@id\":\"https:\\\/\\\/www.paulus.com.br\\\/portal\\\/santa-teresa-de-calcuta-uma-vida-dedicada-aos-mais-pobres\\\/#listItem\",\"name\":\"Santa Teresa de Calcut\\u00e1: uma vida dedicada aos mais pobres\"},\"previousItem\":{\"@type\":\"ListItem\",\"@id\":\"https:\\\/\\\/www.paulus.com.br\\\/portal#listItem\",\"name\":\"In\\u00edcio\"}},{\"@type\":\"ListItem\",\"@id\":\"https:\\\/\\\/www.paulus.com.br\\\/portal\\\/santa-teresa-de-calcuta-uma-vida-dedicada-aos-mais-pobres\\\/#listItem\",\"position\":3,\"name\":\"Santa Teresa de Calcut\\u00e1: uma vida dedicada aos mais pobres\",\"previousItem\":{\"@type\":\"ListItem\",\"@id\":\"https:\\\/\\\/www.paulus.com.br\\\/portal\\\/canal\\\/noticias\\\/#listItem\",\"name\":\"Not\\u00edcias\"}}]},{\"@type\":\"Organization\",\"@id\":\"https:\\\/\\\/www.paulus.com.br\\\/portal\\\/#organization\",\"name\":\"Editora PAULUS\",\"description\":\"Portal Institucional da Paulus Editora, dos padres e irm\\u00e3os paulinos (Pia Sociedade de S\\u00e3o Paulo) que tem como miss\\u00e3o o des\\u00edgnio de evangelizar na cultura da comunica\\u00e7\\u00e3o.\",\"url\":\"https:\\\/\\\/www.paulus.com.br\\\/portal\\\/\",\"logo\":{\"@type\":\"ImageObject\",\"url\":\"https:\\\/\\\/www.paulus.com.br\\\/portal\\\/wp-content\\\/themes\\\/paulus-portal\\\/images\\\/logo_vertical.jpg\",\"@id\":\"https:\\\/\\\/www.paulus.com.br\\\/portal\\\/santa-teresa-de-calcuta-uma-vida-dedicada-aos-mais-pobres\\\/#organizationLogo\"},\"image\":{\"@id\":\"https:\\\/\\\/www.paulus.com.br\\\/portal\\\/santa-teresa-de-calcuta-uma-vida-dedicada-aos-mais-pobres\\\/#organizationLogo\"}},{\"@type\":\"Person\",\"@id\":\"https:\\\/\\\/www.paulus.com.br\\\/portal\\\/author\\\/user_jonathan_nsenkey\\\/#author\",\"url\":\"https:\\\/\\\/www.paulus.com.br\\\/portal\\\/author\\\/user_jonathan_nsenkey\\\/\",\"name\":\"Jonathan Makila Nsenkey\",\"image\":{\"@type\":\"ImageObject\",\"@id\":\"https:\\\/\\\/www.paulus.com.br\\\/portal\\\/santa-teresa-de-calcuta-uma-vida-dedicada-aos-mais-pobres\\\/#authorImage\",\"url\":\"https:\\\/\\\/secure.gravatar.com\\\/avatar\\\/7e8e3cefe13074ba064fce171eee909404dd388f7b9f8398a7804c5598b446bb?s=96&d=mm&r=g\",\"width\":96,\"height\":96,\"caption\":\"Jonathan Makila Nsenkey\"}},{\"@type\":\"WebPage\",\"@id\":\"https:\\\/\\\/www.paulus.com.br\\\/portal\\\/santa-teresa-de-calcuta-uma-vida-dedicada-aos-mais-pobres\\\/#webpage\",\"url\":\"https:\\\/\\\/www.paulus.com.br\\\/portal\\\/santa-teresa-de-calcuta-uma-vida-dedicada-aos-mais-pobres\\\/\",\"name\":\"Santa Teresa de Calcut\\u00e1: uma vida dedicada aos mais pobres | Paulus Editora\",\"inLanguage\":\"pt-BR\",\"isPartOf\":{\"@id\":\"https:\\\/\\\/www.paulus.com.br\\\/portal\\\/#website\"},\"breadcrumb\":{\"@id\":\"https:\\\/\\\/www.paulus.com.br\\\/portal\\\/santa-teresa-de-calcuta-uma-vida-dedicada-aos-mais-pobres\\\/#breadcrumblist\"},\"author\":{\"@id\":\"https:\\\/\\\/www.paulus.com.br\\\/portal\\\/author\\\/user_jonathan_nsenkey\\\/#author\"},\"creator\":{\"@id\":\"https:\\\/\\\/www.paulus.com.br\\\/portal\\\/author\\\/user_jonathan_nsenkey\\\/#author\"},\"image\":{\"@type\":\"ImageObject\",\"url\":\"https:\\\/\\\/www.paulus.com.br\\\/portal\\\/wp-content\\\/uploads\\\/2026\\\/09\\\/formacao_conheca-caracteristicas-de-santa-teresa-de-calcuta-1600x1200-1-840x630-1-e1788442967914.jpg\",\"@id\":\"https:\\\/\\\/www.paulus.com.br\\\/portal\\\/santa-teresa-de-calcuta-uma-vida-dedicada-aos-mais-pobres\\\/#mainImage\",\"width\":350,\"height\":263},\"primaryImageOfPage\":{\"@id\":\"https:\\\/\\\/www.paulus.com.br\\\/portal\\\/santa-teresa-de-calcuta-uma-vida-dedicada-aos-mais-pobres\\\/#mainImage\"},\"datePublished\":\"2026-09-05T07:00:25-03:00\",\"dateModified\":\"2026-09-03T10:44:24-03:00\"},{\"@type\":\"WebSite\",\"@id\":\"https:\\\/\\\/www.paulus.com.br\\\/portal\\\/#website\",\"url\":\"https:\\\/\\\/www.paulus.com.br\\\/portal\\\/\",\"name\":\"Paulus Editora\",\"description\":\"Portal Institucional da Paulus Editora, dos padres e irm\\u00e3os paulinos (Pia Sociedade de S\\u00e3o Paulo) que tem como miss\\u00e3o o des\\u00edgnio de evangelizar na cultura da comunica\\u00e7\\u00e3o.\",\"inLanguage\":\"pt-BR\",\"publisher\":{\"@id\":\"https:\\\/\\\/www.paulus.com.br\\\/portal\\\/#organization\"}}]}\n\t\t<\/script>\n\t\t<!-- All in One SEO -->\n\n","aioseo_head_json":{"title":"Santa Teresa de Calcut\u00e1: uma vida dedicada aos mais pobres | Paulus Editora","description":"","canonical_url":"https:\/\/www.paulus.com.br\/portal\/santa-teresa-de-calcuta-uma-vida-dedicada-aos-mais-pobres\/","robots":"max-image-preview:large","keywords":"","webmasterTools":{"miscellaneous":""},"schema":{"@context":"https:\/\/schema.org","@graph":[{"@type":"Article","@id":"https:\/\/www.paulus.com.br\/portal\/santa-teresa-de-calcuta-uma-vida-dedicada-aos-mais-pobres\/#article","name":"Santa Teresa de Calcut\u00e1: uma vida dedicada aos mais pobres | Paulus Editora","headline":"Santa Teresa de Calcut\u00e1: uma vida dedicada aos mais pobres","author":{"@id":"https:\/\/www.paulus.com.br\/portal\/author\/user_jonathan_nsenkey\/#author"},"publisher":{"@id":"https:\/\/www.paulus.com.br\/portal\/#organization"},"image":{"@type":"ImageObject","url":"https:\/\/www.paulus.com.br\/portal\/wp-content\/uploads\/2026\/09\/formacao_conheca-caracteristicas-de-santa-teresa-de-calcuta-1600x1200-1-840x630-1-e1788442967914.jpg","width":350,"height":263},"datePublished":"2026-09-05T07:00:25-03:00","dateModified":"2026-09-03T10:44:24-03:00","inLanguage":"pt-BR","mainEntityOfPage":{"@id":"https:\/\/www.paulus.com.br\/portal\/santa-teresa-de-calcuta-uma-vida-dedicada-aos-mais-pobres\/#webpage"},"isPartOf":{"@id":"https:\/\/www.paulus.com.br\/portal\/santa-teresa-de-calcuta-uma-vida-dedicada-aos-mais-pobres\/#webpage"},"articleSection":"Not\u00edcias"},{"@type":"BreadcrumbList","@id":"https:\/\/www.paulus.com.br\/portal\/santa-teresa-de-calcuta-uma-vida-dedicada-aos-mais-pobres\/#breadcrumblist","itemListElement":[{"@type":"ListItem","@id":"https:\/\/www.paulus.com.br\/portal#listItem","position":1,"name":"In\u00edcio","item":"https:\/\/www.paulus.com.br\/portal","nextItem":{"@type":"ListItem","@id":"https:\/\/www.paulus.com.br\/portal\/canal\/noticias\/#listItem","name":"Not\u00edcias"}},{"@type":"ListItem","@id":"https:\/\/www.paulus.com.br\/portal\/canal\/noticias\/#listItem","position":2,"name":"Not\u00edcias","item":"https:\/\/www.paulus.com.br\/portal\/canal\/noticias\/","nextItem":{"@type":"ListItem","@id":"https:\/\/www.paulus.com.br\/portal\/santa-teresa-de-calcuta-uma-vida-dedicada-aos-mais-pobres\/#listItem","name":"Santa Teresa de Calcut\u00e1: uma vida dedicada aos mais pobres"},"previousItem":{"@type":"ListItem","@id":"https:\/\/www.paulus.com.br\/portal#listItem","name":"In\u00edcio"}},{"@type":"ListItem","@id":"https:\/\/www.paulus.com.br\/portal\/santa-teresa-de-calcuta-uma-vida-dedicada-aos-mais-pobres\/#listItem","position":3,"name":"Santa Teresa de Calcut\u00e1: uma vida dedicada aos mais pobres","previousItem":{"@type":"ListItem","@id":"https:\/\/www.paulus.com.br\/portal\/canal\/noticias\/#listItem","name":"Not\u00edcias"}}]},{"@type":"Organization","@id":"https:\/\/www.paulus.com.br\/portal\/#organization","name":"Editora PAULUS","description":"Portal Institucional da Paulus Editora, dos padres e irm\u00e3os paulinos (Pia Sociedade de S\u00e3o Paulo) que tem como miss\u00e3o o des\u00edgnio de evangelizar na cultura da comunica\u00e7\u00e3o.","url":"https:\/\/www.paulus.com.br\/portal\/","logo":{"@type":"ImageObject","url":"https:\/\/www.paulus.com.br\/portal\/wp-content\/themes\/paulus-portal\/images\/logo_vertical.jpg","@id":"https:\/\/www.paulus.com.br\/portal\/santa-teresa-de-calcuta-uma-vida-dedicada-aos-mais-pobres\/#organizationLogo"},"image":{"@id":"https:\/\/www.paulus.com.br\/portal\/santa-teresa-de-calcuta-uma-vida-dedicada-aos-mais-pobres\/#organizationLogo"}},{"@type":"Person","@id":"https:\/\/www.paulus.com.br\/portal\/author\/user_jonathan_nsenkey\/#author","url":"https:\/\/www.paulus.com.br\/portal\/author\/user_jonathan_nsenkey\/","name":"Jonathan Makila Nsenkey","image":{"@type":"ImageObject","@id":"https:\/\/www.paulus.com.br\/portal\/santa-teresa-de-calcuta-uma-vida-dedicada-aos-mais-pobres\/#authorImage","url":"https:\/\/secure.gravatar.com\/avatar\/7e8e3cefe13074ba064fce171eee909404dd388f7b9f8398a7804c5598b446bb?s=96&d=mm&r=g","width":96,"height":96,"caption":"Jonathan Makila Nsenkey"}},{"@type":"WebPage","@id":"https:\/\/www.paulus.com.br\/portal\/santa-teresa-de-calcuta-uma-vida-dedicada-aos-mais-pobres\/#webpage","url":"https:\/\/www.paulus.com.br\/portal\/santa-teresa-de-calcuta-uma-vida-dedicada-aos-mais-pobres\/","name":"Santa Teresa de Calcut\u00e1: uma vida dedicada aos mais pobres | Paulus Editora","inLanguage":"pt-BR","isPartOf":{"@id":"https:\/\/www.paulus.com.br\/portal\/#website"},"breadcrumb":{"@id":"https:\/\/www.paulus.com.br\/portal\/santa-teresa-de-calcuta-uma-vida-dedicada-aos-mais-pobres\/#breadcrumblist"},"author":{"@id":"https:\/\/www.paulus.com.br\/portal\/author\/user_jonathan_nsenkey\/#author"},"creator":{"@id":"https:\/\/www.paulus.com.br\/portal\/author\/user_jonathan_nsenkey\/#author"},"image":{"@type":"ImageObject","url":"https:\/\/www.paulus.com.br\/portal\/wp-content\/uploads\/2026\/09\/formacao_conheca-caracteristicas-de-santa-teresa-de-calcuta-1600x1200-1-840x630-1-e1788442967914.jpg","@id":"https:\/\/www.paulus.com.br\/portal\/santa-teresa-de-calcuta-uma-vida-dedicada-aos-mais-pobres\/#mainImage","width":350,"height":263},"primaryImageOfPage":{"@id":"https:\/\/www.paulus.com.br\/portal\/santa-teresa-de-calcuta-uma-vida-dedicada-aos-mais-pobres\/#mainImage"},"datePublished":"2026-09-05T07:00:25-03:00","dateModified":"2026-09-03T10:44:24-03:00"},{"@type":"WebSite","@id":"https:\/\/www.paulus.com.br\/portal\/#website","url":"https:\/\/www.paulus.com.br\/portal\/","name":"Paulus Editora","description":"Portal Institucional da Paulus Editora, dos padres e irm\u00e3os paulinos (Pia Sociedade de S\u00e3o Paulo) que tem como miss\u00e3o o des\u00edgnio de evangelizar na cultura da comunica\u00e7\u00e3o.","inLanguage":"pt-BR","publisher":{"@id":"https:\/\/www.paulus.com.br\/portal\/#organization"}}]},"og:locale":"pt_BR","og:site_name":"Paulus Editora | Portal Institucional da Paulus Editora, dos padres e irm\u00e3os paulinos (Pia Sociedade de S\u00e3o Paulo) que tem como miss\u00e3o o des\u00edgnio de evangelizar na cultura da comunica\u00e7\u00e3o.","og:type":"article","og:title":"Santa Teresa de Calcut\u00e1: uma vida dedicada aos mais pobres | Paulus Editora","og:url":"https:\/\/www.paulus.com.br\/portal\/santa-teresa-de-calcuta-uma-vida-dedicada-aos-mais-pobres\/","article:published_time":"2026-09-05T10:00:25+00:00","article:modified_time":"2026-09-03T13:44:24+00:00","twitter:card":"summary","twitter:title":"Santa Teresa de Calcut\u00e1: uma vida dedicada aos mais pobres | Paulus Editora"},"aioseo_meta_data":{"post_id":"78543","title":null,"description":null,"keywords":null,"keyphrases":{"focus":{"keyphrase":"","score":0,"analysis":{"keyphraseInTitle":{"score":0,"maxScore":9,"error":1}}},"additional":[]},"primary_term":null,"canonical_url":null,"og_title":null,"og_description":null,"og_object_type":"default","og_image_type":"default","og_image_url":null,"og_image_width":null,"og_image_height":null,"og_image_custom_url":null,"og_image_custom_fields":null,"og_video":"","og_custom_url":null,"og_article_section":null,"og_article_tags":null,"twitter_use_og":false,"twitter_card":"default","twitter_image_type":"default","twitter_image_url":null,"twitter_image_custom_url":null,"twitter_image_custom_fields":null,"twitter_title":null,"twitter_description":null,"schema":{"blockGraphs":[],"customGraphs":[],"default":{"data":{"Article":[],"Course":[],"Dataset":[],"FAQPage":[],"Movie":[],"Person":[],"Product":[],"ProductReview":[],"Car":[],"Recipe":[],"Service":[],"SoftwareApplication":[],"WebPage":[]},"graphName":"Article","isEnabled":true},"graphs":[]},"schema_type":"default","schema_type_options":null,"pillar_content":false,"robots_default":true,"robots_noindex":false,"robots_noarchive":false,"robots_nosnippet":false,"robots_nofollow":false,"robots_noimageindex":false,"robots_noodp":false,"robots_notranslate":false,"robots_max_snippet":"-1","robots_max_videopreview":"-1","robots_max_imagepreview":"large","priority":null,"frequency":"default","location":null,"local_seo":null,"breadcrumb_settings":null,"limit_modified_date":false,"ai":{"faqs":[],"keyPoints":[],"schemas":[],"titles":[],"descriptions":[],"socialPosts":{"email":{"subject":"","preview":"","content":""},"linkedin":[],"twitter":[],"facebook":[],"instagram":[]}},"created":"2026-09-03 13:40:25","updated":"2026-09-05 10:01:29","seo_analyzer_scan_date":null,"focus_keyword":null,"additional_keywords":null,"truseo_locale":null},"aioseo_breadcrumb":"<div class=\"aioseo-breadcrumbs\"><span class=\"aioseo-breadcrumb\">\n\t\t\t<a href=\"https:\/\/www.paulus.com.br\/portal\" title=\"In\u00edcio\">In\u00edcio<\/a>\n\t\t<\/span><span class=\"aioseo-breadcrumb-separator\">&raquo;<\/span><span class=\"aioseo-breadcrumb\">\n\t\t\t<a href=\"https:\/\/www.paulus.com.br\/portal\/canal\/noticias\/\" title=\"Not\u00edcias\">Not\u00edcias<\/a>\n\t\t<\/span><span class=\"aioseo-breadcrumb-separator\">&raquo;<\/span><span class=\"aioseo-breadcrumb\">\n\t\t\tSanta Teresa de Calcut\u00e1: uma vida dedicada aos mais pobres\n\t\t<\/span><\/div>","aioseo_breadcrumb_json":[{"label":"In\u00edcio","link":"https:\/\/www.paulus.com.br\/portal"},{"label":"Not\u00edcias","link":"https:\/\/www.paulus.com.br\/portal\/canal\/noticias\/"},{"label":"Santa Teresa de Calcut\u00e1: uma vida dedicada aos mais pobres","link":"https:\/\/www.paulus.com.br\/portal\/santa-teresa-de-calcuta-uma-vida-dedicada-aos-mais-pobres\/"}],"_links":{"self":[{"href":"https:\/\/www.paulus.com.br\/portal\/wp-json\/wp\/v2\/posts\/78543","targetHints":{"allow":["GET"]}}],"collection":[{"href":"https:\/\/www.paulus.com.br\/portal\/wp-json\/wp\/v2\/posts"}],"about":[{"href":"https:\/\/www.paulus.com.br\/portal\/wp-json\/wp\/v2\/types\/post"}],"author":[{"embeddable":true,"href":"https:\/\/www.paulus.com.br\/portal\/wp-json\/wp\/v2\/users\/73"}],"replies":[{"embeddable":true,"href":"https:\/\/www.paulus.com.br\/portal\/wp-json\/wp\/v2\/comments?post=78543"}],"version-history":[{"count":1,"href":"https:\/\/www.paulus.com.br\/portal\/wp-json\/wp\/v2\/posts\/78543\/revisions"}],"predecessor-version":[{"id":78548,"href":"https:\/\/www.paulus.com.br\/portal\/wp-json\/wp\/v2\/posts\/78543\/revisions\/78548"}],"wp:featuredmedia":[{"embeddable":true,"href":"https:\/\/www.paulus.com.br\/portal\/wp-json\/wp\/v2\/media\/78545"}],"wp:attachment":[{"href":"https:\/\/www.paulus.com.br\/portal\/wp-json\/wp\/v2\/media?parent=78543"}],"wp:term":[{"taxonomy":"category","embeddable":true,"href":"https:\/\/www.paulus.com.br\/portal\/wp-json\/wp\/v2\/categories?post=78543"},{"taxonomy":"post_tag","embeddable":true,"href":"https:\/\/www.paulus.com.br\/portal\/wp-json\/wp\/v2\/tags?post=78543"}],"curies":[{"name":"wp","href":"https:\/\/api.w.org\/{rel}","templated":true}]}}