{"id":78532,"date":"2026-09-03T10:33:36","date_gmt":"2026-09-03T13:33:36","guid":{"rendered":"https:\/\/www.paulus.com.br\/portal\/?p=78532"},"modified":"2026-09-03T10:33:36","modified_gmt":"2026-09-03T13:33:36","slug":"paulus-social-promove-seminario-sobre-protecao-e-direitos-da-pessoa-idosa","status":"publish","type":"post","link":"https:\/\/www.paulus.com.br\/portal\/paulus-social-promove-seminario-sobre-protecao-e-direitos-da-pessoa-idosa\/","title":{"rendered":"PAULUS Social promove Semin\u00e1rio sobre Prote\u00e7\u00e3o e Direitos da Pessoa Idosa"},"content":{"rendered":"<p><img loading=\"lazy\" decoding=\"async\" class=\"aligncenter wp-image-78533 \" src=\"https:\/\/www.paulus.com.br\/portal\/wp-content\/uploads\/2026\/09\/IMG_2383-scaled.jpg\" alt=\"\" width=\"942\" height=\"628\" srcset=\"https:\/\/www.paulus.com.br\/portal\/wp-content\/uploads\/2026\/09\/IMG_2383-scaled.jpg 2560w, https:\/\/www.paulus.com.br\/portal\/wp-content\/uploads\/2026\/09\/IMG_2383-300x200.jpg 300w, https:\/\/www.paulus.com.br\/portal\/wp-content\/uploads\/2026\/09\/IMG_2383-1024x683.jpg 1024w, https:\/\/www.paulus.com.br\/portal\/wp-content\/uploads\/2026\/09\/IMG_2383-768x512.jpg 768w, https:\/\/www.paulus.com.br\/portal\/wp-content\/uploads\/2026\/09\/IMG_2383-1536x1024.jpg 1536w, https:\/\/www.paulus.com.br\/portal\/wp-content\/uploads\/2026\/09\/IMG_2383-2048x1365.jpg 2048w, https:\/\/www.paulus.com.br\/portal\/wp-content\/uploads\/2026\/09\/IMG_2383-120x80.jpg 120w, https:\/\/www.paulus.com.br\/portal\/wp-content\/uploads\/2026\/09\/IMG_2383-90x60.jpg 90w, https:\/\/www.paulus.com.br\/portal\/wp-content\/uploads\/2026\/09\/IMG_2383-180x120.jpg 180w\" sizes=\"auto, (max-width: 942px) 100vw, 942px\" \/><\/p>\n<p><span style=\"font-weight: 400;\">A PAULUS Social realizou, na manh\u00e3 desta quarta-feira (2), o semin\u00e1rio <\/span><strong><i>Desafios e caminhos para uma prote\u00e7\u00e3o social que assegure direitos, v\u00ednculos e dignidade \u00e0 pessoa idosa<\/i><\/strong><span style=\"font-weight: 400;\">. O evento aconteceu na Faculdade PAULUS de Comunica\u00e7\u00e3o (FAPCOM), no bairro da Vila Mariana, em S\u00e3o Paulo, e reuniu usu\u00e1rios, trabalhadores e gestores do Sistema \u00danico de Assist\u00eancia Social (SUAS).<\/span><\/p>\n<p><span style=\"font-weight: 400;\">Mais do que debater os desafios atuais, o encontro buscou<strong> fortalecer o compromisso coletivo com a constru\u00e7\u00e3o de uma sociedade que reconhe\u00e7a a pessoa idosa como sujeito pleno de direitos<\/strong>. A programa\u00e7\u00e3o destacou a import\u00e2ncia de garantir condi\u00e7\u00f5es fundamentais para um envelhecimento pautado pela dignidade, pela prote\u00e7\u00e3o integral e pela efetiva participa\u00e7\u00e3o social.<\/span><\/p>\n<p><b>Vozes em defesa do envelhecimento com dignidade\u00a0<\/b><\/p>\n<p><span style=\"font-weight: 400;\">Entre os principais destaques do semin\u00e1rio, estiveram a Deputada Federal Luiza Erundina e o padre J\u00falio Lancellotti.<\/span><\/p>\n<p><span style=\"font-weight: 400;\">Para o sacerdote da Arquidiocese de S\u00e3o Paulo, que atua diretamente na defesa da dignidade humana da popula\u00e7\u00e3o em situa\u00e7\u00e3o de rua, discutir a qualidade do envelhecimento \u00e9 uma pauta \u201cimportante, palpitante e inquietante\u201d. O religioso ressaltou que as pessoas em situa\u00e7\u00e3o de rua sofrem de forma ainda mais intensa com a vulnerabilidade e a falta de garantia de direitos ao envelhecer.<\/span><\/p>\n<p><span style=\"font-weight: 400;\">J\u00e1 Luiza Erundina falou aos participantes sobre a beleza do processo de envelhecimento, definindo-o como um \u201cprivil\u00e9gio de ter uma vida longa\u201d.<\/span><\/p>\n<p><a href=\"https:\/\/www.paulus.com.br\/assistencia-social\/?utm_source=google&amp;utm_medium=cpc&amp;utm_campaign=campanhadafraternidade&amp;gad_source=1&amp;gad_campaignid=9940665325&amp;gbraid=0AAAAACa1DtdZyhpvNOwCzpNBfOEv-76cv&amp;gclid=Cj0KCQjwteTUBhD4ARIsAEYjs3r2NcGB3GrUrr1b0rGwkvMRgu0wBBPaSU2d9ZeXotEDaeFwpIDmHuoaAlLxEALw_wcB\" target=\"_blank\" rel=\"noopener\"><span style=\"color: #800000;\"><strong>Conhe\u00e7a a PAULUS Social<\/strong><\/span><\/a><\/p>\n<p><b>Protagonismo e express\u00e3o cultural\u00a0<\/b><\/p>\n<p><span style=\"font-weight: 400;\">O encontro buscou real\u00e7ar, ainda, o protagonismo da terceira idade. Ao longo da programa\u00e7\u00e3o, os atendidos pela Sociedade B\u00edblica do Brasil e dos Centros PAULUS de Conviv\u00eancia da Vila Mariana e Cotia, realizaram apresenta\u00e7\u00f5es culturais que encantaram.\u00a0<\/span><\/p>\n<h3><b>Articula\u00e7\u00e3o de rede e autoridades presentes<\/b><\/h3>\n<p><span style=\"font-weight: 400;\">O semin\u00e1rio tamb\u00e9m se consolidou como um importante espa\u00e7o de di\u00e1logo intersetorial, reunindo lideran\u00e7as religiosas, gestores p\u00fablicos e representantes de conselhos municipais e estaduais. Entre os presentes estavam:<\/span><\/p>\n<ul>\n<li style=\"font-weight: 400;\" aria-level=\"1\"><span style=\"font-weight: 400;\">Padre S\u00edlvio Ribas, Diretor Geral da PAULUS;<\/span><\/li>\n<li style=\"font-weight: 400;\" aria-level=\"1\"><span style=\"font-weight: 400;\">Regis Aparecido Andrade Sp\u00edndola, Diretor do Departamento de Prote\u00e7\u00e3o Social Especial da Secretaria Nacional de Assist\u00eancia Social do Minist\u00e9rio do Desenvolvimento e Assist\u00eancia Social, Fam\u00edlia e Combate \u00e0 Fome;<\/span><\/li>\n<li style=\"font-weight: 400;\" aria-level=\"1\"><span style=\"font-weight: 400;\">Emilene Ara\u00fajo, Diretora da \u00c1rea Social da Sociedade B\u00edblica do Brasil;<\/span><\/li>\n<li style=\"font-weight: 400;\" aria-level=\"1\"><span style=\"font-weight: 400;\">Refferson Lima Silva, Presidente do Conselho Municipal de Assist\u00eancia Social de S\u00e3o Paulo;<\/span><\/li>\n<li style=\"font-weight: 400;\" aria-level=\"1\"><span style=\"font-weight: 400;\">Kelen Garcia, Presidente do Conselho Municipal de Assist\u00eancia Social de Cotia;<\/span><\/li>\n<li style=\"font-weight: 400;\" aria-level=\"1\"><span style=\"font-weight: 400;\">Regina Paix\u00e3o, Presidente do Conselho Estadual de Assist\u00eancia Social de S\u00e3o Paulo;<\/span><\/li>\n<li style=\"font-weight: 400;\" aria-level=\"1\"><span style=\"font-weight: 400;\">Arthur Xavier, Representante do Conselho Municipal de Direitos da Pessoa Idosa de S\u00e3o Paulo;<\/span><\/li>\n<li style=\"font-weight: 400;\" aria-level=\"1\"><span style=\"font-weight: 400;\">Iraci da Silva Melo, Usu\u00e1ria do Centro PAULUS de Conviv\u00eancia;<\/span><\/li>\n<li style=\"font-weight: 400;\" aria-level=\"1\"><span style=\"font-weight: 400;\">Mariza Ferraresi, Usu\u00e1ria da Assist\u00eancia Social Santo Ant\u00f4nio;<\/span><\/li>\n<li style=\"font-weight: 400;\" aria-level=\"1\"><span style=\"font-weight: 400;\">Aida Barbosa Pessoa, Usu\u00e1ria da Sociedade B\u00edblica do Brasil.<\/span><\/li>\n<\/ul>\n<p><a href=\"https:\/\/we.tl\/a-tTZV8HCUmQtFBppj\" target=\"_blank\" rel=\"noopener\"><strong>Acesse a galeria de fotos<\/strong><\/a><\/p>\n\n\t\t<style>\n\t\t\t#gallery-1 {\n\t\t\t\tmargin: auto;\n\t\t\t}\n\t\t\t#gallery-1 .gallery-item {\n\t\t\t\tfloat: left;\n\t\t\t\tmargin-top: 10px;\n\t\t\t\ttext-align: center;\n\t\t\t\twidth: 50%;\n\t\t\t}\n\t\t\t#gallery-1 img {\n\t\t\t\tborder: 2px solid #cfcfcf;\n\t\t\t}\n\t\t\t#gallery-1 .gallery-caption {\n\t\t\t\tmargin-left: 0;\n\t\t\t}\n\t\t\t\/* see gallery_shortcode() in wp-includes\/media.php *\/\n\t\t<\/style>\n\t\t<div id='gallery-1' class='gallery galleryid-78532 gallery-columns-2 gallery-size-full'><dl class='gallery-item'>\n\t\t\t<dt class='gallery-icon landscape'>\n\t\t\t\t<img loading=\"lazy\" decoding=\"async\" width=\"2560\" height=\"1707\" src=\"https:\/\/www.paulus.com.br\/portal\/wp-content\/uploads\/2026\/09\/IMG_1917-scaled.jpg\" class=\"attachment-full size-full\" alt=\"\" srcset=\"https:\/\/www.paulus.com.br\/portal\/wp-content\/uploads\/2026\/09\/IMG_1917-scaled.jpg 2560w, https:\/\/www.paulus.com.br\/portal\/wp-content\/uploads\/2026\/09\/IMG_1917-300x200.jpg 300w, https:\/\/www.paulus.com.br\/portal\/wp-content\/uploads\/2026\/09\/IMG_1917-1024x683.jpg 1024w, https:\/\/www.paulus.com.br\/portal\/wp-content\/uploads\/2026\/09\/IMG_1917-768x512.jpg 768w, https:\/\/www.paulus.com.br\/portal\/wp-content\/uploads\/2026\/09\/IMG_1917-1536x1024.jpg 1536w, https:\/\/www.paulus.com.br\/portal\/wp-content\/uploads\/2026\/09\/IMG_1917-2048x1365.jpg 2048w, https:\/\/www.paulus.com.br\/portal\/wp-content\/uploads\/2026\/09\/IMG_1917-120x80.jpg 120w, https:\/\/www.paulus.com.br\/portal\/wp-content\/uploads\/2026\/09\/IMG_1917-90x60.jpg 90w, https:\/\/www.paulus.com.br\/portal\/wp-content\/uploads\/2026\/09\/IMG_1917-180x120.jpg 180w\" sizes=\"auto, (max-width: 2560px) 100vw, 2560px\" \/>\n\t\t\t<\/dt><\/dl><dl class='gallery-item'>\n\t\t\t<dt class='gallery-icon landscape'>\n\t\t\t\t<img loading=\"lazy\" decoding=\"async\" width=\"2560\" height=\"1707\" src=\"https:\/\/www.paulus.com.br\/portal\/wp-content\/uploads\/2026\/09\/IMG_2295-scaled.jpg\" class=\"attachment-full size-full\" alt=\"\" srcset=\"https:\/\/www.paulus.com.br\/portal\/wp-content\/uploads\/2026\/09\/IMG_2295-scaled.jpg 2560w, https:\/\/www.paulus.com.br\/portal\/wp-content\/uploads\/2026\/09\/IMG_2295-300x200.jpg 300w, https:\/\/www.paulus.com.br\/portal\/wp-content\/uploads\/2026\/09\/IMG_2295-1024x683.jpg 1024w, https:\/\/www.paulus.com.br\/portal\/wp-content\/uploads\/2026\/09\/IMG_2295-768x512.jpg 768w, https:\/\/www.paulus.com.br\/portal\/wp-content\/uploads\/2026\/09\/IMG_2295-1536x1024.jpg 1536w, https:\/\/www.paulus.com.br\/portal\/wp-content\/uploads\/2026\/09\/IMG_2295-2048x1365.jpg 2048w, https:\/\/www.paulus.com.br\/portal\/wp-content\/uploads\/2026\/09\/IMG_2295-120x80.jpg 120w, https:\/\/www.paulus.com.br\/portal\/wp-content\/uploads\/2026\/09\/IMG_2295-90x60.jpg 90w, https:\/\/www.paulus.com.br\/portal\/wp-content\/uploads\/2026\/09\/IMG_2295-180x120.jpg 180w\" sizes=\"auto, (max-width: 2560px) 100vw, 2560px\" \/>\n\t\t\t<\/dt><\/dl><br style=\"clear: both\" \/><dl class='gallery-item'>\n\t\t\t<dt class='gallery-icon landscape'>\n\t\t\t\t<img loading=\"lazy\" decoding=\"async\" width=\"2560\" height=\"1707\" src=\"https:\/\/www.paulus.com.br\/portal\/wp-content\/uploads\/2026\/09\/IMG_2356-scaled.jpg\" class=\"attachment-full size-full\" alt=\"\" srcset=\"https:\/\/www.paulus.com.br\/portal\/wp-content\/uploads\/2026\/09\/IMG_2356-scaled.jpg 2560w, https:\/\/www.paulus.com.br\/portal\/wp-content\/uploads\/2026\/09\/IMG_2356-300x200.jpg 300w, https:\/\/www.paulus.com.br\/portal\/wp-content\/uploads\/2026\/09\/IMG_2356-1024x683.jpg 1024w, https:\/\/www.paulus.com.br\/portal\/wp-content\/uploads\/2026\/09\/IMG_2356-768x512.jpg 768w, https:\/\/www.paulus.com.br\/portal\/wp-content\/uploads\/2026\/09\/IMG_2356-1536x1024.jpg 1536w, https:\/\/www.paulus.com.br\/portal\/wp-content\/uploads\/2026\/09\/IMG_2356-2048x1365.jpg 2048w, https:\/\/www.paulus.com.br\/portal\/wp-content\/uploads\/2026\/09\/IMG_2356-120x80.jpg 120w, https:\/\/www.paulus.com.br\/portal\/wp-content\/uploads\/2026\/09\/IMG_2356-90x60.jpg 90w, https:\/\/www.paulus.com.br\/portal\/wp-content\/uploads\/2026\/09\/IMG_2356-180x120.jpg 180w\" sizes=\"auto, (max-width: 2560px) 100vw, 2560px\" \/>\n\t\t\t<\/dt><\/dl><dl class='gallery-item'>\n\t\t\t<dt class='gallery-icon landscape'>\n\t\t\t\t<img loading=\"lazy\" decoding=\"async\" width=\"2560\" height=\"1707\" src=\"https:\/\/www.paulus.com.br\/portal\/wp-content\/uploads\/2026\/09\/IMG_2383-1-scaled.jpg\" class=\"attachment-full size-full\" alt=\"\" srcset=\"https:\/\/www.paulus.com.br\/portal\/wp-content\/uploads\/2026\/09\/IMG_2383-1-scaled.jpg 2560w, https:\/\/www.paulus.com.br\/portal\/wp-content\/uploads\/2026\/09\/IMG_2383-1-300x200.jpg 300w, https:\/\/www.paulus.com.br\/portal\/wp-content\/uploads\/2026\/09\/IMG_2383-1-1024x683.jpg 1024w, https:\/\/www.paulus.com.br\/portal\/wp-content\/uploads\/2026\/09\/IMG_2383-1-768x512.jpg 768w, https:\/\/www.paulus.com.br\/portal\/wp-content\/uploads\/2026\/09\/IMG_2383-1-1536x1024.jpg 1536w, https:\/\/www.paulus.com.br\/portal\/wp-content\/uploads\/2026\/09\/IMG_2383-1-2048x1365.jpg 2048w, https:\/\/www.paulus.com.br\/portal\/wp-content\/uploads\/2026\/09\/IMG_2383-1-120x80.jpg 120w, https:\/\/www.paulus.com.br\/portal\/wp-content\/uploads\/2026\/09\/IMG_2383-1-90x60.jpg 90w, https:\/\/www.paulus.com.br\/portal\/wp-content\/uploads\/2026\/09\/IMG_2383-1-180x120.jpg 180w\" sizes=\"auto, (max-width: 2560px) 100vw, 2560px\" \/>\n\t\t\t<\/dt><\/dl><br style=\"clear: both\" \/><dl class='gallery-item'>\n\t\t\t<dt class='gallery-icon landscape'>\n\t\t\t\t<img loading=\"lazy\" decoding=\"async\" width=\"2560\" height=\"1707\" src=\"https:\/\/www.paulus.com.br\/portal\/wp-content\/uploads\/2026\/09\/IMG_2393-scaled.jpg\" class=\"attachment-full size-full\" alt=\"\" srcset=\"https:\/\/www.paulus.com.br\/portal\/wp-content\/uploads\/2026\/09\/IMG_2393-scaled.jpg 2560w, https:\/\/www.paulus.com.br\/portal\/wp-content\/uploads\/2026\/09\/IMG_2393-300x200.jpg 300w, https:\/\/www.paulus.com.br\/portal\/wp-content\/uploads\/2026\/09\/IMG_2393-1024x683.jpg 1024w, https:\/\/www.paulus.com.br\/portal\/wp-content\/uploads\/2026\/09\/IMG_2393-768x512.jpg 768w, https:\/\/www.paulus.com.br\/portal\/wp-content\/uploads\/2026\/09\/IMG_2393-1536x1024.jpg 1536w, https:\/\/www.paulus.com.br\/portal\/wp-content\/uploads\/2026\/09\/IMG_2393-2048x1365.jpg 2048w, https:\/\/www.paulus.com.br\/portal\/wp-content\/uploads\/2026\/09\/IMG_2393-120x80.jpg 120w, https:\/\/www.paulus.com.br\/portal\/wp-content\/uploads\/2026\/09\/IMG_2393-90x60.jpg 90w, https:\/\/www.paulus.com.br\/portal\/wp-content\/uploads\/2026\/09\/IMG_2393-180x120.jpg 180w\" sizes=\"auto, (max-width: 2560px) 100vw, 2560px\" \/>\n\t\t\t<\/dt><\/dl><dl class='gallery-item'>\n\t\t\t<dt class='gallery-icon landscape'>\n\t\t\t\t<img loading=\"lazy\" decoding=\"async\" width=\"2560\" height=\"1707\" src=\"https:\/\/www.paulus.com.br\/portal\/wp-content\/uploads\/2026\/09\/IMG_2396-scaled.jpg\" class=\"attachment-full size-full\" alt=\"\" srcset=\"https:\/\/www.paulus.com.br\/portal\/wp-content\/uploads\/2026\/09\/IMG_2396-scaled.jpg 2560w, https:\/\/www.paulus.com.br\/portal\/wp-content\/uploads\/2026\/09\/IMG_2396-300x200.jpg 300w, https:\/\/www.paulus.com.br\/portal\/wp-content\/uploads\/2026\/09\/IMG_2396-1024x683.jpg 1024w, https:\/\/www.paulus.com.br\/portal\/wp-content\/uploads\/2026\/09\/IMG_2396-768x512.jpg 768w, https:\/\/www.paulus.com.br\/portal\/wp-content\/uploads\/2026\/09\/IMG_2396-1536x1024.jpg 1536w, https:\/\/www.paulus.com.br\/portal\/wp-content\/uploads\/2026\/09\/IMG_2396-2048x1365.jpg 2048w, https:\/\/www.paulus.com.br\/portal\/wp-content\/uploads\/2026\/09\/IMG_2396-120x80.jpg 120w, https:\/\/www.paulus.com.br\/portal\/wp-content\/uploads\/2026\/09\/IMG_2396-90x60.jpg 90w, https:\/\/www.paulus.com.br\/portal\/wp-content\/uploads\/2026\/09\/IMG_2396-180x120.jpg 180w\" sizes=\"auto, (max-width: 2560px) 100vw, 2560px\" \/>\n\t\t\t<\/dt><\/dl><br style=\"clear: both\" \/>\n\t\t<\/div>\n\n","protected":false},"excerpt":{"rendered":"<p>A PAULUS Social realizou, na manh\u00e3 desta quarta-feira (2), o semin\u00e1rio Desafios e caminhos para uma prote\u00e7\u00e3o social que assegure direitos, v\u00ednculos e dignidade \u00e0 pessoa idosa. O evento aconteceu na Faculdade PAULUS de Comunica\u00e7\u00e3o (FAPCOM), no bairro da Vila Mariana, em S\u00e3o Paulo, e reuniu usu\u00e1rios, trabalhadores e gestores do Sistema \u00danico de Assist\u00eancia [&hellip;]<\/p>\n","protected":false},"author":54,"featured_media":78541,"comment_status":"open","ping_status":"open","sticky":false,"template":"","format":"standard","meta":{"_acf_changed":false,"footnotes":""},"categories":[15],"tags":[],"class_list":["post-78532","post","type-post","status-publish","format-standard","has-post-thumbnail","hentry","category-noticias"],"acf":[],"aioseo_notices":[],"aioseo_head":"\n\t\t<!-- All in One SEO 5.0.1.1 - aioseo.com -->\n\t<meta name=\"description\" content=\"O semin\u00e1rio desafios e caminhos para uma prote\u00e7\u00e3o da pessoa idosa reuniu usu\u00e1rios, trabalhadores e gestores do SUAS\" \/>\n\t<meta name=\"robots\" content=\"max-image-preview:large\" \/>\n\t<meta name=\"author\" content=\"Jennifer Silva\"\/>\n\t<link rel=\"canonical\" href=\"https:\/\/www.paulus.com.br\/portal\/paulus-social-promove-seminario-sobre-protecao-e-direitos-da-pessoa-idosa\/\" \/>\n\t<meta name=\"generator\" content=\"All in One SEO (AIOSEO) 5.0.1.1\" \/>\n\t\t<meta property=\"og:locale\" content=\"pt_BR\" \/>\n\t\t<meta property=\"og:site_name\" content=\"Paulus Editora | Portal Institucional da Paulus Editora, dos padres e irm\u00e3os paulinos (Pia Sociedade de S\u00e3o Paulo) que tem como miss\u00e3o o des\u00edgnio de evangelizar na cultura da comunica\u00e7\u00e3o.\" \/>\n\t\t<meta property=\"og:type\" content=\"article\" \/>\n\t\t<meta property=\"og:title\" content=\"PAULUS Social realiza encontro sobre Prote\u00e7\u00e3o da Pessoa Idosa\" \/>\n\t\t<meta property=\"og:description\" content=\"O semin\u00e1rio desafios e caminhos para uma prote\u00e7\u00e3o da pessoa idosa reuniu usu\u00e1rios, trabalhadores e gestores do SUAS\" \/>\n\t\t<meta property=\"og:url\" content=\"https:\/\/www.paulus.com.br\/portal\/paulus-social-promove-seminario-sobre-protecao-e-direitos-da-pessoa-idosa\/\" \/>\n\t\t<meta property=\"article:published_time\" content=\"2026-09-03T13:33:36+00:00\" \/>\n\t\t<meta property=\"article:modified_time\" content=\"2026-09-03T13:33:36+00:00\" \/>\n\t\t<meta name=\"twitter:card\" content=\"summary\" \/>\n\t\t<meta name=\"twitter:title\" content=\"PAULUS Social realiza encontro sobre Prote\u00e7\u00e3o da Pessoa Idosa\" \/>\n\t\t<meta name=\"twitter:description\" content=\"O semin\u00e1rio desafios e caminhos para uma prote\u00e7\u00e3o da pessoa idosa reuniu usu\u00e1rios, trabalhadores e gestores do SUAS\" \/>\n\t\t<script type=\"application\/ld+json\" class=\"aioseo-schema\">\n\t\t\t{\"@context\":\"https:\\\/\\\/schema.org\",\"@graph\":[{\"@type\":\"Article\",\"@id\":\"https:\\\/\\\/www.paulus.com.br\\\/portal\\\/paulus-social-promove-seminario-sobre-protecao-e-direitos-da-pessoa-idosa\\\/#article\",\"name\":\"PAULUS Social realiza encontro sobre Prote\\u00e7\\u00e3o da Pessoa Idosa\",\"headline\":\"PAULUS Social promove Semin\\u00e1rio sobre Prote\\u00e7\\u00e3o e Direitos da Pessoa Idosa\",\"author\":{\"@id\":\"https:\\\/\\\/www.paulus.com.br\\\/portal\\\/author\\\/jenniffers\\\/#author\"},\"publisher\":{\"@id\":\"https:\\\/\\\/www.paulus.com.br\\\/portal\\\/#organization\"},\"image\":{\"@type\":\"ImageObject\",\"url\":\"https:\\\/\\\/www.paulus.com.br\\\/portal\\\/wp-content\\\/uploads\\\/2026\\\/09\\\/IMG_2383-2-scaled-e1788442406932.jpg\",\"width\":350,\"height\":196},\"datePublished\":\"2026-09-03T10:33:36-03:00\",\"dateModified\":\"2026-09-03T10:33:36-03:00\",\"inLanguage\":\"pt-BR\",\"mainEntityOfPage\":{\"@id\":\"https:\\\/\\\/www.paulus.com.br\\\/portal\\\/paulus-social-promove-seminario-sobre-protecao-e-direitos-da-pessoa-idosa\\\/#webpage\"},\"isPartOf\":{\"@id\":\"https:\\\/\\\/www.paulus.com.br\\\/portal\\\/paulus-social-promove-seminario-sobre-protecao-e-direitos-da-pessoa-idosa\\\/#webpage\"},\"articleSection\":\"Not\\u00edcias\"},{\"@type\":\"BreadcrumbList\",\"@id\":\"https:\\\/\\\/www.paulus.com.br\\\/portal\\\/paulus-social-promove-seminario-sobre-protecao-e-direitos-da-pessoa-idosa\\\/#breadcrumblist\",\"itemListElement\":[{\"@type\":\"ListItem\",\"@id\":\"https:\\\/\\\/www.paulus.com.br\\\/portal#listItem\",\"position\":1,\"name\":\"In\\u00edcio\",\"item\":\"https:\\\/\\\/www.paulus.com.br\\\/portal\",\"nextItem\":{\"@type\":\"ListItem\",\"@id\":\"https:\\\/\\\/www.paulus.com.br\\\/portal\\\/canal\\\/noticias\\\/#listItem\",\"name\":\"Not\\u00edcias\"}},{\"@type\":\"ListItem\",\"@id\":\"https:\\\/\\\/www.paulus.com.br\\\/portal\\\/canal\\\/noticias\\\/#listItem\",\"position\":2,\"name\":\"Not\\u00edcias\",\"item\":\"https:\\\/\\\/www.paulus.com.br\\\/portal\\\/canal\\\/noticias\\\/\",\"nextItem\":{\"@type\":\"ListItem\",\"@id\":\"https:\\\/\\\/www.paulus.com.br\\\/portal\\\/paulus-social-promove-seminario-sobre-protecao-e-direitos-da-pessoa-idosa\\\/#listItem\",\"name\":\"PAULUS Social promove Semin\\u00e1rio sobre Prote\\u00e7\\u00e3o e Direitos da Pessoa Idosa\"},\"previousItem\":{\"@type\":\"ListItem\",\"@id\":\"https:\\\/\\\/www.paulus.com.br\\\/portal#listItem\",\"name\":\"In\\u00edcio\"}},{\"@type\":\"ListItem\",\"@id\":\"https:\\\/\\\/www.paulus.com.br\\\/portal\\\/paulus-social-promove-seminario-sobre-protecao-e-direitos-da-pessoa-idosa\\\/#listItem\",\"position\":3,\"name\":\"PAULUS Social promove Semin\\u00e1rio sobre Prote\\u00e7\\u00e3o e Direitos da Pessoa Idosa\",\"previousItem\":{\"@type\":\"ListItem\",\"@id\":\"https:\\\/\\\/www.paulus.com.br\\\/portal\\\/canal\\\/noticias\\\/#listItem\",\"name\":\"Not\\u00edcias\"}}]},{\"@type\":\"Organization\",\"@id\":\"https:\\\/\\\/www.paulus.com.br\\\/portal\\\/#organization\",\"name\":\"Editora PAULUS\",\"description\":\"Portal Institucional da Paulus Editora, dos padres e irm\\u00e3os paulinos (Pia Sociedade de S\\u00e3o Paulo) que tem como miss\\u00e3o o des\\u00edgnio de evangelizar na cultura da comunica\\u00e7\\u00e3o.\",\"url\":\"https:\\\/\\\/www.paulus.com.br\\\/portal\\\/\",\"logo\":{\"@type\":\"ImageObject\",\"url\":\"https:\\\/\\\/www.paulus.com.br\\\/portal\\\/wp-content\\\/themes\\\/paulus-portal\\\/images\\\/logo_vertical.jpg\",\"@id\":\"https:\\\/\\\/www.paulus.com.br\\\/portal\\\/paulus-social-promove-seminario-sobre-protecao-e-direitos-da-pessoa-idosa\\\/#organizationLogo\"},\"image\":{\"@id\":\"https:\\\/\\\/www.paulus.com.br\\\/portal\\\/paulus-social-promove-seminario-sobre-protecao-e-direitos-da-pessoa-idosa\\\/#organizationLogo\"}},{\"@type\":\"Person\",\"@id\":\"https:\\\/\\\/www.paulus.com.br\\\/portal\\\/author\\\/jenniffers\\\/#author\",\"url\":\"https:\\\/\\\/www.paulus.com.br\\\/portal\\\/author\\\/jenniffers\\\/\",\"name\":\"Jennifer Silva\",\"image\":{\"@type\":\"ImageObject\",\"@id\":\"https:\\\/\\\/www.paulus.com.br\\\/portal\\\/paulus-social-promove-seminario-sobre-protecao-e-direitos-da-pessoa-idosa\\\/#authorImage\",\"url\":\"https:\\\/\\\/secure.gravatar.com\\\/avatar\\\/587cf26f6d273ce5222920a3e18889ab1c63a63ba6e6612d62334dabd76445f7?s=96&d=mm&r=g\",\"width\":96,\"height\":96,\"caption\":\"Jennifer Silva\"}},{\"@type\":\"WebPage\",\"@id\":\"https:\\\/\\\/www.paulus.com.br\\\/portal\\\/paulus-social-promove-seminario-sobre-protecao-e-direitos-da-pessoa-idosa\\\/#webpage\",\"url\":\"https:\\\/\\\/www.paulus.com.br\\\/portal\\\/paulus-social-promove-seminario-sobre-protecao-e-direitos-da-pessoa-idosa\\\/\",\"name\":\"PAULUS Social realiza encontro sobre Prote\\u00e7\\u00e3o da Pessoa Idosa\",\"description\":\"O semin\\u00e1rio desafios e caminhos para uma prote\\u00e7\\u00e3o da pessoa idosa reuniu usu\\u00e1rios, trabalhadores e gestores do SUAS\",\"inLanguage\":\"pt-BR\",\"isPartOf\":{\"@id\":\"https:\\\/\\\/www.paulus.com.br\\\/portal\\\/#website\"},\"breadcrumb\":{\"@id\":\"https:\\\/\\\/www.paulus.com.br\\\/portal\\\/paulus-social-promove-seminario-sobre-protecao-e-direitos-da-pessoa-idosa\\\/#breadcrumblist\"},\"author\":{\"@id\":\"https:\\\/\\\/www.paulus.com.br\\\/portal\\\/author\\\/jenniffers\\\/#author\"},\"creator\":{\"@id\":\"https:\\\/\\\/www.paulus.com.br\\\/portal\\\/author\\\/jenniffers\\\/#author\"},\"image\":{\"@type\":\"ImageObject\",\"url\":\"https:\\\/\\\/www.paulus.com.br\\\/portal\\\/wp-content\\\/uploads\\\/2026\\\/09\\\/IMG_2383-2-scaled-e1788442406932.jpg\",\"@id\":\"https:\\\/\\\/www.paulus.com.br\\\/portal\\\/paulus-social-promove-seminario-sobre-protecao-e-direitos-da-pessoa-idosa\\\/#mainImage\",\"width\":350,\"height\":196},\"primaryImageOfPage\":{\"@id\":\"https:\\\/\\\/www.paulus.com.br\\\/portal\\\/paulus-social-promove-seminario-sobre-protecao-e-direitos-da-pessoa-idosa\\\/#mainImage\"},\"datePublished\":\"2026-09-03T10:33:36-03:00\",\"dateModified\":\"2026-09-03T10:33:36-03:00\"},{\"@type\":\"WebSite\",\"@id\":\"https:\\\/\\\/www.paulus.com.br\\\/portal\\\/#website\",\"url\":\"https:\\\/\\\/www.paulus.com.br\\\/portal\\\/\",\"name\":\"Paulus Editora\",\"description\":\"Portal Institucional da Paulus Editora, dos padres e irm\\u00e3os paulinos (Pia Sociedade de S\\u00e3o Paulo) que tem como miss\\u00e3o o des\\u00edgnio de evangelizar na cultura da comunica\\u00e7\\u00e3o.\",\"inLanguage\":\"pt-BR\",\"publisher\":{\"@id\":\"https:\\\/\\\/www.paulus.com.br\\\/portal\\\/#organization\"}}]}\n\t\t<\/script>\n\t\t<!-- All in One SEO -->\n\n","aioseo_head_json":{"title":"PAULUS Social realiza encontro sobre Prote\u00e7\u00e3o da Pessoa Idosa","description":"O semin\u00e1rio desafios e caminhos para uma prote\u00e7\u00e3o da pessoa idosa reuniu usu\u00e1rios, trabalhadores e gestores do SUAS","canonical_url":"https:\/\/www.paulus.com.br\/portal\/paulus-social-promove-seminario-sobre-protecao-e-direitos-da-pessoa-idosa\/","robots":"max-image-preview:large","keywords":"","webmasterTools":{"miscellaneous":""},"schema":{"@context":"https:\/\/schema.org","@graph":[{"@type":"Article","@id":"https:\/\/www.paulus.com.br\/portal\/paulus-social-promove-seminario-sobre-protecao-e-direitos-da-pessoa-idosa\/#article","name":"PAULUS Social realiza encontro sobre Prote\u00e7\u00e3o da Pessoa Idosa","headline":"PAULUS Social promove Semin\u00e1rio sobre Prote\u00e7\u00e3o e Direitos da Pessoa Idosa","author":{"@id":"https:\/\/www.paulus.com.br\/portal\/author\/jenniffers\/#author"},"publisher":{"@id":"https:\/\/www.paulus.com.br\/portal\/#organization"},"image":{"@type":"ImageObject","url":"https:\/\/www.paulus.com.br\/portal\/wp-content\/uploads\/2026\/09\/IMG_2383-2-scaled-e1788442406932.jpg","width":350,"height":196},"datePublished":"2026-09-03T10:33:36-03:00","dateModified":"2026-09-03T10:33:36-03:00","inLanguage":"pt-BR","mainEntityOfPage":{"@id":"https:\/\/www.paulus.com.br\/portal\/paulus-social-promove-seminario-sobre-protecao-e-direitos-da-pessoa-idosa\/#webpage"},"isPartOf":{"@id":"https:\/\/www.paulus.com.br\/portal\/paulus-social-promove-seminario-sobre-protecao-e-direitos-da-pessoa-idosa\/#webpage"},"articleSection":"Not\u00edcias"},{"@type":"BreadcrumbList","@id":"https:\/\/www.paulus.com.br\/portal\/paulus-social-promove-seminario-sobre-protecao-e-direitos-da-pessoa-idosa\/#breadcrumblist","itemListElement":[{"@type":"ListItem","@id":"https:\/\/www.paulus.com.br\/portal#listItem","position":1,"name":"In\u00edcio","item":"https:\/\/www.paulus.com.br\/portal","nextItem":{"@type":"ListItem","@id":"https:\/\/www.paulus.com.br\/portal\/canal\/noticias\/#listItem","name":"Not\u00edcias"}},{"@type":"ListItem","@id":"https:\/\/www.paulus.com.br\/portal\/canal\/noticias\/#listItem","position":2,"name":"Not\u00edcias","item":"https:\/\/www.paulus.com.br\/portal\/canal\/noticias\/","nextItem":{"@type":"ListItem","@id":"https:\/\/www.paulus.com.br\/portal\/paulus-social-promove-seminario-sobre-protecao-e-direitos-da-pessoa-idosa\/#listItem","name":"PAULUS Social promove Semin\u00e1rio sobre Prote\u00e7\u00e3o e Direitos da Pessoa Idosa"},"previousItem":{"@type":"ListItem","@id":"https:\/\/www.paulus.com.br\/portal#listItem","name":"In\u00edcio"}},{"@type":"ListItem","@id":"https:\/\/www.paulus.com.br\/portal\/paulus-social-promove-seminario-sobre-protecao-e-direitos-da-pessoa-idosa\/#listItem","position":3,"name":"PAULUS Social promove Semin\u00e1rio sobre Prote\u00e7\u00e3o e Direitos da Pessoa Idosa","previousItem":{"@type":"ListItem","@id":"https:\/\/www.paulus.com.br\/portal\/canal\/noticias\/#listItem","name":"Not\u00edcias"}}]},{"@type":"Organization","@id":"https:\/\/www.paulus.com.br\/portal\/#organization","name":"Editora PAULUS","description":"Portal Institucional da Paulus Editora, dos padres e irm\u00e3os paulinos (Pia Sociedade de S\u00e3o Paulo) que tem como miss\u00e3o o des\u00edgnio de evangelizar na cultura da comunica\u00e7\u00e3o.","url":"https:\/\/www.paulus.com.br\/portal\/","logo":{"@type":"ImageObject","url":"https:\/\/www.paulus.com.br\/portal\/wp-content\/themes\/paulus-portal\/images\/logo_vertical.jpg","@id":"https:\/\/www.paulus.com.br\/portal\/paulus-social-promove-seminario-sobre-protecao-e-direitos-da-pessoa-idosa\/#organizationLogo"},"image":{"@id":"https:\/\/www.paulus.com.br\/portal\/paulus-social-promove-seminario-sobre-protecao-e-direitos-da-pessoa-idosa\/#organizationLogo"}},{"@type":"Person","@id":"https:\/\/www.paulus.com.br\/portal\/author\/jenniffers\/#author","url":"https:\/\/www.paulus.com.br\/portal\/author\/jenniffers\/","name":"Jennifer Silva","image":{"@type":"ImageObject","@id":"https:\/\/www.paulus.com.br\/portal\/paulus-social-promove-seminario-sobre-protecao-e-direitos-da-pessoa-idosa\/#authorImage","url":"https:\/\/secure.gravatar.com\/avatar\/587cf26f6d273ce5222920a3e18889ab1c63a63ba6e6612d62334dabd76445f7?s=96&d=mm&r=g","width":96,"height":96,"caption":"Jennifer Silva"}},{"@type":"WebPage","@id":"https:\/\/www.paulus.com.br\/portal\/paulus-social-promove-seminario-sobre-protecao-e-direitos-da-pessoa-idosa\/#webpage","url":"https:\/\/www.paulus.com.br\/portal\/paulus-social-promove-seminario-sobre-protecao-e-direitos-da-pessoa-idosa\/","name":"PAULUS Social realiza encontro sobre Prote\u00e7\u00e3o da Pessoa Idosa","description":"O semin\u00e1rio desafios e caminhos para uma prote\u00e7\u00e3o da pessoa idosa reuniu usu\u00e1rios, trabalhadores e gestores do SUAS","inLanguage":"pt-BR","isPartOf":{"@id":"https:\/\/www.paulus.com.br\/portal\/#website"},"breadcrumb":{"@id":"https:\/\/www.paulus.com.br\/portal\/paulus-social-promove-seminario-sobre-protecao-e-direitos-da-pessoa-idosa\/#breadcrumblist"},"author":{"@id":"https:\/\/www.paulus.com.br\/portal\/author\/jenniffers\/#author"},"creator":{"@id":"https:\/\/www.paulus.com.br\/portal\/author\/jenniffers\/#author"},"image":{"@type":"ImageObject","url":"https:\/\/www.paulus.com.br\/portal\/wp-content\/uploads\/2026\/09\/IMG_2383-2-scaled-e1788442406932.jpg","@id":"https:\/\/www.paulus.com.br\/portal\/paulus-social-promove-seminario-sobre-protecao-e-direitos-da-pessoa-idosa\/#mainImage","width":350,"height":196},"primaryImageOfPage":{"@id":"https:\/\/www.paulus.com.br\/portal\/paulus-social-promove-seminario-sobre-protecao-e-direitos-da-pessoa-idosa\/#mainImage"},"datePublished":"2026-09-03T10:33:36-03:00","dateModified":"2026-09-03T10:33:36-03:00"},{"@type":"WebSite","@id":"https:\/\/www.paulus.com.br\/portal\/#website","url":"https:\/\/www.paulus.com.br\/portal\/","name":"Paulus Editora","description":"Portal Institucional da Paulus Editora, dos padres e irm\u00e3os paulinos (Pia Sociedade de S\u00e3o Paulo) que tem como miss\u00e3o o des\u00edgnio de evangelizar na cultura da comunica\u00e7\u00e3o.","inLanguage":"pt-BR","publisher":{"@id":"https:\/\/www.paulus.com.br\/portal\/#organization"}}]},"og:locale":"pt_BR","og:site_name":"Paulus Editora | Portal Institucional da Paulus Editora, dos padres e irm\u00e3os paulinos (Pia Sociedade de S\u00e3o Paulo) que tem como miss\u00e3o o des\u00edgnio de evangelizar na cultura da comunica\u00e7\u00e3o.","og:type":"article","og:title":"PAULUS Social realiza encontro sobre Prote\u00e7\u00e3o da Pessoa Idosa","og:description":"O semin\u00e1rio desafios e caminhos para uma prote\u00e7\u00e3o da pessoa idosa reuniu usu\u00e1rios, trabalhadores e gestores do SUAS","og:url":"https:\/\/www.paulus.com.br\/portal\/paulus-social-promove-seminario-sobre-protecao-e-direitos-da-pessoa-idosa\/","article:published_time":"2026-09-03T13:33:36+00:00","article:modified_time":"2026-09-03T13:33:36+00:00","twitter:card":"summary","twitter:title":"PAULUS Social realiza encontro sobre Prote\u00e7\u00e3o da Pessoa Idosa","twitter:description":"O semin\u00e1rio desafios e caminhos para uma prote\u00e7\u00e3o da pessoa idosa reuniu usu\u00e1rios, trabalhadores e gestores do SUAS"},"aioseo_meta_data":{"post_id":"78532","title":"PAULUS Social realiza encontro sobre Prote\u00e7\u00e3o da Pessoa Idosa","description":"O semin\u00e1rio desafios e caminhos para uma prote\u00e7\u00e3o da pessoa idosa reuniu usu\u00e1rios, trabalhadores e gestores do SUAS","keywords":null,"keyphrases":{"focus":{"keyphrase":"","score":0,"analysis":{"keyphraseInTitle":{"score":0,"maxScore":9,"error":1}}},"additional":[]},"primary_term":null,"canonical_url":null,"og_title":null,"og_description":null,"og_object_type":"default","og_image_type":"default","og_image_url":null,"og_image_width":null,"og_image_height":null,"og_image_custom_url":null,"og_image_custom_fields":null,"og_video":"","og_custom_url":null,"og_article_section":null,"og_article_tags":null,"twitter_use_og":false,"twitter_card":"default","twitter_image_type":"default","twitter_image_url":null,"twitter_image_custom_url":null,"twitter_image_custom_fields":null,"twitter_title":null,"twitter_description":null,"schema":{"blockGraphs":[],"customGraphs":[],"default":{"data":{"Article":[],"Course":[],"Dataset":[],"FAQPage":[],"Movie":[],"Person":[],"Product":[],"ProductReview":[],"Car":[],"Recipe":[],"Service":[],"SoftwareApplication":[],"WebPage":[]},"graphName":"Article","isEnabled":true},"graphs":[]},"schema_type":"default","schema_type_options":null,"pillar_content":false,"robots_default":true,"robots_noindex":false,"robots_noarchive":false,"robots_nosnippet":false,"robots_nofollow":false,"robots_noimageindex":false,"robots_noodp":false,"robots_notranslate":false,"robots_max_snippet":"-1","robots_max_videopreview":"-1","robots_max_imagepreview":"large","priority":null,"frequency":"default","location":null,"local_seo":null,"breadcrumb_settings":null,"limit_modified_date":false,"ai":{"faqs":[],"keyPoints":[],"schemas":[],"titles":[],"descriptions":[],"socialPosts":{"email":{"subject":"","preview":"","content":""},"linkedin":[],"twitter":[],"facebook":[],"instagram":[]}},"created":"2026-09-03 13:26:41","updated":"2026-09-03 13:34:38","seo_analyzer_scan_date":null,"focus_keyword":null,"additional_keywords":null,"truseo_locale":null},"aioseo_breadcrumb":"<div class=\"aioseo-breadcrumbs\"><span class=\"aioseo-breadcrumb\">\n\t\t\t<a href=\"https:\/\/www.paulus.com.br\/portal\" title=\"In\u00edcio\">In\u00edcio<\/a>\n\t\t<\/span><span class=\"aioseo-breadcrumb-separator\">&raquo;<\/span><span class=\"aioseo-breadcrumb\">\n\t\t\t<a href=\"https:\/\/www.paulus.com.br\/portal\/canal\/noticias\/\" title=\"Not\u00edcias\">Not\u00edcias<\/a>\n\t\t<\/span><span class=\"aioseo-breadcrumb-separator\">&raquo;<\/span><span class=\"aioseo-breadcrumb\">\n\t\t\tPAULUS Social promove Semin\u00e1rio sobre Prote\u00e7\u00e3o e Direitos da Pessoa Idosa\n\t\t<\/span><\/div>","aioseo_breadcrumb_json":[{"label":"In\u00edcio","link":"https:\/\/www.paulus.com.br\/portal"},{"label":"Not\u00edcias","link":"https:\/\/www.paulus.com.br\/portal\/canal\/noticias\/"},{"label":"PAULUS Social promove Semin\u00e1rio sobre Prote\u00e7\u00e3o e Direitos da Pessoa Idosa","link":"https:\/\/www.paulus.com.br\/portal\/paulus-social-promove-seminario-sobre-protecao-e-direitos-da-pessoa-idosa\/"}],"_links":{"self":[{"href":"https:\/\/www.paulus.com.br\/portal\/wp-json\/wp\/v2\/posts\/78532","targetHints":{"allow":["GET"]}}],"collection":[{"href":"https:\/\/www.paulus.com.br\/portal\/wp-json\/wp\/v2\/posts"}],"about":[{"href":"https:\/\/www.paulus.com.br\/portal\/wp-json\/wp\/v2\/types\/post"}],"author":[{"embeddable":true,"href":"https:\/\/www.paulus.com.br\/portal\/wp-json\/wp\/v2\/users\/54"}],"replies":[{"embeddable":true,"href":"https:\/\/www.paulus.com.br\/portal\/wp-json\/wp\/v2\/comments?post=78532"}],"version-history":[{"count":1,"href":"https:\/\/www.paulus.com.br\/portal\/wp-json\/wp\/v2\/posts\/78532\/revisions"}],"predecessor-version":[{"id":78542,"href":"https:\/\/www.paulus.com.br\/portal\/wp-json\/wp\/v2\/posts\/78532\/revisions\/78542"}],"wp:featuredmedia":[{"embeddable":true,"href":"https:\/\/www.paulus.com.br\/portal\/wp-json\/wp\/v2\/media\/78541"}],"wp:attachment":[{"href":"https:\/\/www.paulus.com.br\/portal\/wp-json\/wp\/v2\/media?parent=78532"}],"wp:term":[{"taxonomy":"category","embeddable":true,"href":"https:\/\/www.paulus.com.br\/portal\/wp-json\/wp\/v2\/categories?post=78532"},{"taxonomy":"post_tag","embeddable":true,"href":"https:\/\/www.paulus.com.br\/portal\/wp-json\/wp\/v2\/tags?post=78532"}],"curies":[{"name":"wp","href":"https:\/\/api.w.org\/{rel}","templated":true}]}}