{"id":77239,"date":"2026-04-30T10:24:22","date_gmt":"2026-04-30T13:24:22","guid":{"rendered":"https:\/\/www.paulus.com.br\/portal\/?p=77239"},"modified":"2026-04-29T13:36:14","modified_gmt":"2026-04-29T16:36:14","slug":"pauluscast-entenda-o-impacto-do-suas-na-sociedade-brasileira","status":"publish","type":"post","link":"https:\/\/www.paulus.com.br\/portal\/pauluscast-entenda-o-impacto-do-suas-na-sociedade-brasileira\/","title":{"rendered":"PAULUSCast: Entenda o impacto do SUAS na sociedade brasileira"},"content":{"rendered":"<p><strong><img loading=\"lazy\" decoding=\"async\" class=\"aligncenter wp-image-77240 size-full\" src=\"https:\/\/www.paulus.com.br\/portal\/wp-content\/uploads\/2026\/04\/Banner-750x350_PAULUSCAST1.jpg\" alt=\"\" width=\"768\" height=\"358\" srcset=\"https:\/\/www.paulus.com.br\/portal\/wp-content\/uploads\/2026\/04\/Banner-750x350_PAULUSCAST1.jpg 768w, https:\/\/www.paulus.com.br\/portal\/wp-content\/uploads\/2026\/04\/Banner-750x350_PAULUSCAST1-300x140.jpg 300w, https:\/\/www.paulus.com.br\/portal\/wp-content\/uploads\/2026\/04\/Banner-750x350_PAULUSCAST1-120x56.jpg 120w, https:\/\/www.paulus.com.br\/portal\/wp-content\/uploads\/2026\/04\/Banner-750x350_PAULUSCAST1-90x42.jpg 90w, https:\/\/www.paulus.com.br\/portal\/wp-content\/uploads\/2026\/04\/Banner-750x350_PAULUSCAST1-180x84.jpg 180w\" sizes=\"auto, (max-width: 768px) 100vw, 768px\" \/><\/strong><\/p>\n<p><span style=\"font-weight: 400;\">O Sistema \u00danico de Assist\u00eancia Social (SUAS), respons\u00e1vel por organizar e gerir os servi\u00e7os de assist\u00eancia social no Brasil, \u00e9 o tema do novo epis\u00f3dio do PAULUSCast produzido em parceria com a PAULUS Social. O conte\u00fado prop\u00f5e ampliar a compreens\u00e3o sobre o papel das pol\u00edticas p\u00fablicas na promo\u00e7\u00e3o de direitos e na constru\u00e7\u00e3o de uma sociedade mais justa.<\/span><\/p>\n<p><span style=\"font-weight: 400;\">Para a conversa, o programa recebe Marcelo Tourinho, gerente de Gest\u00e3o do SUAS da Prefeitura de Salvador, que aborda a atua\u00e7\u00e3o do sistema na garantia de prote\u00e7\u00e3o social e na articula\u00e7\u00e3o de servi\u00e7os em rede em todo o pa\u00eds.<\/span><\/p>\n<p><span style=\"font-weight: 400;\">Durante o epis\u00f3dio, s\u00e3o discutidos pontos centrais como a import\u00e2ncia do SUAS na estrutura das pol\u00edticas p\u00fablicas brasileiras, seu compromisso com a equidade social e a defesa do direito \u00e0 vida digna. Outro aspecto destacado \u00e9 a necessidade de ampliar o entendimento de que o sistema atende toda a popula\u00e7\u00e3o, e n\u00e3o apenas pessoas em situa\u00e7\u00e3o de vulnerabilidade extrema.<\/span><\/p>\n<p><span style=\"font-weight: 400;\">A iniciativa refor\u00e7a o compromisso da PAULUS Social com a dissemina\u00e7\u00e3o de conte\u00fados formativos e com o fortalecimento do debate sobre cidadania e direitos sociais no Brasil.<\/span><\/p>\n<p><span style=\"font-weight: 400;\">Assista agora mesmo no Youtube ou Spotify da PAULUS Editora.<\/span><\/p>\n<p>&nbsp;<\/p>\n<p><a href=\"https:\/\/www.youtube.com\/watch?v=DPVd1SvB8So&amp;t=1s\"><img loading=\"lazy\" decoding=\"async\" class=\"aligncenter wp-image-77242 size-full\" src=\"https:\/\/www.paulus.com.br\/portal\/wp-content\/uploads\/2026\/04\/c.png\" alt=\"\" width=\"1097\" height=\"623\" srcset=\"https:\/\/www.paulus.com.br\/portal\/wp-content\/uploads\/2026\/04\/c.png 1097w, https:\/\/www.paulus.com.br\/portal\/wp-content\/uploads\/2026\/04\/c-300x170.png 300w, https:\/\/www.paulus.com.br\/portal\/wp-content\/uploads\/2026\/04\/c-1024x582.png 1024w, https:\/\/www.paulus.com.br\/portal\/wp-content\/uploads\/2026\/04\/c-768x436.png 768w, https:\/\/www.paulus.com.br\/portal\/wp-content\/uploads\/2026\/04\/c-120x68.png 120w, https:\/\/www.paulus.com.br\/portal\/wp-content\/uploads\/2026\/04\/c-90x51.png 90w, https:\/\/www.paulus.com.br\/portal\/wp-content\/uploads\/2026\/04\/c-180x102.png 180w\" sizes=\"auto, (max-width: 1097px) 100vw, 1097px\" \/><\/a><\/p>\n<p>&nbsp;<\/p>\n","protected":false},"excerpt":{"rendered":"<p>O Sistema \u00danico de Assist\u00eancia Social (SUAS), respons\u00e1vel por organizar e gerir os servi\u00e7os de assist\u00eancia social no Brasil, \u00e9 o tema do novo epis\u00f3dio do PAULUSCast produzido em parceria com a PAULUS Social. O conte\u00fado prop\u00f5e ampliar a compreens\u00e3o sobre o papel das pol\u00edticas p\u00fablicas na promo\u00e7\u00e3o de direitos e na constru\u00e7\u00e3o de uma [&hellip;]<\/p>\n","protected":false},"author":54,"featured_media":77244,"comment_status":"open","ping_status":"open","sticky":false,"template":"","format":"standard","meta":{"_acf_changed":false,"footnotes":""},"categories":[15],"tags":[],"class_list":["post-77239","post","type-post","status-publish","format-standard","has-post-thumbnail","hentry","category-noticias"],"acf":[],"aioseo_notices":[],"_links":{"self":[{"href":"https:\/\/www.paulus.com.br\/portal\/wp-json\/wp\/v2\/posts\/77239","targetHints":{"allow":["GET"]}}],"collection":[{"href":"https:\/\/www.paulus.com.br\/portal\/wp-json\/wp\/v2\/posts"}],"about":[{"href":"https:\/\/www.paulus.com.br\/portal\/wp-json\/wp\/v2\/types\/post"}],"author":[{"embeddable":true,"href":"https:\/\/www.paulus.com.br\/portal\/wp-json\/wp\/v2\/users\/54"}],"replies":[{"embeddable":true,"href":"https:\/\/www.paulus.com.br\/portal\/wp-json\/wp\/v2\/comments?post=77239"}],"version-history":[{"count":2,"href":"https:\/\/www.paulus.com.br\/portal\/wp-json\/wp\/v2\/posts\/77239\/revisions"}],"predecessor-version":[{"id":77245,"href":"https:\/\/www.paulus.com.br\/portal\/wp-json\/wp\/v2\/posts\/77239\/revisions\/77245"}],"wp:featuredmedia":[{"embeddable":true,"href":"https:\/\/www.paulus.com.br\/portal\/wp-json\/wp\/v2\/media\/77244"}],"wp:attachment":[{"href":"https:\/\/www.paulus.com.br\/portal\/wp-json\/wp\/v2\/media?parent=77239"}],"wp:term":[{"taxonomy":"category","embeddable":true,"href":"https:\/\/www.paulus.com.br\/portal\/wp-json\/wp\/v2\/categories?post=77239"},{"taxonomy":"post_tag","embeddable":true,"href":"https:\/\/www.paulus.com.br\/portal\/wp-json\/wp\/v2\/tags?post=77239"}],"curies":[{"name":"wp","href":"https:\/\/api.w.org\/{rel}","templated":true}]}}