{"id":77198,"date":"2026-04-28T08:16:26","date_gmt":"2026-04-28T11:16:26","guid":{"rendered":"https:\/\/www.paulus.com.br\/portal\/?p=77198"},"modified":"2026-04-24T09:23:23","modified_gmt":"2026-04-24T12:23:23","slug":"sao-luis-de-montfort-conheca-a-historia-do-apostolo-da-virgem-maria","status":"publish","type":"post","link":"https:\/\/www.paulus.com.br\/portal\/sao-luis-de-montfort-conheca-a-historia-do-apostolo-da-virgem-maria\/","title":{"rendered":"S\u00e3o Lu\u00eds de Montfort: Conhe\u00e7a a hist\u00f3ria do ap\u00f3stolo da Virgem Maria"},"content":{"rendered":"<p><img loading=\"lazy\" decoding=\"async\" class=\"aligncenter wp-image-77199 size-full\" src=\"https:\/\/www.paulus.com.br\/portal\/wp-content\/uploads\/2026\/04\/banner-750x350montifort.jpg\" alt=\"\" width=\"750\" height=\"350\" srcset=\"https:\/\/www.paulus.com.br\/portal\/wp-content\/uploads\/2026\/04\/banner-750x350montifort.jpg 750w, https:\/\/www.paulus.com.br\/portal\/wp-content\/uploads\/2026\/04\/banner-750x350montifort-300x140.jpg 300w, https:\/\/www.paulus.com.br\/portal\/wp-content\/uploads\/2026\/04\/banner-750x350montifort-120x56.jpg 120w, https:\/\/www.paulus.com.br\/portal\/wp-content\/uploads\/2026\/04\/banner-750x350montifort-90x42.jpg 90w, https:\/\/www.paulus.com.br\/portal\/wp-content\/uploads\/2026\/04\/banner-750x350montifort-180x84.jpg 180w\" sizes=\"auto, (max-width: 750px) 100vw, 750px\" \/><\/p>\n<p><span style=\"font-weight: 400;\">S\u00e3o Lu\u00eds Maria Grignion de Montfort foi um dos maiores santos da espiritualidade mariana. Fundador das Filhas da Sabedoria (1703) e da Companhia de Maria (1705), ele \u00e9 amplamente reconhecido por seus escritos, especialmente o cl\u00e1ssico <\/span><strong><span style=\"color: #800000;\"><a style=\"color: #800000;\" href=\"https:\/\/loja.paulus.com.br\/tratado-da-verdadeira-devocao-a-santissima-virgem-maria-vol-4-luxo\/p\" target=\"_blank\" rel=\"noopener\"><i>Tratado da Verdadeira Devo\u00e7\u00e3o \u00e0 Sant\u00edssima Virgem<\/i><\/a><\/span><\/strong><span style=\"font-weight: 400;\">, redigido em 1712.<\/span><\/p>\n<p><span style=\"font-weight: 400;\">Sua vida e miss\u00e3o revelam a import\u00e2ncia da devo\u00e7\u00e3o a Nossa Senhora como caminho seguro para chegar a Jesus Cristo.<\/span><\/p>\n<h3><b>Quem foi S\u00e3o Lu\u00eds Maria Grignion de Montfort<\/b><\/h3>\n<p><span style=\"font-weight: 400;\">Celebrado em 28 de abril, S\u00e3o Lu\u00eds Maria Grignion de Montfort nasceu em 31 de janeiro de 1673, em Montfort-la-Cane, na Bretanha (Fran\u00e7a).<\/span><\/p>\n<p><span style=\"font-weight: 400;\">Criado em uma fam\u00edlia numerosa e profundamente crist\u00e3, desde cedo demonstrou o desejo de se tornar sacerdote para servir a Cristo.<\/span><\/p>\n<p><span style=\"font-weight: 400;\">Considerado um dos grandes santos da modernidade, seu testemunho continua inspirando multid\u00f5es. Ele ensinava que uma rela\u00e7\u00e3o profunda com Maria conduz diretamente ao cora\u00e7\u00e3o de seu Filho, Jesus.<\/span><\/p>\n<p><span style=\"font-weight: 400;\">Ao receber o sacramento da Crisma, acrescentou \u201cMaria\u201d ao seu nome de batismo, em sinal de devo\u00e7\u00e3o \u00e0 M\u00e3e de Deus, e \u201cMontfort\u201d, em refer\u00eancia \u00e0 sua cidade natal.<\/span><\/p>\n<p><b>SAIBA MAIS\u00a0<\/b><\/p>\n<p><a href=\"https:\/\/youtu.be\/IvQogaFib6s?si=r29gXx5fNPyAtOgK\" target=\"_blank\" rel=\"noopener\"><strong><span style=\"color: #800000;\">A vida de S\u00e3o Lu\u00eds Maria Grignion de Montfort \u00e9 tema do epis\u00f3dio #79 do PAULUSCast\u00a0<\/span><\/strong><\/a><\/p>\n<h3><b>In\u00edcio da voca\u00e7\u00e3o sacerdotal<\/b><\/h3>\n<p><span style=\"font-weight: 400;\">Em 1695, ingressou no Semin\u00e1rio de Saint-Sulpice, em Paris, e foi ordenado sacerdote cinco anos depois.<\/span><\/p>\n<p><span style=\"font-weight: 400;\">Entre os momentos marcantes de sua trajet\u00f3ria est\u00e1 sua atua\u00e7\u00e3o como capel\u00e3o no Hospital Geral da Diocese de Poitiers, onde enfrentou persegui\u00e7\u00f5es e prova\u00e7\u00f5es espirituais.<\/span><\/p>\n<p><span style=\"font-weight: 400;\">Mesmo diante das dificuldades, manteve-se firme em sua miss\u00e3o. Em 1706, peregrinou at\u00e9 Roma para obter autoriza\u00e7\u00e3o para evangelizar. L\u00e1, recebeu do papa Clemente XI n\u00e3o apenas a permiss\u00e3o desejada, mas tamb\u00e9m o t\u00edtulo de \u201cmission\u00e1rio apost\u00f3lico\u201d.<\/span><\/p>\n<p><span style=\"font-weight: 400;\">Ao retornar \u00e0 Fran\u00e7a, dedicou-se intensamente \u00e0 evangeliza\u00e7\u00e3o dos pobres, doentes e marginalizados, anunciando o Evangelho com zelo e coragem.<\/span><\/p>\n<p><a href=\"https:\/\/loja.paulus.com.br\/paulus-editora\/s%C3%A3o%20lu%C3%ADs%20maria%20grignion%20de%20montfort?_q=S%C3%A3o%20Lu%C3%ADs%20Maria%20Grignion%20de%20Montfort&amp;fuzzy=0&amp;initialMap=ft&amp;initialQuery=s%C3%A3o%20lu%C3%ADs%20maria%20grignion%20de%20montfort&amp;map=brand,ft&amp;operator=and\" target=\"_blank\" rel=\"noopener\"><strong><span style=\"color: #800000;\">Dica de leitura: Conhe\u00e7a as obras de S\u00e3o Lu\u00eds Maria Grignion de Montfort dispon\u00edveis no cat\u00e1logo\u00a0<\/span><\/strong><\/a><\/p>\n<h3><b>Miss\u00e3o e obras na Igreja<\/b><\/h3>\n<p><span style=\"font-weight: 400;\">S\u00e3o Lu\u00eds de Montfort deixou um legado profundo na Igreja:<\/span><\/p>\n<ul>\n<li style=\"font-weight: 400;\" aria-level=\"1\"><span style=\"font-weight: 400;\">Em 1703, fundou as Filhas da Sabedoria<\/span><\/li>\n<li style=\"font-weight: 400;\" aria-level=\"1\"><span style=\"font-weight: 400;\">Em 1705, criou a Companhia de Maria<\/span><\/li>\n<li style=\"font-weight: 400;\" aria-level=\"1\"><span style=\"font-weight: 400;\">Defendeu a f\u00e9 crist\u00e3 diante de heresias e erros doutrin\u00e1rios<\/span><\/li>\n<li style=\"font-weight: 400;\" aria-level=\"1\"><span style=\"font-weight: 400;\">Promoveu miss\u00f5es populares, alcan\u00e7ando especialmente os mais necessitados<\/span><\/li>\n<\/ul>\n<p><span style=\"font-weight: 400;\">Sua miss\u00e3o era clara: levar as pessoas a Cristo por meio de Maria.<\/span><\/p>\n<h3><b>O Tratado da Verdadeira Devo\u00e7\u00e3o \u00e0 Sant\u00edssima Virgem<\/b><\/h3>\n<p><span style=\"font-weight: 400;\">O lema sacerdotal de S\u00e3o Lu\u00eds era: <\/span><b>\u201cSer escravo de Maria\u201d<\/b><span style=\"font-weight: 400;\">, express\u00e3o que simboliza entrega total e amor filial \u00e0 M\u00e3e de Jesus.<\/span><\/p>\n<p><span style=\"font-weight: 400;\">Sua obra mais conhecida, o <\/span><i><span style=\"font-weight: 400;\">Tratado da Verdadeira Devo\u00e7\u00e3o \u00e0 Sant\u00edssima Virgem<\/span><\/i><span style=\"font-weight: 400;\">, apresenta os fundamentos da espiritualidade mariana e continua sendo refer\u00eancia mundial at\u00e9 hoje.<\/span><\/p>\n<p><span style=\"font-weight: 400;\">Esse livro influenciou profundamente a espiritualidade cat\u00f3lica, inclusive a vida de diversos santos.<\/span><\/p>\n<h3><b>P\u00e1scoa definitiva<\/b><\/h3>\n<p><span style=\"font-weight: 400;\">Ap\u00f3s uma vida inteiramente dedicada a Deus, sob a intercess\u00e3o de Maria, S\u00e3o Lu\u00eds de Montfort faleceu em 28 de abril de 1716, durante uma miss\u00e3o em Saint-Laurent-sur-S\u00e8vre, aos 43 anos.<\/span><\/p>\n<p><span style=\"font-weight: 400;\">Foi beatificado em 1888 pelo papa Le\u00e3o XIII e canonizado em 1947 pelo papa Pio XII.<\/span><\/p>\n<h3><b>Legado e import\u00e2ncia espiritual<\/b><\/h3>\n<p><span style=\"font-weight: 400;\">S\u00e3o Lu\u00eds Maria Grignion de Montfort deixou um legado duradouro para a Igreja. Seus escritos apresentam uma espiritualidade profundamente cristoc\u00eantrica e mariana, sendo considerados verdadeiros caminhos de santifica\u00e7\u00e3o para o povo de Deus.<\/span><\/p>\n<p><span style=\"font-weight: 400;\">Sua mensagem permanece atual: a devo\u00e7\u00e3o a Maria n\u00e3o afasta de Cristo, mas conduz diretamente a Ele.<\/span><\/p>\n","protected":false},"excerpt":{"rendered":"<p>S\u00e3o Lu\u00eds Maria Grignion de Montfort foi um dos maiores santos da espiritualidade mariana. Fundador das Filhas da Sabedoria (1703) e da Companhia de Maria (1705), ele \u00e9 amplamente reconhecido por seus escritos, especialmente o cl\u00e1ssico Tratado da Verdadeira Devo\u00e7\u00e3o \u00e0 Sant\u00edssima Virgem, redigido em 1712. Sua vida e miss\u00e3o revelam a import\u00e2ncia da devo\u00e7\u00e3o [&hellip;]<\/p>\n","protected":false},"author":54,"featured_media":77200,"comment_status":"open","ping_status":"open","sticky":false,"template":"","format":"standard","meta":{"_acf_changed":false,"footnotes":""},"categories":[15],"tags":[],"class_list":["post-77198","post","type-post","status-publish","format-standard","has-post-thumbnail","hentry","category-noticias"],"acf":[],"aioseo_notices":[],"_links":{"self":[{"href":"https:\/\/www.paulus.com.br\/portal\/wp-json\/wp\/v2\/posts\/77198","targetHints":{"allow":["GET"]}}],"collection":[{"href":"https:\/\/www.paulus.com.br\/portal\/wp-json\/wp\/v2\/posts"}],"about":[{"href":"https:\/\/www.paulus.com.br\/portal\/wp-json\/wp\/v2\/types\/post"}],"author":[{"embeddable":true,"href":"https:\/\/www.paulus.com.br\/portal\/wp-json\/wp\/v2\/users\/54"}],"replies":[{"embeddable":true,"href":"https:\/\/www.paulus.com.br\/portal\/wp-json\/wp\/v2\/comments?post=77198"}],"version-history":[{"count":1,"href":"https:\/\/www.paulus.com.br\/portal\/wp-json\/wp\/v2\/posts\/77198\/revisions"}],"predecessor-version":[{"id":77201,"href":"https:\/\/www.paulus.com.br\/portal\/wp-json\/wp\/v2\/posts\/77198\/revisions\/77201"}],"wp:featuredmedia":[{"embeddable":true,"href":"https:\/\/www.paulus.com.br\/portal\/wp-json\/wp\/v2\/media\/77200"}],"wp:attachment":[{"href":"https:\/\/www.paulus.com.br\/portal\/wp-json\/wp\/v2\/media?parent=77198"}],"wp:term":[{"taxonomy":"category","embeddable":true,"href":"https:\/\/www.paulus.com.br\/portal\/wp-json\/wp\/v2\/categories?post=77198"},{"taxonomy":"post_tag","embeddable":true,"href":"https:\/\/www.paulus.com.br\/portal\/wp-json\/wp\/v2\/tags?post=77198"}],"curies":[{"name":"wp","href":"https:\/\/api.w.org\/{rel}","templated":true}]}}