{"id":76846,"date":"2026-03-09T17:43:04","date_gmt":"2026-03-09T20:43:04","guid":{"rendered":"https:\/\/www.paulus.com.br\/portal\/?p=76846"},"modified":"2026-03-12T17:51:17","modified_gmt":"2026-03-12T20:51:17","slug":"paulus-inaugura-livraria-em-petrolina-pe-e-amplia-presenca-no-nordeste","status":"publish","type":"post","link":"https:\/\/www.paulus.com.br\/portal\/paulus-inaugura-livraria-em-petrolina-pe-e-amplia-presenca-no-nordeste\/","title":{"rendered":"PAULUS inaugura livraria em Petrolina (PE) e amplia presen\u00e7a no Nordeste"},"content":{"rendered":"<div class=\"flex flex-col text-sm pb-25\">\n<article class=\"text-token-text-primary w-full focus:outline-none [--shadow-height:45px] has-data-writing-block:pointer-events-none has-data-writing-block:-mt-(--shadow-height) has-data-writing-block:pt-(--shadow-height) [&amp;:has([data-writing-block])&gt;*]:pointer-events-auto scroll-mt-[calc(var(--header-height)+min(200px,max(70px,20svh)))]\" dir=\"auto\" data-turn-id=\"request-WEB:dd55bb23-9aa1-42ae-9cf1-83c2021e1d60-5\" data-testid=\"conversation-turn-12\" data-scroll-anchor=\"true\" data-turn=\"assistant\">\n<div class=\"text-base my-auto mx-auto pb-10 [--thread-content-margin:var(--thread-content-margin-xs,calc(var(--spacing)*4))] @w-sm\/main:[--thread-content-margin:var(--thread-content-margin-sm,calc(var(--spacing)*6))] @w-lg\/main:[--thread-content-margin:var(--thread-content-margin-lg,calc(var(--spacing)*16))] px-(--thread-content-margin)\">\n<div class=\"[--thread-content-max-width:40rem] @w-lg\/main:[--thread-content-max-width:48rem] mx-auto max-w-(--thread-content-max-width) flex-1 group\/turn-messages focus-visible:outline-hidden relative flex w-full min-w-0 flex-col agent-turn\">\n<div class=\"flex max-w-full flex-col gap-4 grow\">\n<div class=\"min-h-8 text-message relative flex w-full flex-col items-end gap-2 text-start break-words whitespace-normal [.text-message+&amp;]:mt-1\" dir=\"auto\" data-message-author-role=\"assistant\" data-message-id=\"f0271039-42db-469a-a8e2-e24d8f371d69\" data-message-model-slug=\"gpt-5-3\">\n<div class=\"flex w-full flex-col gap-1 empty:hidden\">\n<div class=\"markdown prose dark:prose-invert w-full wrap-break-word light markdown-new-styling\">\n<p data-start=\"78\" data-end=\"362\"><img loading=\"lazy\" decoding=\"async\" class=\"aligncenter wp-image-76847 \" src=\"https:\/\/www.paulus.com.br\/portal\/wp-content\/uploads\/2026\/03\/20260309_111055-scaled.jpg\" alt=\"\" width=\"833\" height=\"469\" srcset=\"https:\/\/www.paulus.com.br\/portal\/wp-content\/uploads\/2026\/03\/20260309_111055-scaled.jpg 2560w, https:\/\/www.paulus.com.br\/portal\/wp-content\/uploads\/2026\/03\/20260309_111055-300x169.jpg 300w, https:\/\/www.paulus.com.br\/portal\/wp-content\/uploads\/2026\/03\/20260309_111055-1024x577.jpg 1024w, https:\/\/www.paulus.com.br\/portal\/wp-content\/uploads\/2026\/03\/20260309_111055-768x432.jpg 768w, https:\/\/www.paulus.com.br\/portal\/wp-content\/uploads\/2026\/03\/20260309_111055-1536x865.jpg 1536w, https:\/\/www.paulus.com.br\/portal\/wp-content\/uploads\/2026\/03\/20260309_111055-2048x1153.jpg 2048w, https:\/\/www.paulus.com.br\/portal\/wp-content\/uploads\/2026\/03\/20260309_111055-120x68.jpg 120w, https:\/\/www.paulus.com.br\/portal\/wp-content\/uploads\/2026\/03\/20260309_111055-90x51.jpg 90w, https:\/\/www.paulus.com.br\/portal\/wp-content\/uploads\/2026\/03\/20260309_111055-180x101.jpg 180w\" sizes=\"auto, (max-width: 833px) 100vw, 833px\" \/><\/p>\n<p data-start=\"78\" data-end=\"362\">A cidade de <span class=\"hover:entity-accent entity-underline inline cursor-pointer align-baseline\"><span class=\"whitespace-normal\">Petrolina<\/span><\/span> ganhou um novo espa\u00e7o dedicado \u00e0 f\u00e9, \u00e0 cultura e \u00e0 forma\u00e7\u00e3o. Na segunda-feira, 9 de mar\u00e7o, aconteceu a b\u00ean\u00e7\u00e3o inaugural da <strong data-start=\"251\" data-end=\"283\">PAULUS Livraria de Petrolina<\/strong>, a 37\u00aa unidade da rede no Brasil e a primeira aberta em 2026.<\/p>\n<p data-start=\"364\" data-end=\"619\">Mais do que um espa\u00e7o comercial, a nova livraria nasce com a proposta de ser um ambiente de encontro, evangeliza\u00e7\u00e3o e servi\u00e7o, em sintonia com a miss\u00e3o iniciada pelo <span class=\"hover:entity-accent entity-underline inline cursor-pointer align-baseline\"><span class=\"whitespace-normal\">Beato Padre Tiago Alberione.<\/span><\/span><\/p>\n<h2 data-section-id=\"4y903d\" data-start=\"621\" data-end=\"658\"><strong>Espa\u00e7o de evangeliza\u00e7\u00e3o e forma\u00e7\u00e3o<\/strong><\/h2>\n<p data-start=\"660\" data-end=\"968\">Localizada em uma regi\u00e3o que re\u00fane mais de 25 par\u00f3quias, a nova unidade chega com o objetivo de colaborar com a vida pastoral, educativa e cultural da Igreja local e da sociedade. A livraria oferece conte\u00fados voltados \u00e0 forma\u00e7\u00e3o humana e crist\u00e3, promovendo reflex\u00e3o, espiritualidade e acesso ao conhecimento.<\/p>\n<p><img loading=\"lazy\" decoding=\"async\" class=\"aligncenter wp-image-76849 \" src=\"https:\/\/www.paulus.com.br\/portal\/wp-content\/uploads\/2026\/03\/IMG_0472-scaled.jpg\" alt=\"\" width=\"803\" height=\"535\" srcset=\"https:\/\/www.paulus.com.br\/portal\/wp-content\/uploads\/2026\/03\/IMG_0472-scaled.jpg 2560w, https:\/\/www.paulus.com.br\/portal\/wp-content\/uploads\/2026\/03\/IMG_0472-300x200.jpg 300w, https:\/\/www.paulus.com.br\/portal\/wp-content\/uploads\/2026\/03\/IMG_0472-1024x683.jpg 1024w, https:\/\/www.paulus.com.br\/portal\/wp-content\/uploads\/2026\/03\/IMG_0472-768x512.jpg 768w, https:\/\/www.paulus.com.br\/portal\/wp-content\/uploads\/2026\/03\/IMG_0472-1536x1024.jpg 1536w, https:\/\/www.paulus.com.br\/portal\/wp-content\/uploads\/2026\/03\/IMG_0472-2048x1365.jpg 2048w, https:\/\/www.paulus.com.br\/portal\/wp-content\/uploads\/2026\/03\/IMG_0472-120x80.jpg 120w, https:\/\/www.paulus.com.br\/portal\/wp-content\/uploads\/2026\/03\/IMG_0472-90x60.jpg 90w, https:\/\/www.paulus.com.br\/portal\/wp-content\/uploads\/2026\/03\/IMG_0472-180x120.jpg 180w\" sizes=\"auto, (max-width: 803px) 100vw, 803px\" \/><\/p>\n<p data-start=\"970\" data-end=\"1288\">O espa\u00e7o re\u00fane um amplo cat\u00e1logo de livros religiosos, B\u00edblias, materiais catequ\u00e9ticos e obras nas \u00e1reas de teologia, espiritualidade, educa\u00e7\u00e3o, filosofia e literatura. A proposta \u00e9 que a livraria seja tamb\u00e9m um ambiente de acolhida e di\u00e1logo, contribuindo para a forma\u00e7\u00e3o integral da pessoa humana \u00e0 luz do Evangelho.<\/p>\n<h2 data-section-id=\"1abeo2k\" data-start=\"1290\" data-end=\"1336\"><strong>B\u00ean\u00e7\u00e3o inaugural reuniu autoridades e fi\u00e9is<\/strong><\/h2>\n<p data-start=\"1338\" data-end=\"1528\">A cerim\u00f4nia de b\u00ean\u00e7\u00e3o contou com a presen\u00e7a de <span class=\"hover:entity-accent entity-underline inline cursor-pointer align-baseline\"><span class=\"whitespace-normal\">Dom Ant\u00f4nio Carlos Cruz Santos<\/span><\/span>, bispo da <span class=\"hover:entity-accent entity-underline inline cursor-pointer align-baseline\"><span class=\"whitespace-normal\">Diocese de Petrolina<\/span><\/span>, al\u00e9m de convidados, agentes pastorais e fi\u00e9is da regi\u00e3o.<\/p>\n<p data-start=\"1530\" data-end=\"1780\">Durante sua visita \u00e0 livraria, o bispo destacou a import\u00e2ncia de a Igreja local poder contar com um acervo significativo da f\u00e9 crist\u00e3 no Nordeste e convidou os fi\u00e9is a conhecerem o novo espa\u00e7o e a utiliz\u00e1-lo como aliado na caminhada de evangeliza\u00e7\u00e3o.<\/p>\n<h2 data-section-id=\"1lvhi5l\" data-start=\"1782\" data-end=\"1814\"><strong>A Palavra que irriga o sert\u00e3o<\/strong><\/h2>\n<p data-start=\"1816\" data-end=\"1978\">Tamb\u00e9m presente na ocasi\u00e3o, o padre<span class=\"hover:entity-accent entity-underline inline cursor-pointer align-baseline\"><span class=\"whitespace-normal\"> Claudiano Avelino dos Santos, Superior Provincial da PAULUS,<\/span><\/span>\u00a0destacou o significado da nova livraria para a miss\u00e3o evangelizadora da congrega\u00e7\u00e3o na regi\u00e3o.<\/p>\n<p data-start=\"1980\" data-end=\"2183\">\u201cAssim como o <span class=\"hover:entity-accent entity-underline inline cursor-pointer align-baseline\"><span class=\"whitespace-normal\">Rio S\u00e3o Francisco<\/span><\/span> irriga o sert\u00e3o, n\u00f3s queremos tamb\u00e9m que a Palavra de Deus irrigue os cora\u00e7\u00f5es de todos aqueles que ser\u00e3o contemplados pelo nosso apostolado\u201d, afirmou.<\/p>\n<p data-start=\"2185\" data-end=\"2375\" data-is-last-node=\"\" data-is-only-node=\"\">Com a inaugura\u00e7\u00e3o da nova unidade em Petrolina, a PAULUS refor\u00e7a sua presen\u00e7a no Nordeste e amplia sua miss\u00e3o de evangelizar por meio da comunica\u00e7\u00e3o, da cultura e da promo\u00e7\u00e3o da leitura.<\/p>\n<\/div>\n<p data-start=\"2395\" data-end=\"2559\">Conhe\u00e7a a <strong data-start=\"2430\" data-end=\"2462\">PAULUS Livraria de Petrolina e participe<\/strong>\u00a0desse espa\u00e7o de encontro, forma\u00e7\u00e3o e espiritualidade.<\/p>\n<p data-start=\"2561\" data-end=\"2746\" data-is-last-node=\"\" data-is-only-node=\"\"><strong data-start=\"2564\" data-end=\"2577\">Endere\u00e7o:<\/strong> Rua Coronel Amorim, 106\u2013 Centro, Petrolina (PE).<\/p>\n<\/div>\n<\/div>\n<\/div>\n<div class=\"z-0 flex min-h-[46px] justify-start\"><\/div>\n<div class=\"mt-3 w-full empty:hidden\">\n<div class=\"text-center\"><\/div>\n<\/div>\n<\/div>\n<\/div>\n<\/article>\n<\/div>\n<div class=\"pointer-events-none h-px w-px absolute bottom-0\" aria-hidden=\"true\" data-edge=\"true\"><\/div>\n","protected":false},"excerpt":{"rendered":"<p>A cidade de Petrolina ganhou um novo espa\u00e7o dedicado \u00e0 f\u00e9, \u00e0 cultura e \u00e0 forma\u00e7\u00e3o. Na segunda-feira, 9 de mar\u00e7o, aconteceu a b\u00ean\u00e7\u00e3o inaugural da PAULUS Livraria de Petrolina, a 37\u00aa unidade da rede no Brasil e a primeira aberta em 2026. Mais do que um espa\u00e7o comercial, a nova livraria nasce com a [&hellip;]<\/p>\n","protected":false},"author":54,"featured_media":0,"comment_status":"open","ping_status":"open","sticky":false,"template":"","format":"standard","meta":{"_acf_changed":false,"footnotes":""},"categories":[15],"tags":[],"class_list":["post-76846","post","type-post","status-publish","format-standard","hentry","category-noticias"],"acf":[],"aioseo_notices":[],"_links":{"self":[{"href":"https:\/\/www.paulus.com.br\/portal\/wp-json\/wp\/v2\/posts\/76846","targetHints":{"allow":["GET"]}}],"collection":[{"href":"https:\/\/www.paulus.com.br\/portal\/wp-json\/wp\/v2\/posts"}],"about":[{"href":"https:\/\/www.paulus.com.br\/portal\/wp-json\/wp\/v2\/types\/post"}],"author":[{"embeddable":true,"href":"https:\/\/www.paulus.com.br\/portal\/wp-json\/wp\/v2\/users\/54"}],"replies":[{"embeddable":true,"href":"https:\/\/www.paulus.com.br\/portal\/wp-json\/wp\/v2\/comments?post=76846"}],"version-history":[{"count":3,"href":"https:\/\/www.paulus.com.br\/portal\/wp-json\/wp\/v2\/posts\/76846\/revisions"}],"predecessor-version":[{"id":76852,"href":"https:\/\/www.paulus.com.br\/portal\/wp-json\/wp\/v2\/posts\/76846\/revisions\/76852"}],"wp:attachment":[{"href":"https:\/\/www.paulus.com.br\/portal\/wp-json\/wp\/v2\/media?parent=76846"}],"wp:term":[{"taxonomy":"category","embeddable":true,"href":"https:\/\/www.paulus.com.br\/portal\/wp-json\/wp\/v2\/categories?post=76846"},{"taxonomy":"post_tag","embeddable":true,"href":"https:\/\/www.paulus.com.br\/portal\/wp-json\/wp\/v2\/tags?post=76846"}],"curies":[{"name":"wp","href":"https:\/\/api.w.org\/{rel}","templated":true}]}}