{"id":76818,"date":"2026-03-12T14:37:45","date_gmt":"2026-03-12T17:37:45","guid":{"rendered":"https:\/\/www.paulus.com.br\/portal\/?p=76818"},"modified":"2026-03-12T14:42:36","modified_gmt":"2026-03-12T17:42:36","slug":"sao-jose-quem-foi-por-que-e-padroeiro-da-igreja-e-o-que-todo-catolico-precisa-saber","status":"publish","type":"post","link":"https:\/\/www.paulus.com.br\/portal\/sao-jose-quem-foi-por-que-e-padroeiro-da-igreja-e-o-que-todo-catolico-precisa-saber\/","title":{"rendered":"S\u00e3o Jos\u00e9: o que todo cat\u00f3lico precisa saber?"},"content":{"rendered":"<p><img loading=\"lazy\" decoding=\"async\" class=\"aligncenter wp-image-76821 \" src=\"https:\/\/www.paulus.com.br\/portal\/wp-content\/uploads\/2026\/03\/Gemini_Generated_Image_pc42shpc42shpc42-1.png\" alt=\"\" width=\"821\" height=\"380\" srcset=\"https:\/\/www.paulus.com.br\/portal\/wp-content\/uploads\/2026\/03\/Gemini_Generated_Image_pc42shpc42shpc42-1.png 1520w, https:\/\/www.paulus.com.br\/portal\/wp-content\/uploads\/2026\/03\/Gemini_Generated_Image_pc42shpc42shpc42-1-300x139.png 300w, https:\/\/www.paulus.com.br\/portal\/wp-content\/uploads\/2026\/03\/Gemini_Generated_Image_pc42shpc42shpc42-1-1024x474.png 1024w, https:\/\/www.paulus.com.br\/portal\/wp-content\/uploads\/2026\/03\/Gemini_Generated_Image_pc42shpc42shpc42-1-768x356.png 768w, https:\/\/www.paulus.com.br\/portal\/wp-content\/uploads\/2026\/03\/Gemini_Generated_Image_pc42shpc42shpc42-1-120x56.png 120w, https:\/\/www.paulus.com.br\/portal\/wp-content\/uploads\/2026\/03\/Gemini_Generated_Image_pc42shpc42shpc42-1-90x42.png 90w, https:\/\/www.paulus.com.br\/portal\/wp-content\/uploads\/2026\/03\/Gemini_Generated_Image_pc42shpc42shpc42-1-180x83.png 180w\" sizes=\"auto, (max-width: 821px) 100vw, 821px\" \/><\/p>\n<p><span style=\"font-weight: 400\">Celebrado em<strong> 19 de mar\u00e7o, S\u00e3o Jos\u00e9<\/strong> ocupa um lugar \u00fanico na hist\u00f3ria da f\u00e9 crist\u00e3. Escolhido por Deus para ser o pai nutr\u00edcio de Jesus e esposo da Virgem Maria, o humilde carpinteiro de Nazar\u00e9 tornou-se padroeiro da Igreja Cat\u00f3lica e modelo de f\u00e9, sil\u00eancio e obedi\u00eancia.<\/span><\/p>\n<p><span style=\"font-weight: 400\">Mas quem foi realmente S\u00e3o Jos\u00e9? Por que a Igreja o considera um dos maiores santos da sua hist\u00f3ria? E como sua intercess\u00e3o continua sendo buscada por milh\u00f5es de fi\u00e9is em todo o mundo?<\/span><\/p>\n<p><span style=\"font-weight: 400\">Neste conte\u00fado, voc\u00ea vai descobrir tudo o que um cat\u00f3lico precisa saber sobre S\u00e3o Jos\u00e9, sua hist\u00f3ria, miss\u00e3o e import\u00e2ncia para a Igreja.<\/span><\/p>\n<p><b>Um pouco da hist\u00f3ria de S\u00e3o Jos\u00e9: quem foi realmente S\u00e3o Jos\u00e9?<\/b><\/p>\n<p><span style=\"font-weight: 400\">S\u00e3o Jos\u00e9, este homem cujo sil\u00eancio constitui uma das virtudes e atributos mais marcantes, possui dados hist\u00f3ricos relativamente discretos sobre sua biografia. Grande parte das informa\u00e7\u00f5es sobre sua vida encontra-se nos textos ap\u00f3crifos ou nos Evangelhos n\u00e3o can\u00f4nicos.<\/span><\/p>\n<p><span style=\"font-weight: 400\">Nos Evangelhos de Mateus e Lucas (Mateus 1,16; 18-25; 2,13-15; 2,19-23; 13,55; Lucas 2,41-52; 3,23), S\u00e3o Jos\u00e9 aparece como o esposo da Sant\u00edssima Virgem Maria e pai nutr\u00edcio de Jesus Cristo (Ele n\u00e3o \u00e9 o pai biol\u00f3gico de Jesus, mas assume plenamente a responsabilidade legal e educativa por Ele).<\/span><\/p>\n<p><span style=\"font-weight: 400\">Natural de Nazar\u00e9, pequena cidade da regi\u00e3o da Galileia, ele pertence \u00e0 descend\u00eancia de Davi, uma das tribos de Israel que Deus escolheu para se revelar ao seu povo. Cuja perten\u00e7a insere justamente Jesus na linhagem messi\u00e2nica feita a Israel.\u00a0<\/span><\/p>\n<p><span style=\"font-weight: 400\">Tendo como profiss\u00e3o a capinagem, S\u00e3o Jos\u00e9 possuiu uma rela\u00e7\u00e3o concreta no mundo do trabalho.\u00a0<\/span><\/p>\n<p><span style=\"font-weight: 400\">Os Evangelhos segundo S\u00e3o Mateus e S\u00e3o Lucas apresentam S\u00e3o Jos\u00e9 como um \u201chomem justo\u201d, express\u00e3o b\u00edblica que indica algu\u00e9m cuja vida est\u00e1 plenamente conformada \u00e0 vontade de Deus.<\/span><\/p>\n<p><span style=\"font-weight: 400\">Diante disso, compreende-se que a verdadeira identidade de S\u00e3o Jos\u00e9 n\u00e3o se explica apenas por dados ou fatos hist\u00f3ricos, mas sobretudo por sua miss\u00e3o no mist\u00e9rio da Encarna\u00e7\u00e3o. A tradi\u00e7\u00e3o da Igreja o reconhece como servo fiel e, hoje, o apresenta como Padroeiro Universal da Igreja, Padroeiro da boa morte, homem do sil\u00eancio, homem que sonha, modelo dos oper\u00e1rios e defensor dos lares crist\u00e3os.<\/span><\/p>\n<p><span style=\"font-weight: 400\">Assim, sua hist\u00f3ria, embora breve nas Escrituras, revela uma profunda grandeza interior. Jos\u00e9 surge como figura essencial no des\u00edgnio divino, chamado a proteger e acompanhar a humanidade do Salvador do mundo.<\/span><\/p>\n<p><span style=\"font-weight: 400\">Deseja aprofundar seu conhecimento sobre S\u00e3o Jos\u00e9? Leia<a href=\"https:\/\/loja.paulus.com.br\/sao-jose-o-lirio-de-deus-resgatando-a-devocao-na-piedade-popular\/p\" target=\"_blank\" rel=\"noopener\"><strong> S\u00e3o Jos\u00e9, o L\u00edrio de Deus.<\/strong><\/a><\/span><\/p>\n<h3><b>O sil\u00eancio ativo de S\u00e3o Jos\u00e9<\/b><\/h3>\n<p><span style=\"font-weight: 400\">Falar de S\u00e3o Jos\u00e9 sem associ\u00e1-lo \u00e0 sua personalidade de homem do sil\u00eancio seria retirar dele um atributo que aparece \u00e0 primeira vista como uma parte de seu pr\u00f3prio ser, um de seus tra\u00e7os mais evidentes. O sil\u00eancio de S\u00e3o Jos\u00e9 constitui um elemento teol\u00f3gico central, pois nenhuma palavra sua \u00e9 relatada nos Evangelhos.<\/span><\/p>\n<p><span style=\"font-weight: 400\">Cada uma das decis\u00f5es que ele tomou, desde acolher Maria, passando pela fuga para o Egito, at\u00e9 o retorno a Nazar\u00e9, aconteceram em profundo sil\u00eancio. Esse sil\u00eancio\u00a0 de S\u00e3o Jos\u00e9, n\u00e3o \u00e9 um sil\u00eancio de medo, de cumplicidade passiva, de domina\u00e7\u00e3o ou de mutismo, para usar a express\u00e3o do Papa Francisco. Trata-se de um sil\u00eancio consciente, livre, assumido e ativo. \u00c9 um sil\u00eancio de humildade e de recolhimento, para que a miss\u00e3o divina se cumpra; um sil\u00eancio que protege o Mist\u00e9rio do Menino Jesus e respeita a obra do Esp\u00edrito Santo; um sil\u00eancio interior que lhe permite escutar e discernir a vontade de Deus.\u00a0<\/span><\/p>\n<p><img loading=\"lazy\" decoding=\"async\" class=\"aligncenter wp-image-76820 \" src=\"https:\/\/www.paulus.com.br\/portal\/wp-content\/uploads\/2026\/03\/Gemini_Generated_Image_z4br98z4br98z4br.png\" alt=\"\" width=\"901\" height=\"417\" srcset=\"https:\/\/www.paulus.com.br\/portal\/wp-content\/uploads\/2026\/03\/Gemini_Generated_Image_z4br98z4br98z4br.png 1520w, https:\/\/www.paulus.com.br\/portal\/wp-content\/uploads\/2026\/03\/Gemini_Generated_Image_z4br98z4br98z4br-300x139.png 300w, https:\/\/www.paulus.com.br\/portal\/wp-content\/uploads\/2026\/03\/Gemini_Generated_Image_z4br98z4br98z4br-1024x474.png 1024w, https:\/\/www.paulus.com.br\/portal\/wp-content\/uploads\/2026\/03\/Gemini_Generated_Image_z4br98z4br98z4br-768x356.png 768w, https:\/\/www.paulus.com.br\/portal\/wp-content\/uploads\/2026\/03\/Gemini_Generated_Image_z4br98z4br98z4br-120x56.png 120w, https:\/\/www.paulus.com.br\/portal\/wp-content\/uploads\/2026\/03\/Gemini_Generated_Image_z4br98z4br98z4br-90x42.png 90w, https:\/\/www.paulus.com.br\/portal\/wp-content\/uploads\/2026\/03\/Gemini_Generated_Image_z4br98z4br98z4br-180x83.png 180w\" sizes=\"auto, (max-width: 901px) 100vw, 901px\" \/><\/p>\n<p><span style=\"font-weight: 400\">Assim, partindo da figura de S\u00e3o Jos\u00e9, o Papa Francisco exorta: \u201cDevemos aprender de Jos\u00e9 a cultivar o sil\u00eancio: aquele espa\u00e7o de interioridade em nossos dias, no qual damos ao Esp\u00edrito a oportunidade de nos regenerar, consolar e corrigir.\u201d (<a href=\"https:\/\/loja.paulus.com.br\/sao-jose\/p\" target=\"_blank\" rel=\"noopener\"><strong>Papa Francisco, S\u00e3o Jos\u00e9, p.26, PAULUS Editora).<\/strong><\/a><\/span><\/p>\n<p><span style=\"font-weight: 400\">A partir do sil\u00eancio de S\u00e3o Jos\u00e9, \u00e9 poss\u00edvel perceber que a santidade n\u00e3o depende apenas do discurso p\u00fablico, mas tamb\u00e9m e sobretudo da fidelidade cotidiana na rela\u00e7\u00e3o com Deus. A santidade pode ser vivida no ordin\u00e1rio e na discri\u00e7\u00e3o.<\/span><\/p>\n<p><span style=\"font-weight: 400\">Gostaria de tornar-se devoto de S\u00e3o Jos\u00e9? Leia <a href=\"https:\/\/loja.paulus.com.br\/devocionario-em-honra-ao-patriarca-sao-jose\/p\" target=\"_blank\" rel=\"noopener\"><strong>Devocion\u00e1rio em honra ao Patriarca S\u00e3o Jos\u00e9.<\/strong><\/a><\/span><\/p>\n<p>&nbsp;<\/p>\n<h3><b>S\u00e3o Jos\u00e9, Padroeiro Universal da Igreja: uma miss\u00e3o de prote\u00e7\u00e3o espiritual<\/b><\/h3>\n<p><span style=\"font-weight: 400\">A proclama\u00e7\u00e3o de S\u00e3o Jos\u00e9 como Padroeiro (ou Guardi\u00e3o)\u00a0 Universal da Igreja nasce de um racioc\u00ednio por analogia com sua responsabilidade paterna. S\u00e3o Jos\u00e9 \u00e9 considerado pela Igreja o Padroeiro Universal da Igreja porque protegeu Jesus, cabe\u00e7a do Corpo M\u00edstico que \u00e9 a Igreja, e a Virgem Maria, figura e modelo da pr\u00f3pria Igreja durante suas vidas na terra.<\/span><\/p>\n<p><span style=\"font-weight: 400\">O papa Francisco o expressa claramente nestes termos: \u201cMas se foi o guardi\u00e3o de Jesus e de Maria, trabalha, agora que est\u00e1 nos c\u00e9us, e continua a ser o\u00a0 guardi\u00e3o, neste caso, da Igreja; porque a Igreja \u00e9 o prolongamento do Corpo de Cristo na hist\u00f3ria.\u201d\u00a0<\/span><\/p>\n<p><span style=\"font-weight: 400\">Assim, a figura de S\u00e3o Jos\u00e9 ultrapassa o \u00e2mbito familiar e torna-se refer\u00eancia eclesial universal. Ao cuidar da Sagrada Fam\u00edlia, ele prefigura sua miss\u00e3o de guardi\u00e3o do povo crist\u00e3o. Hoje, essa miss\u00e3o protetora de S\u00e3o Jos\u00e9 estende-se simbolicamente a todos os fi\u00e9is unidos a Cristo.<\/span><\/p>\n<h3><b>A figura educadora de S\u00e3o Jos\u00e9: uma paternidade a servi\u00e7o do mist\u00e9rio<\/b><\/h3>\n<p><span style=\"font-weight: 400\">S\u00e3o Jos\u00e9 exerce um papel educativo fundamental no crescimento humano de Jesus Cristo. Embora seja o Filho de Deus, ao assumir a natureza humana e nascer como crian\u00e7a, Jesus aprende junto a S\u00e3o Jos\u00e9 valores necess\u00e1rios a toda crian\u00e7a para seu crescimento humano e sua integra\u00e7\u00e3o na vida social.\u00a0<\/span><\/p>\n<p><span style=\"font-weight: 400\">Jos\u00e9 lhe ensina a linguagem humana de sua sociedade e lhe transmite a tradi\u00e7\u00e3o de Israel, especialmente a ora\u00e7\u00e3o e o conhecimento da Lei. Oferece a Jesus um ambiente familiar est\u00e1vel, indispens\u00e1vel para o desenvolvimento psicol\u00f3gico e moral. Tamb\u00e9m o inicia no trabalho da madeira, inserindo-o na cultura artesanal de seu tempo. Tal grande responsabilidade apresenta ainda Jos\u00e9 como colaborador discreto, por\u00e9m essencial, no projeto divino.<\/span><\/p>\n<h3><b>S\u00e3o Jos\u00e9, modelo de disponibilidade \u00e0 vontade de Deus<\/b><\/h3>\n<p><span style=\"font-weight: 400\">Ao aceitar aquilo que era radicalmente contr\u00e1rio \u00e0 lei e \u00e0 cultura de sua sociedade, acolher a gravidez de Maria, da qual ele n\u00e3o era o autor, S\u00e3o Jos\u00e9 torna-se exemplo de profunda obedi\u00eancia e disponibilidade a Deus. Cada vez que o anjo lhe aparecia em sonho, ele agia sem hesitar. Sua f\u00e9 se traduzia imediatamente em decis\u00f5es respons\u00e1veis e corajosas. A obedi\u00eancia manifestada nos sonhos revela uma disponibilidade interior total \u00e0 vontade divina. Jos\u00e9 n\u00e3o negocia com Deus; ele age prontamente, demonstrando uma confian\u00e7a radical.<\/span><\/p>\n<p><span style=\"font-weight: 400\">Essa atitude ensina que, muitas vezes, a vontade de Deus pode ser diferente de projetos e desejos pessoais. Ainda assim, todos s\u00e3o chamados a permanecer dispon\u00edveis para dizer: \u201cSeja feita a tua vontade, Senhor, e n\u00e3o a minha.\u201d<\/span><\/p>\n<p><img loading=\"lazy\" decoding=\"async\" class=\"aligncenter wp-image-76823 \" src=\"https:\/\/www.paulus.com.br\/portal\/wp-content\/uploads\/2026\/03\/SaoJose-MeninoJesus-1.jpg\" alt=\"\" width=\"663\" height=\"347\" srcset=\"https:\/\/www.paulus.com.br\/portal\/wp-content\/uploads\/2026\/03\/SaoJose-MeninoJesus-1.jpg 1200w, https:\/\/www.paulus.com.br\/portal\/wp-content\/uploads\/2026\/03\/SaoJose-MeninoJesus-1-300x157.jpg 300w, https:\/\/www.paulus.com.br\/portal\/wp-content\/uploads\/2026\/03\/SaoJose-MeninoJesus-1-1024x536.jpg 1024w, https:\/\/www.paulus.com.br\/portal\/wp-content\/uploads\/2026\/03\/SaoJose-MeninoJesus-1-768x402.jpg 768w, https:\/\/www.paulus.com.br\/portal\/wp-content\/uploads\/2026\/03\/SaoJose-MeninoJesus-1-120x63.jpg 120w, https:\/\/www.paulus.com.br\/portal\/wp-content\/uploads\/2026\/03\/SaoJose-MeninoJesus-1-90x47.jpg 90w, https:\/\/www.paulus.com.br\/portal\/wp-content\/uploads\/2026\/03\/SaoJose-MeninoJesus-1-180x94.jpg 180w\" sizes=\"auto, (max-width: 663px) 100vw, 663px\" \/><\/p>\n<h3><b>Algumas raz\u00f5es para confiar a S\u00e3o Jos\u00e9 o seu trabalho<\/b><\/h3>\n<h3><span style=\"font-weight: 400\">Quando se pensa em S\u00e3o Jos\u00e9, uma das primeiras realidades que surgem \u00e9 a sua profiss\u00e3o de carpinteiro. \u00c9 por essa raz\u00e3o que a Igreja o reconhece como patrono dos trabalhadores.<\/span><\/h3>\n<p><span style=\"font-weight: 400\">Mas a pergunta que se deve fazer hoje \u00e9: o que o trabalho de S\u00e3o Jos\u00e9 pode inspirar hoje?\u00a0<\/span><\/p>\n<p><span style=\"font-weight: 400\">Por que os cat\u00f3licos devem confiar a ele, o seu trabalho?\u00a0<\/span><\/p>\n<p><span style=\"font-weight: 400\">\u00c9 preciso confirmar o trabalho a S\u00e3o Jos\u00e9: para que a honestidade e a justi\u00e7a que guiaram sua vida sejam a riqueza e \u00faltimo fim de todo trabalho di\u00e1rio;<\/span><\/p>\n<p><span style=\"font-weight: 400\">Para que o trabalho se torne um caminho de santidade;\u00a0<\/span><\/p>\n<p><span style=\"font-weight: 400\">Para que o trabalho n\u00e3o se transforme em um \u00eddolo que ocupe o lugar de Deus;\u00a0<\/span><\/p>\n<p><span style=\"font-weight: 400\">Para que o suor do esfor\u00e7o seja transformado orvalho em gra\u00e7a;<\/span><\/p>\n<p><span style=\"font-weight: 400\">Para pedir o p\u00e3o de cada dia pela intercess\u00e3o do justo;\u00a0<\/span><\/p>\n<p><span style=\"font-weight: 400\">Para que o trabalho se torne um verdadeiro santu\u00e1rio;\u00a0<\/span><\/p>\n<p><span style=\"font-weight: 400\">Para que o fruto do trabalho sustente dignamente as necessidades;\u00a0<\/span><\/p>\n<p><span style=\"font-weight: 400\">Para que o trabalho n\u00e3o se torne fonte de pecado;<\/span><\/p>\n<p><span style=\"font-weight: 400\">Para que a criatividade reflita a pot\u00eancia criadora do Pai celeste;\u00a0<\/span><\/p>\n<p><span style=\"font-weight: 400\">Para promover a dignidade humana no exerc\u00edcio cotidiano de cada profiss\u00e3o.<\/span><\/p>\n<p>&nbsp;<\/p>\n<p><span style=\"font-weight: 400\">Precisa de gra\u00e7as pela intercess\u00e3o de S\u00e3o Jos\u00e9? Reze com f\u00e9: <a href=\"https:\/\/loja.paulus.com.br\/novena-rezando-com-sao-jose\/p\" target=\"_blank\" rel=\"noopener\"><strong>Rezando com S\u00e3o Jos\u00e9 \u2013 Novena.<\/strong><\/a><\/span><\/p>\n<p>&nbsp;<\/p>\n<p>&nbsp;<\/p>\n","protected":false},"excerpt":{"rendered":"<p>Celebrado em 19 de mar\u00e7o, S\u00e3o Jos\u00e9 ocupa um lugar \u00fanico na hist\u00f3ria da f\u00e9 crist\u00e3. Escolhido por Deus para ser o pai nutr\u00edcio de Jesus e esposo da Virgem Maria, o humilde carpinteiro de Nazar\u00e9 tornou-se padroeiro da Igreja Cat\u00f3lica e modelo de f\u00e9, sil\u00eancio e obedi\u00eancia. Mas quem foi realmente S\u00e3o Jos\u00e9? Por [&hellip;]<\/p>\n","protected":false},"author":54,"featured_media":76822,"comment_status":"open","ping_status":"open","sticky":false,"template":"","format":"standard","meta":{"_acf_changed":false,"footnotes":""},"categories":[15],"tags":[962,963,961,960],"class_list":["post-76818","post","type-post","status-publish","format-standard","has-post-thumbnail","hentry","category-noticias","tag-glorioso-sao-jose","tag-padroeiro-da-igreja-universal","tag-sagrada-familia","tag-sao-jose-sagrada-familia-glorioso-sao-jose"],"acf":[],"aioseo_notices":[],"_links":{"self":[{"href":"https:\/\/www.paulus.com.br\/portal\/wp-json\/wp\/v2\/posts\/76818","targetHints":{"allow":["GET"]}}],"collection":[{"href":"https:\/\/www.paulus.com.br\/portal\/wp-json\/wp\/v2\/posts"}],"about":[{"href":"https:\/\/www.paulus.com.br\/portal\/wp-json\/wp\/v2\/types\/post"}],"author":[{"embeddable":true,"href":"https:\/\/www.paulus.com.br\/portal\/wp-json\/wp\/v2\/users\/54"}],"replies":[{"embeddable":true,"href":"https:\/\/www.paulus.com.br\/portal\/wp-json\/wp\/v2\/comments?post=76818"}],"version-history":[{"count":3,"href":"https:\/\/www.paulus.com.br\/portal\/wp-json\/wp\/v2\/posts\/76818\/revisions"}],"predecessor-version":[{"id":76826,"href":"https:\/\/www.paulus.com.br\/portal\/wp-json\/wp\/v2\/posts\/76818\/revisions\/76826"}],"wp:featuredmedia":[{"embeddable":true,"href":"https:\/\/www.paulus.com.br\/portal\/wp-json\/wp\/v2\/media\/76822"}],"wp:attachment":[{"href":"https:\/\/www.paulus.com.br\/portal\/wp-json\/wp\/v2\/media?parent=76818"}],"wp:term":[{"taxonomy":"category","embeddable":true,"href":"https:\/\/www.paulus.com.br\/portal\/wp-json\/wp\/v2\/categories?post=76818"},{"taxonomy":"post_tag","embeddable":true,"href":"https:\/\/www.paulus.com.br\/portal\/wp-json\/wp\/v2\/tags?post=76818"}],"curies":[{"name":"wp","href":"https:\/\/api.w.org\/{rel}","templated":true}]}}