{"id":76769,"date":"2026-03-04T14:35:05","date_gmt":"2026-03-04T17:35:05","guid":{"rendered":"https:\/\/www.paulus.com.br\/portal\/?p=76769"},"modified":"2026-03-04T14:35:05","modified_gmt":"2026-03-04T17:35:05","slug":"conheca-os-valores-editoriais-da-paulus","status":"publish","type":"post","link":"https:\/\/www.paulus.com.br\/portal\/conheca-os-valores-editoriais-da-paulus\/","title":{"rendered":"Conhe\u00e7a os valores editoriais da PAULUS"},"content":{"rendered":"<p><img loading=\"lazy\" decoding=\"async\" class=\"aligncenter wp-image-76771 size-full\" src=\"https:\/\/www.paulus.com.br\/portal\/wp-content\/uploads\/2026\/03\/Banner-750x350_PAULUSCAST112.jpg\" alt=\"\" width=\"768\" height=\"358\" srcset=\"https:\/\/www.paulus.com.br\/portal\/wp-content\/uploads\/2026\/03\/Banner-750x350_PAULUSCAST112.jpg 768w, https:\/\/www.paulus.com.br\/portal\/wp-content\/uploads\/2026\/03\/Banner-750x350_PAULUSCAST112-300x140.jpg 300w, https:\/\/www.paulus.com.br\/portal\/wp-content\/uploads\/2026\/03\/Banner-750x350_PAULUSCAST112-120x56.jpg 120w, https:\/\/www.paulus.com.br\/portal\/wp-content\/uploads\/2026\/03\/Banner-750x350_PAULUSCAST112-90x42.jpg 90w, https:\/\/www.paulus.com.br\/portal\/wp-content\/uploads\/2026\/03\/Banner-750x350_PAULUSCAST112-180x84.jpg 180w\" sizes=\"auto, (max-width: 768px) 100vw, 768px\" \/><\/p>\n<p><span style=\"font-weight: 400\">A PAULUS Editora tem uma hist\u00f3ria centen\u00e1ria, constru\u00edda com o compromisso de promover a forma\u00e7\u00e3o integral da sociedade por meio da educa\u00e7\u00e3o, da cultura e da evangeliza\u00e7\u00e3o.<\/span><\/p>\n<p><span style=\"font-weight: 400\">Fiel \u00e0 sua miss\u00e3o, a Editora dialoga com os sinais dos tempos sem perder sua ess\u00eancia e identidade, reafirmando o papel do livro como instrumento de forma\u00e7\u00e3o, di\u00e1logo e transforma\u00e7\u00e3o.<\/span><\/p>\n<p><span style=\"font-weight: 400\">No novo epis\u00f3dio do PAULUSCast, o padre Jakson Ferreira de Alencar, ssp, Diretor Editorial da PAULUS reflete sobre o impacto do livro na constru\u00e7\u00e3o do pensamento cr\u00edtico e na promo\u00e7\u00e3o de valores humanos e, como em um cen\u00e1rio de r\u00e1pidas transforma\u00e7\u00f5es, as editoras exercem o papel da forma\u00e7\u00e3o cultural e \u00e9tica da sociedade.\u00a0<\/span><span style=\"font-weight: 400\"><br \/>\n<\/span><\/p>\n<p><iframe loading=\"lazy\" title=\"PAULUSCast 110 - Valor editorial da PAULUS\" width=\"500\" height=\"281\" src=\"https:\/\/www.youtube.com\/embed\/uM67ryFdOIA?feature=oembed\" frameborder=\"0\" allow=\"accelerometer; autoplay; clipboard-write; encrypted-media; gyroscope; picture-in-picture; web-share\" referrerpolicy=\"strict-origin-when-cross-origin\" allowfullscreen><\/iframe><\/p>\n","protected":false},"excerpt":{"rendered":"<p>A PAULUS Editora tem uma hist\u00f3ria centen\u00e1ria, constru\u00edda com o compromisso de promover a forma\u00e7\u00e3o integral da sociedade por meio da educa\u00e7\u00e3o, da cultura e da evangeliza\u00e7\u00e3o. Fiel \u00e0 sua miss\u00e3o, a Editora dialoga com os sinais dos tempos sem perder sua ess\u00eancia e identidade, reafirmando o papel do livro como instrumento de forma\u00e7\u00e3o, di\u00e1logo [&hellip;]<\/p>\n","protected":false},"author":54,"featured_media":76772,"comment_status":"open","ping_status":"open","sticky":false,"template":"","format":"standard","meta":{"_acf_changed":false,"footnotes":""},"categories":[15],"tags":[],"class_list":["post-76769","post","type-post","status-publish","format-standard","has-post-thumbnail","hentry","category-noticias"],"acf":[],"aioseo_notices":[],"_links":{"self":[{"href":"https:\/\/www.paulus.com.br\/portal\/wp-json\/wp\/v2\/posts\/76769","targetHints":{"allow":["GET"]}}],"collection":[{"href":"https:\/\/www.paulus.com.br\/portal\/wp-json\/wp\/v2\/posts"}],"about":[{"href":"https:\/\/www.paulus.com.br\/portal\/wp-json\/wp\/v2\/types\/post"}],"author":[{"embeddable":true,"href":"https:\/\/www.paulus.com.br\/portal\/wp-json\/wp\/v2\/users\/54"}],"replies":[{"embeddable":true,"href":"https:\/\/www.paulus.com.br\/portal\/wp-json\/wp\/v2\/comments?post=76769"}],"version-history":[{"count":2,"href":"https:\/\/www.paulus.com.br\/portal\/wp-json\/wp\/v2\/posts\/76769\/revisions"}],"predecessor-version":[{"id":76773,"href":"https:\/\/www.paulus.com.br\/portal\/wp-json\/wp\/v2\/posts\/76769\/revisions\/76773"}],"wp:featuredmedia":[{"embeddable":true,"href":"https:\/\/www.paulus.com.br\/portal\/wp-json\/wp\/v2\/media\/76772"}],"wp:attachment":[{"href":"https:\/\/www.paulus.com.br\/portal\/wp-json\/wp\/v2\/media?parent=76769"}],"wp:term":[{"taxonomy":"category","embeddable":true,"href":"https:\/\/www.paulus.com.br\/portal\/wp-json\/wp\/v2\/categories?post=76769"},{"taxonomy":"post_tag","embeddable":true,"href":"https:\/\/www.paulus.com.br\/portal\/wp-json\/wp\/v2\/tags?post=76769"}],"curies":[{"name":"wp","href":"https:\/\/api.w.org\/{rel}","templated":true}]}}