{"id":76405,"date":"2026-01-23T10:23:22","date_gmt":"2026-01-23T13:23:22","guid":{"rendered":"https:\/\/www.paulus.com.br\/portal\/?p=76405"},"modified":"2026-01-23T10:23:22","modified_gmt":"2026-01-23T13:23:22","slug":"pesquisa-revela-impactos-da-solidao-e-do-estresse-na-saude-mental-de-padres-no-brasil","status":"publish","type":"post","link":"https:\/\/www.paulus.com.br\/portal\/pesquisa-revela-impactos-da-solidao-e-do-estresse-na-saude-mental-de-padres-no-brasil\/","title":{"rendered":"Pesquisa revela impactos da solid\u00e3o e do estresse na sa\u00fade mental de padres no Brasil"},"content":{"rendered":"<p><img loading=\"lazy\" decoding=\"async\" class=\"aligncenter wp-image-76421 size-full\" src=\"https:\/\/www.paulus.com.br\/portal\/wp-content\/uploads\/2026\/01\/Thumb.jpg\" alt=\"\" width=\"1280\" height=\"720\" srcset=\"https:\/\/www.paulus.com.br\/portal\/wp-content\/uploads\/2026\/01\/Thumb.jpg 1280w, https:\/\/www.paulus.com.br\/portal\/wp-content\/uploads\/2026\/01\/Thumb-300x169.jpg 300w, https:\/\/www.paulus.com.br\/portal\/wp-content\/uploads\/2026\/01\/Thumb-1024x576.jpg 1024w, https:\/\/www.paulus.com.br\/portal\/wp-content\/uploads\/2026\/01\/Thumb-768x432.jpg 768w, https:\/\/www.paulus.com.br\/portal\/wp-content\/uploads\/2026\/01\/Thumb-120x68.jpg 120w, https:\/\/www.paulus.com.br\/portal\/wp-content\/uploads\/2026\/01\/Thumb-90x51.jpg 90w, https:\/\/www.paulus.com.br\/portal\/wp-content\/uploads\/2026\/01\/Thumb-180x101.jpg 180w\" sizes=\"auto, (max-width: 1280px) 100vw, 1280px\" \/><\/p>\n<p><span style=\"font-weight: 400;\">Uma pesquisa conduzida pelo padre Jos\u00e9 Carlos Pereira revelou dados preocupantes sobre a sa\u00fade f\u00edsica e emocional de sacerdotes brasileiros. O estudo deu origem ao livro <\/span><i><span style=\"font-weight: 400;\">\u201cCura-te a ti mesmo\u201d<\/span><\/i><span style=\"font-weight: 400;\">, lan\u00e7ado pela PAULUS Editora, e lan\u00e7a luz sobre um tema ainda pouco discutido: o impacto do excesso de responsabilidades pastorais, da solid\u00e3o e do estresse cont\u00ednuo na vida clerical.<\/span><\/p>\n<h2><b>Sa\u00fade emocional e rotina pastoral<\/b><\/h2>\n<p><span style=\"font-weight: 400;\">De acordo com a pesquisa, muitos padres convivem com cansa\u00e7o extremo, isolamento social e dificuldades emocionais. Apesar de estarem constantemente cercados por fi\u00e9is e atividades comunit\u00e1rias, a rotina fora do ambiente pastoral costuma ser solit\u00e1ria.<\/span><\/p>\n<p><span style=\"font-weight: 400;\">\u201cAs pessoas n\u00e3o imaginam que o padre enfrenta a solid\u00e3o. Ele est\u00e1 cercado de pessoas, mas quando as atividades pastorais terminam, ele volta para casa e est\u00e1 sozinho. A vida comunit\u00e1ria praticamente inexiste\u201d, explica o padre Jos\u00e9 Carlos Pereira.<\/span><\/p>\n<p><a href=\"https:\/\/loja.paulus.com.br\/cura-te-a-ti-mesmo\/p\" target=\"_blank\" rel=\"noopener\"><span style=\"color: #800000;\"><b>Conhe\u00e7a a obra Cura-te a ti mesmo<\/b><\/span><\/a><\/p>\n<p><span style=\"font-weight: 400;\">Esses fatores, segundo o autor, contribuem diretamente para quadros de estresse cr\u00f4nico e sofrimento psicol\u00f3gico.<\/span><\/p>\n<h2><b>Dados sobre sa\u00fade f\u00edsica e estilo de vida<\/b><\/h2>\n<p><span style=\"font-weight: 400;\">O levantamento tamb\u00e9m trouxe informa\u00e7\u00f5es sobre a sa\u00fade f\u00edsica dos sacerdotes:<\/span><\/p>\n<ul>\n<li style=\"font-weight: 400;\" aria-level=\"1\"><span style=\"font-weight: 400;\">Apenas 10% dos entrevistados afirmaram estar no peso considerado ideal<\/span>&nbsp;<\/li>\n<li style=\"font-weight: 400;\" aria-level=\"1\"><span style=\"font-weight: 400;\">14% apresentam obesidade<\/span>&nbsp;<\/li>\n<li style=\"font-weight: 400;\" aria-level=\"1\"><span style=\"font-weight: 400;\">Mais de 72% est\u00e3o acima do peso<\/span>&nbsp;<\/li>\n<\/ul>\n<p><span style=\"font-weight: 400;\">O sedentarismo aparece como um fator relevante nesse cen\u00e1rio. Cerca de 20% dos padres n\u00e3o praticam nenhuma atividade f\u00edsica, e a dificuldade de gest\u00e3o do tempo foi apontada como uma das principais causas.<\/span><\/p>\n<p><span style=\"font-weight: 400;\">Al\u00e9m disso, mais de 80% relataram j\u00e1 ter sofrido com estresse, sendo que 48% associam o problema ao excesso de atividades pastorais e administrativas.<\/span><\/p>\n<h2><b>Sa\u00fade mental e sofrimento psicol\u00f3gico<\/b><\/h2>\n<p><span style=\"font-weight: 400;\">Um dos pontos abordados no livro \u00e9 a sa\u00fade mental. Aproximadamente 32% dos padres entrevistados relataram j\u00e1 ter tido pensamentos suicidas ao longo da vida.<\/span><\/p>\n<p><span style=\"font-weight: 400;\">Durante sua participa\u00e7\u00e3o no PAULUSCast, o autor destacou que esses quadros nem sempre s\u00e3o facilmente identific\u00e1veis, j\u00e1 que muitos sacerdotes mant\u00eam suas fun\u00e7\u00f5es normalmente, mesmo enfrentando sofrimento interno significativo.<\/span><\/p>\n<h3><b>Um tema que exige aten\u00e7\u00e3o e cuidado<\/b><\/h3>\n<p><span style=\"font-weight: 400;\">Especialistas refor\u00e7am que falar sobre sa\u00fade mental no contexto religioso n\u00e3o \u00e9 sinal de fraqueza, mas uma etapa essencial para preven\u00e7\u00e3o, acolhimento e cuidado.<\/span><\/p>\n<p><span style=\"font-weight: 400;\">Se voc\u00ea ou algu\u00e9m pr\u00f3ximo estiver passando por sofrimento emocional intenso, \u00e9 fundamental buscar ajuda profissional.<\/span><\/p>\n<p><span style=\"font-weight: 400;\">&#x1f4de; Centro de Valoriza\u00e7\u00e3o da Vida (CVV)<\/span><span style=\"font-weight: 400;\"><br \/>\n<\/span><span style=\"font-weight: 400;\"> Atendimento gratuito, 24h: 188<\/span><span style=\"font-weight: 400;\"><br \/>\n<\/span><span style=\"font-weight: 400;\"> Mais informa\u00e7\u00f5es:<\/span><a href=\"https:\/\/www.cvv.org.br\"> <span style=\"font-weight: 400;\">https:\/\/www.cvv.org.br<\/span><\/a><\/p>\n<p><span style=\"color: #800000;\"><strong>Assista o epis\u00f3dio completo<\/strong><\/span><\/p>\n<p><iframe loading=\"lazy\" title=\"PAULUSCast 109 - Sa\u00fade do Clero\" width=\"500\" height=\"281\" src=\"https:\/\/www.youtube.com\/embed\/jaHya0JS7T4?feature=oembed\" frameborder=\"0\" allow=\"accelerometer; autoplay; clipboard-write; encrypted-media; gyroscope; picture-in-picture; web-share\" referrerpolicy=\"strict-origin-when-cross-origin\" allowfullscreen><\/iframe><\/p>\n<p>&nbsp;<\/p>\n","protected":false},"excerpt":{"rendered":"<p>Uma pesquisa conduzida pelo padre Jos\u00e9 Carlos Pereira revelou dados preocupantes sobre a sa\u00fade f\u00edsica e emocional de sacerdotes brasileiros. O estudo deu origem ao livro \u201cCura-te a ti mesmo\u201d, lan\u00e7ado pela PAULUS Editora, e lan\u00e7a luz sobre um tema ainda pouco discutido: o impacto do excesso de responsabilidades pastorais, da solid\u00e3o e do estresse [&hellip;]<\/p>\n","protected":false},"author":3,"featured_media":76422,"comment_status":"open","ping_status":"open","sticky":false,"template":"","format":"standard","meta":{"_acf_changed":false,"footnotes":""},"categories":[15],"tags":[],"class_list":["post-76405","post","type-post","status-publish","format-standard","has-post-thumbnail","hentry","category-noticias"],"acf":[],"aioseo_notices":[],"_links":{"self":[{"href":"https:\/\/www.paulus.com.br\/portal\/wp-json\/wp\/v2\/posts\/76405","targetHints":{"allow":["GET"]}}],"collection":[{"href":"https:\/\/www.paulus.com.br\/portal\/wp-json\/wp\/v2\/posts"}],"about":[{"href":"https:\/\/www.paulus.com.br\/portal\/wp-json\/wp\/v2\/types\/post"}],"author":[{"embeddable":true,"href":"https:\/\/www.paulus.com.br\/portal\/wp-json\/wp\/v2\/users\/3"}],"replies":[{"embeddable":true,"href":"https:\/\/www.paulus.com.br\/portal\/wp-json\/wp\/v2\/comments?post=76405"}],"version-history":[{"count":2,"href":"https:\/\/www.paulus.com.br\/portal\/wp-json\/wp\/v2\/posts\/76405\/revisions"}],"predecessor-version":[{"id":76423,"href":"https:\/\/www.paulus.com.br\/portal\/wp-json\/wp\/v2\/posts\/76405\/revisions\/76423"}],"wp:featuredmedia":[{"embeddable":true,"href":"https:\/\/www.paulus.com.br\/portal\/wp-json\/wp\/v2\/media\/76422"}],"wp:attachment":[{"href":"https:\/\/www.paulus.com.br\/portal\/wp-json\/wp\/v2\/media?parent=76405"}],"wp:term":[{"taxonomy":"category","embeddable":true,"href":"https:\/\/www.paulus.com.br\/portal\/wp-json\/wp\/v2\/categories?post=76405"},{"taxonomy":"post_tag","embeddable":true,"href":"https:\/\/www.paulus.com.br\/portal\/wp-json\/wp\/v2\/tags?post=76405"}],"curies":[{"name":"wp","href":"https:\/\/api.w.org\/{rel}","templated":true}]}}