{"id":76304,"date":"2026-01-02T10:41:58","date_gmt":"2026-01-02T13:41:58","guid":{"rendered":"https:\/\/www.paulus.com.br\/portal\/?p=76304"},"modified":"2025-12-22T16:45:58","modified_gmt":"2025-12-22T19:45:58","slug":"janeiro-branco-brasil-e-o-pais-com-maior-prevalencia-de-depressao-na-america-latina","status":"publish","type":"post","link":"https:\/\/www.paulus.com.br\/portal\/janeiro-branco-brasil-e-o-pais-com-maior-prevalencia-de-depressao-na-america-latina\/","title":{"rendered":"Janeiro Branco: Brasil \u00e9 o pa\u00eds com maior preval\u00eancia de depress\u00e3o na Am\u00e9rica Latina"},"content":{"rendered":"<p><a href=\"https:\/\/www.paulus.com.br\/portal\/wp-content\/uploads\/2025\/12\/Banner-750x350_PAULUSCAST108.jpg\"><img loading=\"lazy\" decoding=\"async\" class=\"aligncenter wp-image-76305 size-full\" src=\"https:\/\/www.paulus.com.br\/portal\/wp-content\/uploads\/2025\/12\/Banner-750x350_PAULUSCAST108.jpg\" alt=\"\" width=\"768\" height=\"358\" srcset=\"https:\/\/www.paulus.com.br\/portal\/wp-content\/uploads\/2025\/12\/Banner-750x350_PAULUSCAST108.jpg 768w, https:\/\/www.paulus.com.br\/portal\/wp-content\/uploads\/2025\/12\/Banner-750x350_PAULUSCAST108-300x140.jpg 300w, https:\/\/www.paulus.com.br\/portal\/wp-content\/uploads\/2025\/12\/Banner-750x350_PAULUSCAST108-120x56.jpg 120w, https:\/\/www.paulus.com.br\/portal\/wp-content\/uploads\/2025\/12\/Banner-750x350_PAULUSCAST108-90x42.jpg 90w, https:\/\/www.paulus.com.br\/portal\/wp-content\/uploads\/2025\/12\/Banner-750x350_PAULUSCAST108-180x84.jpg 180w\" sizes=\"auto, (max-width: 768px) 100vw, 768px\" \/><\/a><\/p>\n<p><span style=\"font-weight: 400;\">A manchete publicada pela <\/span><i><span style=\"font-weight: 400;\">Forbes<\/span><\/i><span style=\"font-weight: 400;\">: &#8220;Sa\u00fade mental ultrapassa o c\u00e2ncer e se torna a maior preocupa\u00e7\u00e3o dos brasileiros&#8221; alerta para um problema crescente: a sociedade est\u00e1 cada vez mais adoecendo emocionalmente.<\/span><\/p>\n<p><span style=\"font-weight: 400;\">De acordo com dados da Organiza\u00e7\u00e3o Mundial da Sa\u00fade (OMS) e do Minist\u00e9rio da Sa\u00fade, o Brasil lidera a Am\u00e9rica Latina com a maior preval\u00eancia de depress\u00e3o e ocupa o segundo lugar em n\u00famero de casos nas Am\u00e9ricas.<\/span><\/p>\n<p><span style=\"font-weight: 400;\">Al\u00e9m disso, uma pesquisa recente da OMS revelou que o Pa\u00eds tamb\u00e9m \u00e9 o l\u00edder mundial em transtornos de ansiedade, com 26,8% da popula\u00e7\u00e3o brasileira recebendo diagn\u00f3stico m\u00e9dico de ansiedade em 2023.<\/span><\/p>\n<h3><b>Sinais emergentes: o impacto da pandemia na sa\u00fade mental<\/b><\/h3>\n<p><span style=\"font-weight: 400;\">Em entrevista ao <\/span><i><span style=\"font-weight: 400;\">PAULUSCast<\/span><\/i><span style=\"font-weight: 400;\">, a psic\u00f3loga e autora da <\/span><b>PAULUS Editora<\/b><span style=\"font-weight: 400;\">, M\u00f4nica Gutmann, destacou que a fragilidade da sa\u00fade mental sempre acompanhou a sociedade. Contudo, grandes eventos, como guerras e epidemias, tendem a intensificar esse problema. Ela usou a pandemia como exemplo:<\/span><\/p>\n<p><span style=\"font-weight: 400;\">\u201cA pandemia funcionou como uma lente de aumento, revelando feridas emocionais mal resolvidas. No entanto, a sa\u00fade mental \u00e9 uma parte constante da hist\u00f3ria humana\u201d, afirmou M\u00f4nica.<\/span><\/p>\n<p><span style=\"font-weight: 400;\">A psic\u00f3loga tamb\u00e9m apontou que o corpo humano emite sinais de que algo n\u00e3o vai bem, incluindo dores f\u00edsicas, o surgimento de novas doen\u00e7as e mudan\u00e7as de comportamento.<\/span><\/p>\n<p><span style=\"color: #800000;\"><a style=\"color: #800000;\" href=\"https:\/\/www.youtube.com\/watch?v=xYMHK_cG_lM\" target=\"_blank\" rel=\"noopener\"><strong>Assista o epis\u00f3dio completo<\/strong><\/a><\/span><\/p>\n<h3><b>A superficialidade nas redes sociais e os danos \u00e0 sa\u00fade mental<\/b><\/h3>\n<p><span style=\"font-weight: 400;\">Outro ponto abordado por M\u00f4nica foi a crescente superficialidade nas redes sociais, que alimenta uma falsa imagem de vida ideal. Segundo ela, as redes t\u00eam contribu\u00eddo para o aumento dos transtornos mentais.<\/span><\/p>\n<p><span style=\"font-weight: 400;\">\u201cUma das maiores causas de doen\u00e7as mentais atualmente \u00e9 o tempo sequestrado pela rotina. As crian\u00e7as perderam o tempo de brincar, e os adultos est\u00e3o sobrecarregados. Essa epidemia de superficialidade \u00e9 grav\u00edssima\u201d, alertou.<\/span><\/p>\n<h3><b>O que \u00e9 o Janeiro Branco e por que ele importa<\/b><\/h3>\n<p><span style=\"font-weight: 400;\">Fundada em Uberl\u00e2ndia (MG) em 2014, a campanha Janeiro Branco foi criada por um grupo de cerca de 50 profissionais da psicologia com o objetivo de promover a conscientiza\u00e7\u00e3o sobre a import\u00e2ncia de cuidar da sa\u00fade mental.<\/span><\/p>\n<p><span style=\"font-weight: 400;\">Com o passar dos anos, a iniciativa ganhou for\u00e7a, se consolidando nas agendas municipais e estaduais de todo o Brasil. Em 2023, a campanha foi oficialmente reconhecida em todo o territ\u00f3rio nacional por meio da Lei Federal n\u00ba 14.556\/23.<\/span><\/p>\n<h3><b>4 Dicas para preservar a sa\u00fade mental:<\/b><\/h3>\n<ol>\n<li style=\"font-weight: 400;\" aria-level=\"1\"><b>Pratique atividades f\u00edsicas regularmente;<\/b><b>\n<p><\/b><\/li>\n<li style=\"font-weight: 400;\" aria-level=\"1\"><b>Alimente-se de forma equilibrada e saud\u00e1vel;<\/b><b>\n<p><\/b><\/li>\n<li style=\"font-weight: 400;\" aria-level=\"1\"><b>Dedique-se a hobbies terap\u00eauticos que promovam o bem-estar;<\/b><b>\n<p><\/b><\/li>\n<li style=\"font-weight: 400;\" aria-level=\"1\"><b>Procure ajuda profissional sempre que necess\u00e1rio.<\/b><b>\n<p><\/b><\/li>\n<\/ol>\n<h3><b>Quer se aprofundar no tema?<\/b><\/h3>\n<p><span style=\"font-weight: 400;\">Acompanhe o <\/span><b>epis\u00f3dio completo do PAULUSCast<\/b><span style=\"font-weight: 400;\">, com a entrevista na \u00edntegra e reflex\u00f5es aprofundadas sobre sa\u00fade mental, autocuidado e sociedade.<\/span><span style=\"font-weight: 400;\"><br \/>\n<\/span><span style=\"font-weight: 400;\">\u00a0<\/span><\/p>\n<p><b>Assista ao epis\u00f3dio completo aqui.<\/b><\/p>\n<h3><b>Perguntas frequentes sobre sa\u00fade mental e Janeiro Branco<\/b><\/h3>\n<p><b>O que \u00e9 o Janeiro Branco?<\/b><b><\/p>\n<p><\/b><\/p>\n<p><span style=\"font-weight: 400;\">O Janeiro Branco \u00e9 uma campanha nacional criada em 2014 para conscientizar a popula\u00e7\u00e3o sobre a import\u00e2ncia do cuidado com a sa\u00fade mental e emocional.<\/span><\/p>\n<p><b>Por que o Brasil lidera os casos de depress\u00e3o na Am\u00e9rica Latina?<\/b><b><br \/>\n<\/b><span style=\"font-weight: 400;\">Segundo a OMS, fatores sociais, econ\u00f4micos, culturais e o impacto da pandemia contribu\u00edram para o aumento dos transtornos mentais no pa\u00eds.<\/span><\/p>\n<p><b>Quais s\u00e3o os principais sinais de que a sa\u00fade mental n\u00e3o vai bem?<\/b><b><br \/>\n<\/b><span style=\"font-weight: 400;\">Dores f\u00edsicas frequentes, altera\u00e7\u00f5es de humor, mudan\u00e7as no comportamento, ansiedade constante e dificuldade para dormir podem ser sinais de alerta.<\/span><\/p>\n<p><b>Ansiedade e depress\u00e3o t\u00eam tratamento?<\/b><b><br \/>\n<\/b><span style=\"font-weight: 400;\">Sim. Ambas t\u00eam tratamento eficaz, que pode incluir acompanhamento psicol\u00f3gico, psiqui\u00e1trico e mudan\u00e7as no estilo de vida.<\/span><\/p>\n<p><b>Quando procurar ajuda profissional?<\/b><b><br \/>\n<\/b><span style=\"font-weight: 400;\">Sempre que os sintomas come\u00e7arem a interferir na rotina, nos relacionamentos ou no bem-estar emocional.<\/span><\/p>\n","protected":false},"excerpt":{"rendered":"<p>A manchete publicada pela Forbes: &#8220;Sa\u00fade mental ultrapassa o c\u00e2ncer e se torna a maior preocupa\u00e7\u00e3o dos brasileiros&#8221; alerta para um problema crescente: a sociedade est\u00e1 cada vez mais adoecendo emocionalmente. De acordo com dados da Organiza\u00e7\u00e3o Mundial da Sa\u00fade (OMS) e do Minist\u00e9rio da Sa\u00fade, o Brasil lidera a Am\u00e9rica Latina com a maior [&hellip;]<\/p>\n","protected":false},"author":3,"featured_media":76306,"comment_status":"open","ping_status":"open","sticky":false,"template":"","format":"standard","meta":{"_acf_changed":false,"footnotes":""},"categories":[15],"tags":[],"class_list":["post-76304","post","type-post","status-publish","format-standard","has-post-thumbnail","hentry","category-noticias"],"acf":[],"aioseo_notices":[],"_links":{"self":[{"href":"https:\/\/www.paulus.com.br\/portal\/wp-json\/wp\/v2\/posts\/76304","targetHints":{"allow":["GET"]}}],"collection":[{"href":"https:\/\/www.paulus.com.br\/portal\/wp-json\/wp\/v2\/posts"}],"about":[{"href":"https:\/\/www.paulus.com.br\/portal\/wp-json\/wp\/v2\/types\/post"}],"author":[{"embeddable":true,"href":"https:\/\/www.paulus.com.br\/portal\/wp-json\/wp\/v2\/users\/3"}],"replies":[{"embeddable":true,"href":"https:\/\/www.paulus.com.br\/portal\/wp-json\/wp\/v2\/comments?post=76304"}],"version-history":[{"count":2,"href":"https:\/\/www.paulus.com.br\/portal\/wp-json\/wp\/v2\/posts\/76304\/revisions"}],"predecessor-version":[{"id":76308,"href":"https:\/\/www.paulus.com.br\/portal\/wp-json\/wp\/v2\/posts\/76304\/revisions\/76308"}],"wp:featuredmedia":[{"embeddable":true,"href":"https:\/\/www.paulus.com.br\/portal\/wp-json\/wp\/v2\/media\/76306"}],"wp:attachment":[{"href":"https:\/\/www.paulus.com.br\/portal\/wp-json\/wp\/v2\/media?parent=76304"}],"wp:term":[{"taxonomy":"category","embeddable":true,"href":"https:\/\/www.paulus.com.br\/portal\/wp-json\/wp\/v2\/categories?post=76304"},{"taxonomy":"post_tag","embeddable":true,"href":"https:\/\/www.paulus.com.br\/portal\/wp-json\/wp\/v2\/tags?post=76304"}],"curies":[{"name":"wp","href":"https:\/\/api.w.org\/{rel}","templated":true}]}}