{"id":76268,"date":"2025-12-18T13:18:42","date_gmt":"2025-12-18T16:18:42","guid":{"rendered":"https:\/\/www.paulus.com.br\/portal\/?p=76268"},"modified":"2025-12-18T13:55:11","modified_gmt":"2025-12-18T16:55:11","slug":"paulus-editora-recebe-o-selo-catedra-10-da-unesco","status":"publish","type":"post","link":"https:\/\/www.paulus.com.br\/portal\/paulus-editora-recebe-o-selo-catedra-10-da-unesco\/","title":{"rendered":"PAULUS Editora recebe o Selo C\u00e1tedra 10 da UNESCO"},"content":{"rendered":"<p><img loading=\"lazy\" decoding=\"async\" class=\"aligncenter wp-image-76269 size-full\" src=\"https:\/\/www.paulus.com.br\/portal\/wp-content\/uploads\/2025\/12\/unnamed-6.webp\" alt=\"\" width=\"750\" height=\"350\" srcset=\"https:\/\/www.paulus.com.br\/portal\/wp-content\/uploads\/2025\/12\/unnamed-6.webp 750w, https:\/\/www.paulus.com.br\/portal\/wp-content\/uploads\/2025\/12\/unnamed-6-300x140.webp 300w, https:\/\/www.paulus.com.br\/portal\/wp-content\/uploads\/2025\/12\/unnamed-6-120x56.webp 120w, https:\/\/www.paulus.com.br\/portal\/wp-content\/uploads\/2025\/12\/unnamed-6-90x42.webp 90w, https:\/\/www.paulus.com.br\/portal\/wp-content\/uploads\/2025\/12\/unnamed-6-180x84.webp 180w\" sizes=\"auto, (max-width: 750px) 100vw, 750px\" \/><\/p>\n<p style=\"text-align: justify;\"><span style=\"font-weight: 400;\">Nesta quarta-feira, <\/span><b>17<\/b><span style=\"font-weight: 400;\">, a <\/span><b>PAULUS Editora<\/b><span style=\"font-weight: 400;\"> foi contemplada com o <\/span><b>Selo C\u00e1tedra 10<\/b><span style=\"font-weight: 400;\">, concedido pela <\/span><b>C\u00e1tedra UNESCO de Leitura da PUC-Rio<\/b><span style=\"font-weight: 400;\">. A obra selecionada foi <\/span><b><i>Contos e Lendas da Am\u00e9rica Latina<\/i><\/b><span style=\"font-weight: 400;\">, de <\/span><b>Alexandre Carvalho<\/b><span style=\"font-weight: 400;\">, com ilustra\u00e7\u00f5es de <\/span><b>Veruschka Guerra<\/b><span style=\"font-weight: 400;\">, na categoria <\/span><b>Sele\u00e7\u00e3o<\/b><span style=\"font-weight: 400;\">.<\/span><\/p>\n<p style=\"text-align: justify;\"><span style=\"font-weight: 400;\">O <\/span><b>Selo C\u00e1tedra 10<\/b><span style=\"font-weight: 400;\"> reconhece obras que se destacam pelo <\/span><b>valor liter\u00e1rio, est\u00e9tico e editorial<\/b><span style=\"font-weight: 400;\">, considerando diferentes temas e g\u00eaneros, sem restri\u00e7\u00e3o por categorias ou faixas et\u00e1rias. A avalia\u00e7\u00e3o dedica aten\u00e7\u00e3o especial \u00e0 <\/span><b>qualidade art\u00edstica do di\u00e1logo entre texto e imagem<\/b><span style=\"font-weight: 400;\">, aspecto fundamental para o livro infantil e juvenil enquanto instrumento de <\/span><b>arte-educa\u00e7\u00e3o e forma\u00e7\u00e3o leitora<\/b><span style=\"font-weight: 400;\">.<\/span><\/p>\n<h3 style=\"text-align: justify;\"><b>Conhe\u00e7a a obra premiada<\/b><\/h3>\n<p style=\"text-align: justify;\"><a href=\"https:\/\/loja.paulus.com.br\/contos-e-lendas-da-america-latina\/p\" target=\"_blank\" rel=\"noopener\"><b>Clique aqui e confira\u00a0\u00a0<\/b><\/a><\/p>\n<p style=\"text-align: justify;\"><span style=\"font-weight: 400;\">Destacar a <\/span><b>hist\u00f3ria da Am\u00e9rica Latina<\/b><span style=\"font-weight: 400;\">, sua diversidade cultural e suas narrativas tradicionais \u00e9 o principal objetivo do livro <\/span><b><i>Contos e Lendas da Am\u00e9rica Latina<\/i><\/b><span style=\"font-weight: 400;\">. Publicada pela <\/span><b>PAULUS Editora<\/b><span style=\"font-weight: 400;\">, a obra foi organizada por <\/span><b>Alexandre Carvalho <\/b><span style=\"font-weight: 400;\">e ilustrada por <\/span><b>Veruschka Guerra<\/b><span style=\"font-weight: 400;\">.<\/span><\/p>\n<p style=\"text-align: justify;\"><span style=\"font-weight: 400;\">O livro re\u00fane <\/span><b>mais de 40 contos<\/b><span style=\"font-weight: 400;\"> inspirados no <\/span><b>folclore dos pa\u00edses latino-americanos<\/b><span style=\"font-weight: 400;\">, apresentando um recorte lingu\u00edstico e cultural que contempla na\u00e7\u00f5es do <\/span><b>M\u00e9xico<\/b><span style=\"font-weight: 400;\">, <\/span><b>Am\u00e9rica do Norte<\/b><span style=\"font-weight: 400;\">, <\/span><b>Am\u00e9rica Central<\/b><span style=\"font-weight: 400;\"> e <\/span><b>Am\u00e9rica do Sul<\/b><span style=\"font-weight: 400;\">.<\/span><\/p>\n<p style=\"text-align: justify;\"><span style=\"font-weight: 400;\">Rico em cores e ilustra\u00e7\u00f5es expressivas, o t\u00edtulo traz hist\u00f3rias como <\/span><b>O Curuxu e Irup\u00ea<\/b><span style=\"font-weight: 400;\">, <\/span><b>O Jaburu e o Filho do Sol<\/b><span style=\"font-weight: 400;\">, <\/span><b>A Tartaruga Ardilosa<\/b><span style=\"font-weight: 400;\">, <\/span><b>O Amazonas e a Amaz\u00f4nia<\/b><span style=\"font-weight: 400;\">, entre muitas outras narrativas tradicionais que atravessam gera\u00e7\u00f5es.<\/span><\/p>\n<p style=\"text-align: justify;\"><span style=\"font-weight: 400;\">Com grande <\/span><b>riqueza liter\u00e1ria<\/b><span style=\"font-weight: 400;\">, as hist\u00f3rias envolvem o leitor e despertam a curiosidade para conhecer e compreender melhor esse territ\u00f3rio marcado, sobretudo, pela presen\u00e7a e sabedoria dos <\/span><b>povos ind\u00edgenas<\/b><span style=\"font-weight: 400;\">, refor\u00e7ando a import\u00e2ncia da oralidade, da mem\u00f3ria e da identidade cultural latino-americana.<\/span><\/p>\n<p><a href=\"https:\/\/www.youtube.com\/watch?v=Z8wzORQ5VXw\" target=\"_blank\" rel=\"noopener\"><span style=\"color: #800000;\"><strong>Relembre o PAULUSCast sobre o livro Contos e Lendas da Am\u00e9rica Latina<\/strong><\/span><\/a><\/p>\n<h3 style=\"text-align: justify;\"><b>O que \u00e9 o Selo C\u00e1tedra 10 da UNESCO<\/b><\/h3>\n<p data-start=\"0\" data-end=\"245\">O Selo C\u00e1tedra 10, concedido pela C\u00e1tedra UNESCO de Leitura da PUC-Rio, reconhece e valoriza obras liter\u00e1rias de excel\u00eancia que contribuem para a forma\u00e7\u00e3o de leitores, o desenvolvimento educacional e o fortalecimento da cultura escrita e visual.<\/p>\n<p data-start=\"247\" data-end=\"416\" data-is-last-node=\"\" data-is-only-node=\"\">A premia\u00e7\u00e3o reafirma o compromisso com livros que ampliam o acesso \u00e0 leitura, estimulam o pensamento cr\u00edtico e promovem o di\u00e1logo entre literatura, educa\u00e7\u00e3o e sociedade.<\/p>\n","protected":false},"excerpt":{"rendered":"<p>Nesta quarta-feira, 17, a PAULUS Editora foi contemplada com o Selo C\u00e1tedra 10, concedido pela C\u00e1tedra UNESCO de Leitura da PUC-Rio. A obra selecionada foi Contos e Lendas da Am\u00e9rica Latina, de Alexandre Carvalho, com ilustra\u00e7\u00f5es de Veruschka Guerra, na categoria Sele\u00e7\u00e3o. O Selo C\u00e1tedra 10 reconhece obras que se destacam pelo valor liter\u00e1rio, est\u00e9tico [&hellip;]<\/p>\n","protected":false},"author":3,"featured_media":76270,"comment_status":"open","ping_status":"open","sticky":false,"template":"","format":"standard","meta":{"_acf_changed":false,"footnotes":""},"categories":[15],"tags":[],"class_list":["post-76268","post","type-post","status-publish","format-standard","has-post-thumbnail","hentry","category-noticias"],"acf":[],"aioseo_notices":[],"_links":{"self":[{"href":"https:\/\/www.paulus.com.br\/portal\/wp-json\/wp\/v2\/posts\/76268","targetHints":{"allow":["GET"]}}],"collection":[{"href":"https:\/\/www.paulus.com.br\/portal\/wp-json\/wp\/v2\/posts"}],"about":[{"href":"https:\/\/www.paulus.com.br\/portal\/wp-json\/wp\/v2\/types\/post"}],"author":[{"embeddable":true,"href":"https:\/\/www.paulus.com.br\/portal\/wp-json\/wp\/v2\/users\/3"}],"replies":[{"embeddable":true,"href":"https:\/\/www.paulus.com.br\/portal\/wp-json\/wp\/v2\/comments?post=76268"}],"version-history":[{"count":4,"href":"https:\/\/www.paulus.com.br\/portal\/wp-json\/wp\/v2\/posts\/76268\/revisions"}],"predecessor-version":[{"id":76274,"href":"https:\/\/www.paulus.com.br\/portal\/wp-json\/wp\/v2\/posts\/76268\/revisions\/76274"}],"wp:featuredmedia":[{"embeddable":true,"href":"https:\/\/www.paulus.com.br\/portal\/wp-json\/wp\/v2\/media\/76270"}],"wp:attachment":[{"href":"https:\/\/www.paulus.com.br\/portal\/wp-json\/wp\/v2\/media?parent=76268"}],"wp:term":[{"taxonomy":"category","embeddable":true,"href":"https:\/\/www.paulus.com.br\/portal\/wp-json\/wp\/v2\/categories?post=76268"},{"taxonomy":"post_tag","embeddable":true,"href":"https:\/\/www.paulus.com.br\/portal\/wp-json\/wp\/v2\/tags?post=76268"}],"curies":[{"name":"wp","href":"https:\/\/api.w.org\/{rel}","templated":true}]}}