{"id":76252,"date":"2025-12-17T16:00:22","date_gmt":"2025-12-17T19:00:22","guid":{"rendered":"https:\/\/www.paulus.com.br\/portal\/?p=76252"},"modified":"2025-12-18T10:34:49","modified_gmt":"2025-12-18T13:34:49","slug":"paulinos-participam-de-encontro-internacional-sobre-integracao-digital-da-paulus","status":"publish","type":"post","link":"https:\/\/www.paulus.com.br\/portal\/paulinos-participam-de-encontro-internacional-sobre-integracao-digital-da-paulus\/","title":{"rendered":"Paulinos participam de encontro internacional sobre integra\u00e7\u00e3o digital"},"content":{"rendered":"<p><img loading=\"lazy\" decoding=\"async\" class=\"aligncenter wp-image-76258 \" src=\"https:\/\/www.paulus.com.br\/portal\/wp-content\/uploads\/2025\/12\/WhatsApp-Image-2025-12-17-at-10.47.05-2.jpeg\" alt=\"\" width=\"1051\" height=\"590\" srcset=\"https:\/\/www.paulus.com.br\/portal\/wp-content\/uploads\/2025\/12\/WhatsApp-Image-2025-12-17-at-10.47.05-2.jpeg 1600w, https:\/\/www.paulus.com.br\/portal\/wp-content\/uploads\/2025\/12\/WhatsApp-Image-2025-12-17-at-10.47.05-2-300x168.jpeg 300w, https:\/\/www.paulus.com.br\/portal\/wp-content\/uploads\/2025\/12\/WhatsApp-Image-2025-12-17-at-10.47.05-2-1024x575.jpeg 1024w, https:\/\/www.paulus.com.br\/portal\/wp-content\/uploads\/2025\/12\/WhatsApp-Image-2025-12-17-at-10.47.05-2-768x431.jpeg 768w, https:\/\/www.paulus.com.br\/portal\/wp-content\/uploads\/2025\/12\/WhatsApp-Image-2025-12-17-at-10.47.05-2-1536x862.jpeg 1536w, https:\/\/www.paulus.com.br\/portal\/wp-content\/uploads\/2025\/12\/WhatsApp-Image-2025-12-17-at-10.47.05-2-120x67.jpeg 120w, https:\/\/www.paulus.com.br\/portal\/wp-content\/uploads\/2025\/12\/WhatsApp-Image-2025-12-17-at-10.47.05-2-90x51.jpeg 90w, https:\/\/www.paulus.com.br\/portal\/wp-content\/uploads\/2025\/12\/WhatsApp-Image-2025-12-17-at-10.47.05-2-180x101.jpeg 180w\" sizes=\"auto, (max-width: 1051px) 100vw, 1051px\" \/><\/p>\n<p><i><span style=\"font-weight: 400;\">Religiosos paulinos do Brasil, Am\u00e9rica Latina e Europa refletem sobre evangeliza\u00e7\u00e3o digital, intelig\u00eancia artificial e \u00e9tica editorial na PAULUS<\/span><\/i><\/p>\n<p><span style=\"font-weight: 400;\">Entre os dias <\/span><b>8 e 12 de dezembro<\/b><span style=\"font-weight: 400;\">, membros da <\/span><b>Pia Sociedade de S\u00e3o Paulo<\/b><span style=\"font-weight: 400;\">, provenientes da <\/span><b>Am\u00e9rica Latina e da Europa<\/b><span style=\"font-weight: 400;\">, participaram do <\/span><b>Encontro Internacional sobre a Integra\u00e7\u00e3o Estrat\u00e9gica Digital da PAULUS Editora<\/b><span style=\"font-weight: 400;\">.<\/span><\/p>\n<p><span style=\"font-weight: 400;\">O evento foi realizado na <\/span><b>Faculdade PAULUS de Comunica\u00e7\u00e3o (FAPCOM)<\/b><span style=\"font-weight: 400;\"> e reuniu religiosos paulinos para refletir sobre os <\/span><b>desafios e oportunidades da transforma\u00e7\u00e3o digital<\/b><span style=\"font-weight: 400;\"> no apostolado e na miss\u00e3o evangelizadora da Congrega\u00e7\u00e3o.<\/span><\/p>\n<p><span style=\"font-weight: 400;\">A forma\u00e7\u00e3o teve como principal objetivo <\/span><b>repensar o apostolado paulino no ambiente digital<\/b><span style=\"font-weight: 400;\">, \u00e0 luz das r\u00e1pidas transforma\u00e7\u00f5es tecnol\u00f3gicas que impactam a comunica\u00e7\u00e3o, a produ\u00e7\u00e3o editorial e a rela\u00e7\u00e3o com novos p\u00fablicos.<\/span><\/p>\n<p><a href=\"https:\/\/www.youtube.com\/watch?v=2A2uKS6cubw&amp;embeds_referring_euri=https%3A%2F%2Fchat.google.com%2F&amp;embeds_referring_origin=https%3A%2F%2Fchat.google.com&amp;source_ve_path=MjM4NTE\" target=\"_blank\" rel=\"noopener\"><strong><span style=\"color: #800000;\">ASSISTA O V\u00cdDEO COM OS PRINCIPAIS MOMENTOS<\/span><\/strong><\/a><\/p>\n<p><span style=\"font-weight: 400;\">O encontro destacou a import\u00e2ncia de alinhar <\/span><b>inova\u00e7\u00e3o, miss\u00e3o evangelizadora e valores humanos<\/b><span style=\"font-weight: 400;\">, fortalecendo a presen\u00e7a da PAULUS nos meios digitais de forma estrat\u00e9gica e consciente.<\/span><\/p>\n<p><span style=\"font-weight: 400;\">Um dos pontos centrais da programa\u00e7\u00e3o foi o aprofundamento no uso da <\/span><b>Intelig\u00eancia Artificial (IA)<\/b><span style=\"font-weight: 400;\"> nos <\/span><b>processos editoriais<\/b><span style=\"font-weight: 400;\">, especialmente na <\/span><b>edi\u00e7\u00e3o de livros<\/b><span style=\"font-weight: 400;\">, al\u00e9m de aplica\u00e7\u00f5es em \u00e1reas administrativas.<\/span><\/p>\n<p><img loading=\"lazy\" decoding=\"async\" class=\"aligncenter wp-image-76256\" src=\"https:\/\/www.paulus.com.br\/portal\/wp-content\/uploads\/2025\/12\/WhatsApp-Image-2025-12-17-at-10.47.05-1-1024x575.jpeg\" alt=\"\" width=\"707\" height=\"397\" srcset=\"https:\/\/www.paulus.com.br\/portal\/wp-content\/uploads\/2025\/12\/WhatsApp-Image-2025-12-17-at-10.47.05-1-1024x575.jpeg 1024w, https:\/\/www.paulus.com.br\/portal\/wp-content\/uploads\/2025\/12\/WhatsApp-Image-2025-12-17-at-10.47.05-1-300x168.jpeg 300w, https:\/\/www.paulus.com.br\/portal\/wp-content\/uploads\/2025\/12\/WhatsApp-Image-2025-12-17-at-10.47.05-1-768x431.jpeg 768w, https:\/\/www.paulus.com.br\/portal\/wp-content\/uploads\/2025\/12\/WhatsApp-Image-2025-12-17-at-10.47.05-1-1536x862.jpeg 1536w, https:\/\/www.paulus.com.br\/portal\/wp-content\/uploads\/2025\/12\/WhatsApp-Image-2025-12-17-at-10.47.05-1-120x67.jpeg 120w, https:\/\/www.paulus.com.br\/portal\/wp-content\/uploads\/2025\/12\/WhatsApp-Image-2025-12-17-at-10.47.05-1-90x51.jpeg 90w, https:\/\/www.paulus.com.br\/portal\/wp-content\/uploads\/2025\/12\/WhatsApp-Image-2025-12-17-at-10.47.05-1-180x101.jpeg 180w, https:\/\/www.paulus.com.br\/portal\/wp-content\/uploads\/2025\/12\/WhatsApp-Image-2025-12-17-at-10.47.05-1.jpeg 1600w\" sizes=\"auto, (max-width: 707px) 100vw, 707px\" \/><\/p>\n<p><span style=\"font-weight: 400;\">As reflex\u00f5es abordaram:<\/span><\/p>\n<ul>\n<li style=\"font-weight: 400;\" aria-level=\"1\"><span style=\"font-weight: 400;\">Oportunidades da IA na produ\u00e7\u00e3o editorial<\/span><\/li>\n<li style=\"font-weight: 400;\" aria-level=\"1\">Limites tecnol\u00f3gicos e operacionais<\/li>\n<li style=\"font-weight: 400;\" aria-level=\"1\">Aspectos \u00e9ticos no uso de ferramentas digitais<\/li>\n<li style=\"font-weight: 400;\" aria-level=\"1\">Preserva\u00e7\u00e3o da identidade humana e evangelizadora da Editora<\/li>\n<\/ul>\n<p><span style=\"font-weight: 400;\">Durante o encontro, os participantes refletiram sobre a <\/span><b>evangeliza\u00e7\u00e3o nas m\u00eddias digitais<\/b><span style=\"font-weight: 400;\">, especialmente no di\u00e1logo com as <\/span><b>novas gera\u00e7\u00f5es<\/b><span style=\"font-weight: 400;\">, cada vez mais conectadas e influenciadas pelo ambiente digital.<\/span><\/p>\n<blockquote><p><span style=\"font-weight: 400;\">\u201cEstivemos reunidos para refletir sobre o apostolado paulino, a evangeliza\u00e7\u00e3o nas m\u00eddias digitais e como podemos utiliz\u00e1-las para anunciar a mensagem do Evangelho, sobretudo \u00e0s novas gera\u00e7\u00f5es. \u00c9 fundamental discutir esse tema e apresentar elementos concretos para o futuro, valorizando sempre as rela\u00e7\u00f5es humanas\u201d, destacou o padre Valdecir Pereira Uveda, conselheiro-geral da Pia Sociedade de S\u00e3o Paulo.<\/span><\/p><\/blockquote>\n<p><span style=\"font-weight: 400;\">O encontro tamb\u00e9m refor\u00e7ou a import\u00e2ncia de integrar novas tecnologias sem perder a <\/span><b>ess\u00eancia da miss\u00e3o editorial da PAULUS<\/b><span style=\"font-weight: 400;\">, que \u00e9 <\/span><b>anunciar a Palavra de Deus<\/b><span style=\"font-weight: 400;\"> com responsabilidade, \u00e9tica e compromisso humano.<\/span><\/p>\n<blockquote><p><span style=\"font-weight: 400;\">\u201cRefletir sobre os impactos da intelig\u00eancia artificial nas atividades editoriais nos ajuda a pensar perspectivas e possibilidades, sem deixar de considerar as quest\u00f5es \u00e9ticas sobre o uso dessas ferramentas, para que n\u00e3o se perca a dimens\u00e3o humana da Editora\u201d, afirmou padre Silvio Ribas, diretor-geral da PAULUS Editora.<\/span><\/p><\/blockquote>\n<p><span style=\"font-weight: 400;\">Durante o encontro, os participantes destacaram a import\u00e2ncia de aprofundar o di\u00e1logo sobre inova\u00e7\u00e3o tecnol\u00f3gica no campo editorial, especialmente diante do avan\u00e7o da intelig\u00eancia artificial. Nesse contexto, foi ressaltado que o uso dessas ferramentas deve estar sempre alinhado \u00e0 miss\u00e3o evangelizadora e aos valores humanos que orientam a atua\u00e7\u00e3o da PAULUS.<\/span><\/p>\n<blockquote><p><span style=\"font-weight: 400;\">\u201cDiscutir sobre os impactos da intelig\u00eancia artificial nas atividades editoriais \u00e9 fundamental para pensar novas perspectivas e possibilidades para a miss\u00e3o da PAULUS. Ao mesmo tempo, \u00e9 indispens\u00e1vel aprofundar o debate sobre as quest\u00f5es \u00e9ticas envolvidas no uso dessas ferramentas, garantindo que a inova\u00e7\u00e3o tecnol\u00f3gica n\u00e3o comprometa a ess\u00eancia e a dimens\u00e3o humana da Editora, cuja miss\u00e3o \u00e9 anunciar a Palavra de Deus\u201d, sublinhou o padre\u00a0 Jos\u00e9 Erivaldo Dantas, diretor da Faculdade PAULUS de Comunica\u00e7\u00e3o.<\/span><\/p>\n<p>&nbsp;<\/p>\n<p><img loading=\"lazy\" decoding=\"async\" class=\"aligncenter wp-image-76253 size-full\" src=\"https:\/\/www.paulus.com.br\/portal\/wp-content\/uploads\/2025\/12\/IMG_9988-scaled.jpg\" alt=\"\" width=\"2560\" height=\"1707\" srcset=\"https:\/\/www.paulus.com.br\/portal\/wp-content\/uploads\/2025\/12\/IMG_9988-scaled.jpg 2560w, https:\/\/www.paulus.com.br\/portal\/wp-content\/uploads\/2025\/12\/IMG_9988-300x200.jpg 300w, https:\/\/www.paulus.com.br\/portal\/wp-content\/uploads\/2025\/12\/IMG_9988-1024x683.jpg 1024w, https:\/\/www.paulus.com.br\/portal\/wp-content\/uploads\/2025\/12\/IMG_9988-768x512.jpg 768w, https:\/\/www.paulus.com.br\/portal\/wp-content\/uploads\/2025\/12\/IMG_9988-1536x1024.jpg 1536w, https:\/\/www.paulus.com.br\/portal\/wp-content\/uploads\/2025\/12\/IMG_9988-2048x1365.jpg 2048w, https:\/\/www.paulus.com.br\/portal\/wp-content\/uploads\/2025\/12\/IMG_9988-120x80.jpg 120w, https:\/\/www.paulus.com.br\/portal\/wp-content\/uploads\/2025\/12\/IMG_9988-90x60.jpg 90w, https:\/\/www.paulus.com.br\/portal\/wp-content\/uploads\/2025\/12\/IMG_9988-180x120.jpg 180w\" sizes=\"auto, (max-width: 2560px) 100vw, 2560px\" \/><\/p><\/blockquote>\n","protected":false},"excerpt":{"rendered":"<p>Religiosos paulinos do Brasil, Am\u00e9rica Latina e Europa refletem sobre evangeliza\u00e7\u00e3o digital, intelig\u00eancia artificial e \u00e9tica editorial na PAULUS Entre os dias 8 e 12 de dezembro, membros da Pia Sociedade de S\u00e3o Paulo, provenientes da Am\u00e9rica Latina e da Europa, participaram do Encontro Internacional sobre a Integra\u00e7\u00e3o Estrat\u00e9gica Digital da PAULUS Editora. O evento [&hellip;]<\/p>\n","protected":false},"author":3,"featured_media":76257,"comment_status":"open","ping_status":"open","sticky":false,"template":"","format":"standard","meta":{"_acf_changed":false,"footnotes":""},"categories":[15],"tags":[],"class_list":["post-76252","post","type-post","status-publish","format-standard","has-post-thumbnail","hentry","category-noticias"],"acf":[],"aioseo_notices":[],"_links":{"self":[{"href":"https:\/\/www.paulus.com.br\/portal\/wp-json\/wp\/v2\/posts\/76252","targetHints":{"allow":["GET"]}}],"collection":[{"href":"https:\/\/www.paulus.com.br\/portal\/wp-json\/wp\/v2\/posts"}],"about":[{"href":"https:\/\/www.paulus.com.br\/portal\/wp-json\/wp\/v2\/types\/post"}],"author":[{"embeddable":true,"href":"https:\/\/www.paulus.com.br\/portal\/wp-json\/wp\/v2\/users\/3"}],"replies":[{"embeddable":true,"href":"https:\/\/www.paulus.com.br\/portal\/wp-json\/wp\/v2\/comments?post=76252"}],"version-history":[{"count":6,"href":"https:\/\/www.paulus.com.br\/portal\/wp-json\/wp\/v2\/posts\/76252\/revisions"}],"predecessor-version":[{"id":76267,"href":"https:\/\/www.paulus.com.br\/portal\/wp-json\/wp\/v2\/posts\/76252\/revisions\/76267"}],"wp:featuredmedia":[{"embeddable":true,"href":"https:\/\/www.paulus.com.br\/portal\/wp-json\/wp\/v2\/media\/76257"}],"wp:attachment":[{"href":"https:\/\/www.paulus.com.br\/portal\/wp-json\/wp\/v2\/media?parent=76252"}],"wp:term":[{"taxonomy":"category","embeddable":true,"href":"https:\/\/www.paulus.com.br\/portal\/wp-json\/wp\/v2\/categories?post=76252"},{"taxonomy":"post_tag","embeddable":true,"href":"https:\/\/www.paulus.com.br\/portal\/wp-json\/wp\/v2\/tags?post=76252"}],"curies":[{"name":"wp","href":"https:\/\/api.w.org\/{rel}","templated":true}]}}