{"id":76240,"date":"2026-01-26T11:39:45","date_gmt":"2026-01-26T14:39:45","guid":{"rendered":"https:\/\/www.paulus.com.br\/portal\/?p=76240"},"modified":"2026-01-23T11:40:59","modified_gmt":"2026-01-23T14:40:59","slug":"paulus-editora-e-destaque-no-catequistas-brasil-2026-com-programacao-especial-de-formacao","status":"publish","type":"post","link":"https:\/\/www.paulus.com.br\/portal\/paulus-editora-e-destaque-no-catequistas-brasil-2026-com-programacao-especial-de-formacao\/","title":{"rendered":"PAULUS Editora \u00e9 destaque no Catequistas Brasil 2026 com programa\u00e7\u00e3o especial de forma\u00e7\u00e3o"},"content":{"rendered":"<p><img loading=\"lazy\" decoding=\"async\" class=\"aligncenter wp-image-76424 size-full\" src=\"https:\/\/www.paulus.com.br\/portal\/wp-content\/uploads\/2026\/01\/Banner-750x350-1.jpg\" alt=\"\" width=\"750\" height=\"350\" srcset=\"https:\/\/www.paulus.com.br\/portal\/wp-content\/uploads\/2026\/01\/Banner-750x350-1.jpg 750w, https:\/\/www.paulus.com.br\/portal\/wp-content\/uploads\/2026\/01\/Banner-750x350-1-300x140.jpg 300w, https:\/\/www.paulus.com.br\/portal\/wp-content\/uploads\/2026\/01\/Banner-750x350-1-120x56.jpg 120w, https:\/\/www.paulus.com.br\/portal\/wp-content\/uploads\/2026\/01\/Banner-750x350-1-90x42.jpg 90w, https:\/\/www.paulus.com.br\/portal\/wp-content\/uploads\/2026\/01\/Banner-750x350-1-180x84.jpg 180w\" sizes=\"auto, (max-width: 750px) 100vw, 750px\" \/><\/p>\n<p><i><span style=\"font-weight: 400;\">Refer\u00eancia nacional na forma\u00e7\u00e3o catequ\u00e9tica, a PAULUS Editora marca presen\u00e7a no Catequistas Brasil 2026 com autores, palestras e oficinas essenciais para catequistas de todo o pa\u00eds<\/span><\/i><\/p>\n<p><span style=\"font-weight: 400;\">De 29 de janeiro a 1\u00ba de fevereiro de 2026, a PAULUS Editora ser\u00e1 destaque na programa\u00e7\u00e3o da 7\u00aa edi\u00e7\u00e3o do Catequistas Brasil, que acontecer\u00e1 no Centro de Eventos Padre V\u00edtor Coelho de Almeida, no Santu\u00e1rio Nacional de Aparecida (SP).<\/span><\/p>\n<p><span style=\"font-weight: 400;\">Reconhecido como um dos principais eventos de catequese do Pa\u00eds, o Catequistas Brasil re\u00fane milhares de catequistas, agentes de pastoral, religiosos e lideran\u00e7as da Igreja. A participa\u00e7\u00e3o da PAULUS reafirma seu papel como refer\u00eancia na forma\u00e7\u00e3o catequ\u00e9tica h\u00e1 v\u00e1rias gera\u00e7\u00f5es, contribuindo de forma s\u00f3lida para a evangeliza\u00e7\u00e3o.<\/span><\/p>\n<p><span style=\"font-weight: 400;\">Sob o tema \u201cA f\u00e9 que nos move\u201d, a PAULUS Editora apresenta uma programa\u00e7\u00e3o intensa, com palestras, oficinas e forma\u00e7\u00f5es voltadas ao fortalecimento da miss\u00e3o catequ\u00e9tica, abordando temas atuais, espirituais e pastorais.<\/span><\/p>\n<p><a href=\"https:\/\/catequistasbrasil.com.br\/\" target=\"_blank\" rel=\"noopener\"><b>Garanta seu ingresso e participe dessa grande maratona de evangeliza\u00e7\u00e3o com a PAULUS:<\/b><b><br \/>\n<\/b><\/a><\/p>\n<p><b>Programa\u00e7\u00e3o da PAULUS Editora no Catequistas Brasil 2026<\/b><\/p>\n<h3><b>29 de janeiro (quinta-feira)<\/b><\/h3>\n<h4><b>Palco Principal<\/b><\/h4>\n<p><b>14h \u00e0s 14h50<\/b><b><br \/>\n<\/b> A voz que transmite a f\u00e9: o poder da m\u00fasica na catequese<br \/>\n<i>Pe. Deivid Tavares<\/i><\/p>\n<h4><b>Palestras \u2013 Subsolo<\/b><\/h4>\n<p><b>15h \u00e0s 15h50<\/b><b><br \/>\n<\/b> Como quebrar o tabu da morte<br \/>\n<i>Loo Burnett<\/i><\/p>\n<p><b>16h \u00e0s 16h50<\/b><b><br \/>\n<\/b> Catequese criativa<br \/>\n<i>Pe. Deivid Tavares<\/i><\/p>\n<p><a href=\"https:\/\/loja.paulus.com.br\/catequese?_q=catequese&amp;map=ft\" target=\"_blank\" rel=\"noopener\"><b>Confira o cat\u00e1logo de Catequese da PAULUS Editora<\/b><b><br \/>\n<\/b><\/a><\/p>\n<h3><b>30 de janeiro (sexta-feira)<\/b><\/h3>\n<h4><b>Oficinas \u2013 Subsolo<\/b><\/h4>\n<p><b>10h10 \u00e0s 11h<\/b><b><br \/>\n<\/b>Cinco segredos que catequistas precisam saber sobre a forma\u00e7\u00e3o da personalidade<br \/>\n<i>Altierez dos Santos<\/i><\/p>\n<p><b>11h10 \u00e0s 12h<\/b><b><br \/>\n<\/b> Quando a f\u00e9 adoece e quando a f\u00e9 liberta: caminhos para al\u00e9m do abuso espiritual<br \/>\n<i>Gabriel Periss\u00e9<\/i><\/p>\n<h4><b>Gin\u00e1sio<\/b><\/h4>\n<p><b>14h40 \u00e0s 15h30<\/b><b><br \/>\n<\/b> 7 estrat\u00e9gias de evangeliza\u00e7\u00e3o nas redes sociais<br \/>\n<i>Pe. Francisco Galv\u00e3o<\/i><\/p>\n<p><b>15h50 \u00e0s 16h40<\/b><b><br \/>\n<\/b>O catequista e a gra\u00e7a de perseverar: uma miss\u00e3o que se renova a cada dia<br \/>\n<i>Ir. L\u00facia Imaculada<\/i><\/p>\n<p><b>15h50 \u00e0s 16h40<\/b><b><br \/>\n<\/b> Fam\u00edlia, um elo de amor<br \/>\n<i>Janice Santos<\/i><\/p>\n<p><b>17h \u00e0s 17h50<\/b><b><br \/>\n<\/b> Os 10 mandamentos do mission\u00e1rio digital<br \/>\n<i>Pe. Francisco Galv\u00e3o<\/i><\/p>\n<h4><b>Palco Principal<\/b><\/h4>\n<p><b>18h \u00e0s 18h50<\/b><b><br \/>\n<\/b>A Igreja Cat\u00f3lica vai perder mais pessoas? Cinco fatos surpreendentes sobre os pr\u00f3ximos anos<br \/>\n<i>Altierez dos Santos<\/i><\/p>\n<h3><b>31 de janeiro (s\u00e1bado)<\/b><\/h3>\n<h4><b>Palestras \u2013 Subsolo<\/b><\/h4>\n<p><b>9h40 \u00e0s 10h30<\/b><b><br \/>\n<\/b> O supremo prop\u00f3sito de Deus para o\/a catequista<br \/>\n<i>Luiz Alexandre Solano Rossi<\/i><\/p>\n<p><b>10h50 \u00e0s 11h40<br \/>\n<\/b>Quando a fam\u00edlia tamb\u00e9m \u00e9 catequista<br \/>\n<i>Fl\u00e1via Portela<\/i><\/p>\n<p><b>11h50 \u00e0s 12h40<\/b><b><br \/>\n<\/b> Nossa Senhora como catequista<br \/>\n<i>Pe. Claudiano Avelino<\/i><\/p>\n<p><b>15h50 \u00e0s 16h40<\/b><b><br \/>\n<\/b> A catequese como meio eficaz de acolhimento e discipulado de Jesus Cristo<br \/>\n<i>Pe. Josileudo Queiroz<\/i><\/p>\n<p><b>17h \u00e0s 17h50<\/b><b><br \/>\n<\/b> A evangeliza\u00e7\u00e3o das fam\u00edlias<br \/>\n<i>Fl\u00e1via Portela<\/i><\/p>\n","protected":false},"excerpt":{"rendered":"<p>Refer\u00eancia nacional na forma\u00e7\u00e3o catequ\u00e9tica, a PAULUS Editora marca presen\u00e7a no Catequistas Brasil 2026 com autores, palestras e oficinas essenciais para catequistas de todo o pa\u00eds De 29 de janeiro a 1\u00ba de fevereiro de 2026, a PAULUS Editora ser\u00e1 destaque na programa\u00e7\u00e3o da 7\u00aa edi\u00e7\u00e3o do Catequistas Brasil, que acontecer\u00e1 no Centro de Eventos [&hellip;]<\/p>\n","protected":false},"author":3,"featured_media":76425,"comment_status":"open","ping_status":"open","sticky":false,"template":"","format":"standard","meta":{"_acf_changed":false,"footnotes":""},"categories":[15],"tags":[],"class_list":["post-76240","post","type-post","status-publish","format-standard","has-post-thumbnail","hentry","category-noticias"],"acf":[],"aioseo_notices":[],"_links":{"self":[{"href":"https:\/\/www.paulus.com.br\/portal\/wp-json\/wp\/v2\/posts\/76240","targetHints":{"allow":["GET"]}}],"collection":[{"href":"https:\/\/www.paulus.com.br\/portal\/wp-json\/wp\/v2\/posts"}],"about":[{"href":"https:\/\/www.paulus.com.br\/portal\/wp-json\/wp\/v2\/types\/post"}],"author":[{"embeddable":true,"href":"https:\/\/www.paulus.com.br\/portal\/wp-json\/wp\/v2\/users\/3"}],"replies":[{"embeddable":true,"href":"https:\/\/www.paulus.com.br\/portal\/wp-json\/wp\/v2\/comments?post=76240"}],"version-history":[{"count":2,"href":"https:\/\/www.paulus.com.br\/portal\/wp-json\/wp\/v2\/posts\/76240\/revisions"}],"predecessor-version":[{"id":76426,"href":"https:\/\/www.paulus.com.br\/portal\/wp-json\/wp\/v2\/posts\/76240\/revisions\/76426"}],"wp:featuredmedia":[{"embeddable":true,"href":"https:\/\/www.paulus.com.br\/portal\/wp-json\/wp\/v2\/media\/76425"}],"wp:attachment":[{"href":"https:\/\/www.paulus.com.br\/portal\/wp-json\/wp\/v2\/media?parent=76240"}],"wp:term":[{"taxonomy":"category","embeddable":true,"href":"https:\/\/www.paulus.com.br\/portal\/wp-json\/wp\/v2\/categories?post=76240"},{"taxonomy":"post_tag","embeddable":true,"href":"https:\/\/www.paulus.com.br\/portal\/wp-json\/wp\/v2\/tags?post=76240"}],"curies":[{"name":"wp","href":"https:\/\/api.w.org\/{rel}","templated":true}]}}