{"id":76237,"date":"2025-12-16T09:01:18","date_gmt":"2025-12-16T12:01:18","guid":{"rendered":"https:\/\/www.paulus.com.br\/portal\/?p=76237"},"modified":"2025-12-16T09:01:18","modified_gmt":"2025-12-16T12:01:18","slug":"assim-como-em-belem","status":"publish","type":"post","link":"https:\/\/www.paulus.com.br\/portal\/assim-como-em-belem\/","title":{"rendered":"Assim como em Bel\u00e9m!"},"content":{"rendered":"<p style=\"text-align: justify;\">O Natal \u00e9 um tempo especial, vivido intensamente por quase todas as pessoas, mesmo os n\u00e3o cat\u00f3licos. H\u00e1 sempre uma grande movimenta\u00e7\u00e3o, seja nas casas, seja no com\u00e9rcio ou nas ruas. Todos querem manifestar aquilo que sentem e a alegria que cresce em cada cora\u00e7\u00e3o, por isso enfeitam o seu espa\u00e7o com muitas luzes, fitas, cores e o tradicional pres\u00e9pio. S\u00e3o s\u00edmbolos bastante expressivos, que merecem uma reflex\u00e3o.<\/p>\n<blockquote>\n<p style=\"text-align: justify;\">Dos evangelhos de Lucas e de Mateus temos a narra\u00e7\u00e3o de como foi o nascimento de Jesus, em Bel\u00e9m, numa manjedoura e cercado de animais e pastores. Um nascimento simples, humilde, sereno. Um nascimento que mostra onde encontramos o rosto humano de Deus.<\/p>\n<\/blockquote>\n<p style=\"text-align: justify;\">Desde o s\u00e9culo III, data das primeiras peregrina\u00e7\u00f5es a Bel\u00e9m, j\u00e1 h\u00e1 sinais da celebra\u00e7\u00e3o solene do Natal. No s\u00e9culo IV, come\u00e7aram a surgir as primeiras representa\u00e7\u00f5es, com pinturas, relevos e afrescos, provavelmente a pedido de Santa Helena, m\u00e3e do imperador Constantino. Por\u00e9m foi apenas no s\u00e9culo XIII que surgiu o primeiro pres\u00e9pio representando os personagens b\u00edblicos. Em 1223, numa gruta de Greccio, na It\u00e1lia, S\u00e3o Francisco de Assis quis que as pessoas compreendessem melhor como foi o nascimento de Jesus e por isso montou a cena b\u00edblica, com Jesus, Maria, Jos\u00e9, os pastores, os reis e os animais. N\u00e3o tardou para que isso virasse tradi\u00e7\u00e3o, como podemos constatar hoje pelo mundo afora.<\/p>\n<blockquote>\n<p style=\"text-align: justify;\">Em muitos lugares, al\u00e9m da sagrada fam\u00edlia, dos reis magos e dos pastores, \u00e9 tradi\u00e7\u00e3o incluir personagens locais \u00e0 cena de Bel\u00e9m, tais como o padeiro, o ferreiro, a lavandeira, agricultores, estudantes e assim por diante. Esta \u00e9 uma forma concreta e profunda de mostrar que todos n\u00f3s estamos inclu\u00eddos no nascimento de Jesus. Que a vida de todos n\u00f3s \u00e9 transformada com o Natal. Que n\u00e3o podemos ser indiferentes, que n\u00e3o podemos simplesmente contemplar, mas devemos participar, ser inclu\u00eddos no pres\u00e9pio, exatamente do modo como somos. Mostra que unidos a Jesus todos somos iguais, temos o mesmo espa\u00e7o. Todos fazemos parte desta fam\u00edlia de Bel\u00e9m, pois somos todos irm\u00e3os em Cristo.<\/p>\n<\/blockquote>\n<p style=\"text-align: justify;\">Que a cada Natal brote e se fortale\u00e7a esse sentimento de igualdade e fraternidade que alimenta muitas a\u00e7\u00f5es nobres e uma conviv\u00eancia tranquila e frut\u00edfera. Que o nosso pres\u00e9pio tenha espa\u00e7o para muitas pe\u00e7as, incluindo todos os que amamos e fazem parte da nossa vida.<\/p>\n<p style=\"text-align: justify;\">Feliz Natal!<\/p>\n","protected":false},"excerpt":{"rendered":"<p>O Natal \u00e9 um tempo especial, vivido intensamente por quase todas as pessoas, mesmo os n\u00e3o cat\u00f3licos. H\u00e1 sempre uma grande movimenta\u00e7\u00e3o, seja nas casas, seja no com\u00e9rcio ou nas ruas. Todos querem manifestar aquilo que sentem e a alegria que cresce em cada cora\u00e7\u00e3o, por isso enfeitam o seu espa\u00e7o com muitas luzes, fitas, [&hellip;]<\/p>\n","protected":false},"author":35,"featured_media":0,"comment_status":"open","ping_status":"open","sticky":false,"template":"","format":"standard","meta":{"_acf_changed":false,"footnotes":""},"categories":[356],"tags":[],"class_list":["post-76237","post","type-post","status-publish","format-standard","hentry","category-colunista"],"acf":[],"aioseo_notices":[],"_links":{"self":[{"href":"https:\/\/www.paulus.com.br\/portal\/wp-json\/wp\/v2\/posts\/76237","targetHints":{"allow":["GET"]}}],"collection":[{"href":"https:\/\/www.paulus.com.br\/portal\/wp-json\/wp\/v2\/posts"}],"about":[{"href":"https:\/\/www.paulus.com.br\/portal\/wp-json\/wp\/v2\/types\/post"}],"author":[{"embeddable":true,"href":"https:\/\/www.paulus.com.br\/portal\/wp-json\/wp\/v2\/users\/35"}],"replies":[{"embeddable":true,"href":"https:\/\/www.paulus.com.br\/portal\/wp-json\/wp\/v2\/comments?post=76237"}],"version-history":[{"count":2,"href":"https:\/\/www.paulus.com.br\/portal\/wp-json\/wp\/v2\/posts\/76237\/revisions"}],"predecessor-version":[{"id":76239,"href":"https:\/\/www.paulus.com.br\/portal\/wp-json\/wp\/v2\/posts\/76237\/revisions\/76239"}],"wp:attachment":[{"href":"https:\/\/www.paulus.com.br\/portal\/wp-json\/wp\/v2\/media?parent=76237"}],"wp:term":[{"taxonomy":"category","embeddable":true,"href":"https:\/\/www.paulus.com.br\/portal\/wp-json\/wp\/v2\/categories?post=76237"},{"taxonomy":"post_tag","embeddable":true,"href":"https:\/\/www.paulus.com.br\/portal\/wp-json\/wp\/v2\/tags?post=76237"}],"curies":[{"name":"wp","href":"https:\/\/api.w.org\/{rel}","templated":true}]}}