{"id":76214,"date":"2025-12-12T13:19:32","date_gmt":"2025-12-12T16:19:32","guid":{"rendered":"https:\/\/www.paulus.com.br\/portal\/?p=76214"},"modified":"2025-12-12T13:19:32","modified_gmt":"2025-12-12T16:19:32","slug":"viver-o-natal","status":"publish","type":"post","link":"https:\/\/www.paulus.com.br\/portal\/viver-o-natal\/","title":{"rendered":"Viver o Natal"},"content":{"rendered":"<p><span style=\"font-weight: 400;\">As luzes que iluminam a cidade revelam a beleza de uma das \u00e9pocas mais encantadoras do ano: o Natal. A certeza de que o Messias esperado est\u00e1 prestes a nascer abre diante de n\u00f3s um horizonte de esperan\u00e7a e renova\u00e7\u00e3o. Cada ponto de luz nos conduz, simbolicamente, ao cumprimento da promessa de nossa salva\u00e7\u00e3o.<\/span><\/p>\n<p><span style=\"font-weight: 400;\">Nas fam\u00edlias, cada uma \u00e0 sua maneira, os preparativos v\u00e3o acontecendo. O pinheiro ganha destaque na casa, os presentes s\u00e3o escolhidos e a ceia \u00e9 planejada.\u00a0<\/span><\/p>\n<p><span style=\"font-weight: 400;\">\u00c9 curioso como o Natal nos devolve a n\u00f3s mesmos. N\u00e3o lembramos exatamente dos presentes que ganhamos, mas recordamos quem estava l\u00e1, o que se dizia e a sensa\u00e7\u00e3o de abrigo que emanava de uma casa cheia. Lembramos do riso de algu\u00e9m que j\u00e1 se foi, do abra\u00e7o que parecia durar um pouco mais, da expectativa que iluminava a noite. Para muitos, esta noite representa o \u00fanico encontro do ano, o \u00fanico abra\u00e7o entre pais e filhos. Por isso, tudo parece mais intenso.<\/span><\/p>\n<p><span style=\"font-weight: 400;\">A psicologia anal\u00edtica de Jung defende que os sentimentos despertados nesta data dialogam com o inconsciente coletivo e seus arqu\u00e9tipos, ligados ao renascimento e \u00e0 dimens\u00e3o espiritual. O Natal, sob essa perspectiva, simboliza a busca pela integra\u00e7\u00e3o das partes da psique e o retorno a um estado de inoc\u00eancia e plenitude. De fato, acredito que essa vis\u00e3o ajuda a compreender a for\u00e7a simb\u00f3lica que envolve a noite de Natal.<\/span><\/p>\n<p><span style=\"font-weight: 400;\">N\u00f3s, crist\u00e3os que nos colocamos \u00e0 espera do Cristo que vir\u00e1, somos chamados a ir ainda mais longe. Para al\u00e9m das luzes e dos enfeites, \u00e9 preciso voltar nossos olhos para o pres\u00e9pio e, diante dele, fazer a experi\u00eancia da acolhida: o Menino Jesus nasce em meio a tantos desafios e, mesmo assim, nos oferece paz.<\/span><\/p>\n<p><span style=\"font-weight: 400;\">\u00c9 preciso abrir as portas do cora\u00e7\u00e3o para receber o Salvador e nos colocar como verdadeiros agentes de seu projeto de vida plena e abundante para todos.<\/span><\/p>\n<p><span style=\"font-weight: 400;\">Encerro esta reflex\u00e3o com um trecho da obra <a href=\"https:\/\/loja.paulus.com.br\/a-espera-do-cristo-que-vem\/p\" target=\"_blank\" rel=\"noopener\"><span style=\"color: #800000;\"><strong>\u00c0 Espera do Cristo Que Vem<\/strong><\/span><\/a>, que resume com beleza o significado de viver o Tempo do Natal:<\/span><\/p>\n<p><i><span style=\"font-weight: 400;\">\u201cAguardemos a vinda do Salvador, esperemos o encontro de sua divindade com nossa humanidade e tenhamos a corajosa iniciativa para rever nossos passos e dar rumo \u00e0 nossa vida. Com o aux\u00edlio e a intercess\u00e3o de Maria, M\u00e3e da Esperan\u00e7a, mantenhamo-nos firmes na f\u00e9, alegres na esperan\u00e7a e perseverantes na ora\u00e7\u00e3o, at\u00e9 o dia em que estivermos face a face com aquele que nos criou e nos quis para si\u201d.<\/span><\/i><\/p>\n","protected":false},"excerpt":{"rendered":"<p>As luzes que iluminam a cidade revelam a beleza de uma das \u00e9pocas mais encantadoras do ano: o Natal. A certeza de que o Messias esperado est\u00e1 prestes a nascer abre diante de n\u00f3s um horizonte de esperan\u00e7a e renova\u00e7\u00e3o. Cada ponto de luz nos conduz, simbolicamente, ao cumprimento da promessa de nossa salva\u00e7\u00e3o. Nas [&hellip;]<\/p>\n","protected":false},"author":54,"featured_media":0,"comment_status":"open","ping_status":"open","sticky":false,"template":"","format":"standard","meta":{"_acf_changed":false,"footnotes":""},"categories":[356],"tags":[],"class_list":["post-76214","post","type-post","status-publish","format-standard","hentry","category-colunista"],"acf":[],"aioseo_notices":[],"_links":{"self":[{"href":"https:\/\/www.paulus.com.br\/portal\/wp-json\/wp\/v2\/posts\/76214","targetHints":{"allow":["GET"]}}],"collection":[{"href":"https:\/\/www.paulus.com.br\/portal\/wp-json\/wp\/v2\/posts"}],"about":[{"href":"https:\/\/www.paulus.com.br\/portal\/wp-json\/wp\/v2\/types\/post"}],"author":[{"embeddable":true,"href":"https:\/\/www.paulus.com.br\/portal\/wp-json\/wp\/v2\/users\/54"}],"replies":[{"embeddable":true,"href":"https:\/\/www.paulus.com.br\/portal\/wp-json\/wp\/v2\/comments?post=76214"}],"version-history":[{"count":1,"href":"https:\/\/www.paulus.com.br\/portal\/wp-json\/wp\/v2\/posts\/76214\/revisions"}],"predecessor-version":[{"id":76215,"href":"https:\/\/www.paulus.com.br\/portal\/wp-json\/wp\/v2\/posts\/76214\/revisions\/76215"}],"wp:attachment":[{"href":"https:\/\/www.paulus.com.br\/portal\/wp-json\/wp\/v2\/media?parent=76214"}],"wp:term":[{"taxonomy":"category","embeddable":true,"href":"https:\/\/www.paulus.com.br\/portal\/wp-json\/wp\/v2\/categories?post=76214"},{"taxonomy":"post_tag","embeddable":true,"href":"https:\/\/www.paulus.com.br\/portal\/wp-json\/wp\/v2\/tags?post=76214"}],"curies":[{"name":"wp","href":"https:\/\/api.w.org\/{rel}","templated":true}]}}