{"id":76151,"date":"2025-11-25T16:24:04","date_gmt":"2025-11-25T19:24:04","guid":{"rendered":"https:\/\/www.paulus.com.br\/portal\/?p=76151"},"modified":"2025-11-25T16:24:04","modified_gmt":"2025-11-25T19:24:04","slug":"o-que-esperar-do-futuro-do-planeta","status":"publish","type":"post","link":"https:\/\/www.paulus.com.br\/portal\/o-que-esperar-do-futuro-do-planeta\/","title":{"rendered":"O que esperar do futuro do planeta?"},"content":{"rendered":"<p style=\"text-align: justify;\"><span style=\"font-weight: 400;\">Ao longo de mais de dez dias, os olhos do mundo estiveram voltados para a nossa Amaz\u00f4nia. No pulm\u00e3o do planeta, l\u00edderes mundiais se reuniram para discutir como cuidar da nossa \u201ccasa comum\u201d.<\/span><\/p>\n<p style=\"text-align: justify;\"><span style=\"font-weight: 400;\">No cora\u00e7\u00e3o da floresta, o encontro ganhou um significado ainda maior. No centro das discuss\u00f5es, representantes dos povos origin\u00e1rios foram a voz que nos inspira a aprender a contemplar e respeitar a natureza.<\/span><\/p>\n<p style=\"text-align: justify;\"><span style=\"font-weight: 400;\">Do outro lado, 195 pa\u00edses buscavam a harmonia necess\u00e1ria para superar interesses individuais e compreender aquilo que, de fato, garantir\u00e1 a vida das pr\u00f3ximas gera\u00e7\u00f5es.<\/span><\/p>\n<p style=\"text-align: justify;\"><span style=\"font-weight: 400;\">Realizada pela primeira vez em 1995, na Alemanha, a COP re\u00fane anualmente l\u00edderes mundiais, cientistas e representantes da sociedade civil para discutir e definir a\u00e7\u00f5es globais contra as mudan\u00e7as clim\u00e1ticas.<\/span><\/p>\n<p style=\"text-align: justify;\"><span style=\"font-weight: 400;\">Como Igreja, tamb\u00e9m estivemos representados pela mensagem especial enviada ao encontro: o papa Le\u00e3o XIV afirmou: <\/span><i><span style=\"font-weight: 400;\">\u201cEm um mundo em chamas, tanto pelo aquecimento global quanto pelos conflitos armados, esta Confer\u00eancia deve se tornar um sinal de esperan\u00e7a. Se voc\u00eas querem cultivar a paz, cuidem da Cria\u00e7\u00e3o.\u201d<\/span><\/i><\/p>\n<p style=\"text-align: justify;\"><span style=\"font-weight: 400;\">H\u00e1 muitos anos, especialmente desde maio de 2015, quando o papa Francisco publicou a enc\u00edclica <\/span><strong><a href=\"https:\/\/loja.paulus.com.br\/laudato-si-sobre-o-cuidado-da-casa-comum\/p\" target=\"_blank\" rel=\"noopener\"><i>Laudato Si\u2019<\/i><\/a><\/strong><span style=\"font-weight: 400;\">, a pauta ecol\u00f3gica passou a ocupar espa\u00e7o tamb\u00e9m nos altares.<\/span><\/p>\n<p style=\"text-align: justify;\"><span style=\"font-weight: 400;\">Este importante documento deixado por Francisco foi, inclusive, mencionado em 8 de maio pelo presidente designado da COP30, Andr\u00e9 Aranha Corr\u00eaa do Lago, como uma b\u00fassola \u00e9tica e um guia pragm\u00e1tico para a mobiliza\u00e7\u00e3o global em torno da Confer\u00eancia.<\/span><\/p>\n<p style=\"text-align: justify;\"><span style=\"font-weight: 400;\">Ao refletirmos sobre as palavras de Francisco e tantas outras a\u00e7\u00f5es realizadas desde ent\u00e3o, conclu\u00edmos que a tem\u00e1tica \u00e9 urgente, pois tudo est\u00e1 interligado.\u00a0<\/span><\/p>\n<p style=\"text-align: justify;\"><span style=\"font-weight: 400;\">A COP30 ficar\u00e1 marcada como uma confer\u00eancia de forte simbolismo e compromissos mais concretos. Se Bel\u00e9m conseguiu colocar o mundo diante da urg\u00eancia amaz\u00f4nica, o desafio agora \u00e9 transformar acordos em realidade. A partir desta edi\u00e7\u00e3o, o planeta parece ter deixado de discutir <\/span><i><span style=\"font-weight: 400;\">se<\/span><\/i><span style=\"font-weight: 400;\"> deve agir para debater <\/span><i><span style=\"font-weight: 400;\">como<\/span><\/i><span style=\"font-weight: 400;\"> e em que velocidade precisa mudar.<\/span><\/p>\n<p style=\"text-align: justify;\"><span style=\"font-weight: 400;\">O legado da COP30 \u00e9 uma convoca\u00e7\u00e3o global: a transi\u00e7\u00e3o clim\u00e1tica n\u00e3o \u00e9 uma op\u00e7\u00e3o, mas uma necessidade imediata.<\/span><\/p>\n","protected":false},"excerpt":{"rendered":"<p>Ao longo de mais de dez dias, os olhos do mundo estiveram voltados para a nossa Amaz\u00f4nia. No pulm\u00e3o do planeta, l\u00edderes mundiais se reuniram para discutir como cuidar da nossa \u201ccasa comum\u201d. No cora\u00e7\u00e3o da floresta, o encontro ganhou um significado ainda maior. No centro das discuss\u00f5es, representantes dos povos origin\u00e1rios foram a voz [&hellip;]<\/p>\n","protected":false},"author":54,"featured_media":0,"comment_status":"open","ping_status":"open","sticky":false,"template":"","format":"standard","meta":{"_acf_changed":false,"footnotes":""},"categories":[356],"tags":[],"class_list":["post-76151","post","type-post","status-publish","format-standard","hentry","category-colunista"],"acf":[],"aioseo_notices":[],"_links":{"self":[{"href":"https:\/\/www.paulus.com.br\/portal\/wp-json\/wp\/v2\/posts\/76151","targetHints":{"allow":["GET"]}}],"collection":[{"href":"https:\/\/www.paulus.com.br\/portal\/wp-json\/wp\/v2\/posts"}],"about":[{"href":"https:\/\/www.paulus.com.br\/portal\/wp-json\/wp\/v2\/types\/post"}],"author":[{"embeddable":true,"href":"https:\/\/www.paulus.com.br\/portal\/wp-json\/wp\/v2\/users\/54"}],"replies":[{"embeddable":true,"href":"https:\/\/www.paulus.com.br\/portal\/wp-json\/wp\/v2\/comments?post=76151"}],"version-history":[{"count":1,"href":"https:\/\/www.paulus.com.br\/portal\/wp-json\/wp\/v2\/posts\/76151\/revisions"}],"predecessor-version":[{"id":76152,"href":"https:\/\/www.paulus.com.br\/portal\/wp-json\/wp\/v2\/posts\/76151\/revisions\/76152"}],"wp:attachment":[{"href":"https:\/\/www.paulus.com.br\/portal\/wp-json\/wp\/v2\/media?parent=76151"}],"wp:term":[{"taxonomy":"category","embeddable":true,"href":"https:\/\/www.paulus.com.br\/portal\/wp-json\/wp\/v2\/categories?post=76151"},{"taxonomy":"post_tag","embeddable":true,"href":"https:\/\/www.paulus.com.br\/portal\/wp-json\/wp\/v2\/tags?post=76151"}],"curies":[{"name":"wp","href":"https:\/\/api.w.org\/{rel}","templated":true}]}}