{"id":75912,"date":"2025-10-30T16:22:09","date_gmt":"2025-10-30T19:22:09","guid":{"rendered":"https:\/\/www.paulus.com.br\/portal\/?p=75912"},"modified":"2025-10-30T16:22:48","modified_gmt":"2025-10-30T19:22:48","slug":"75912-2","status":"publish","type":"post","link":"https:\/\/www.paulus.com.br\/portal\/75912-2\/","title":{"rendered":"\u2018Que a dor n\u00e3o me seja indiferente\u2019"},"content":{"rendered":"<p style=\"text-align: justify;\"><span style=\"font-weight: 400;\">Durante o Encontro Internacional pela Paz, realizado na ter\u00e7a-feira, 28 de outubro, a voz do papa Le\u00e3o XIV exortou:<\/span><\/p>\n<p style=\"text-align: justify;\"><span style=\"font-weight: 400;\">\u201cO mundo tem sede de paz: precisa de uma verdadeira e s\u00f3lida era de reconcilia\u00e7\u00e3o, que ponha fim \u00e0 opress\u00e3o, \u00e0s demonstra\u00e7\u00f5es de for\u00e7a e \u00e0 indiferen\u00e7a \u00e0 justi\u00e7a. Chega de guerras, com seu doloroso tributo de morte, destrui\u00e7\u00e3o e ex\u00edlio!\u201d.<\/span><\/p>\n<p style=\"text-align: justify;\"><span style=\"font-weight: 400;\">O pedido do pont\u00edfice, n\u00e3o por acaso, ocorre em um momento em que o mundo \u00e9 impactado por diferentes guerras. Nossa hist\u00f3ria, infelizmente marcada por trag\u00e9dias como as de Gaza, da Ucr\u00e2nia e do Rio de Janeiro, jamais nos preparar\u00e1 para a pr\u00f3xima vez. Cada novo epis\u00f3dio de barb\u00e1rie \u00e9 vivido como a estreia de uma indigna\u00e7\u00e3o ainda n\u00e3o acessada.<\/span><\/p>\n<p style=\"text-align: justify;\"><span style=\"font-weight: 400;\">A guerra e a viola\u00e7\u00e3o da vida, em diferentes lugares, t\u00eam ocupado um espa\u00e7o que n\u00e3o lhes pertence por direito. Para quem acredita no projeto de vida plena anunciado por Jesus Cristo, o sentimento mais humano poss\u00edvel \u00e9 ter a convic\u00e7\u00e3o de que jamais poder\u00edamos ter chegado a este ponto. \u00c9 imposs\u00edvel normalizar a viol\u00eancia. Isso seria uma grave incoer\u00eancia diante da f\u00e9 que professamos.<\/span><\/p>\n<p style=\"text-align: justify;\"><span style=\"font-weight: 400;\">Na obra <\/span><i><span style=\"font-weight: 400;\"><span style=\"color: #800000;\"><strong><a style=\"color: #800000;\" href=\"https:\/\/loja.paulus.com.br\/decolonizar-a-palestina\/p\" target=\"_blank\" rel=\"noopener\">Decolonizar a Palestina: a terra, o povo, a B\u00edblia<\/a><\/strong><\/span>,<\/span><\/i><span style=\"font-weight: 400;\"> o autor palestino Mitri Raheb descreve como a concep\u00e7\u00e3o de poder desassociada da humanidade \u00e9 capaz de p\u00f4r em d\u00favida o valor da vida humana. \u00c9 na voz de quem vive uma das guerras mais tristes da nossa hist\u00f3ria que podemos entender o qu\u00e3o doloroso \u00e9 lutar pelo direito de existir.<\/span><\/p>\n<p style=\"text-align: justify;\"><span style=\"font-weight: 400;\">O sil\u00eancio, unido \u00e0s l\u00e1grimas inconsol\u00e1veis de tantas pessoas que sofrem, nos d\u00e1 a dimens\u00e3o da trag\u00e9dia. \u00c9 quase poss\u00edvel tocar com as pr\u00f3prias m\u00e3os o sentimento devastador e a d\u00favida que ecoa: at\u00e9 quando a viol\u00eancia reinar\u00e1? At\u00e9 quando a morte ser\u00e1 uma realidade mais comum do que a vida?<\/span><\/p>\n<p style=\"text-align: justify;\"><span style=\"font-weight: 400;\">Para se compreender o poder destrutivo de uma guerra, n\u00e3o \u00e9 preciso ir t\u00e3o longe quanto Gaza. Em nosso pr\u00f3prio quintal, nos \u00faltimos dias, fomos impactados pela imagem de centenas de corpos enfileirados ap\u00f3s o in\u00edcio da megaopera\u00e7\u00e3o no Rio de Janeiro.<\/span><\/p>\n<p style=\"text-align: justify;\"><span style=\"font-weight: 400;\">Uma imagem que, certamente, n\u00e3o sair\u00e1 da nossa mem\u00f3ria produzida justamente em um cen\u00e1rio t\u00e3o pr\u00f3ximo \u00e0 imagem do Redentor, que significa \u201caquele que redime e liberta\u201d.\u00a0<\/span><\/p>\n<p style=\"text-align: justify;\"><span style=\"font-weight: 400;\">Como Igreja, unimo-nos em ora\u00e7\u00e3o por todas as v\u00edtimas: aquelas que perderam a vida de forma t\u00e3o tr\u00e1gica e tamb\u00e9m as que convivem diariamente com o medo e a incerteza de chegar em casa ao fim do dia.<\/span><\/p>\n<p style=\"text-align: justify;\"><span style=\"font-weight: 400;\">Que este momento de dor nos conduza \u00e0 convers\u00e3o do olhar e do cora\u00e7\u00e3o. Que em nossas ora\u00e7\u00f5es, possamos pedir, assim como fizeram Beth Carvalho e Mercedes Sosa, \u201cQue a dor n\u00e3o me seja indiferente\u201d.<\/span><\/p>\n","protected":false},"excerpt":{"rendered":"<p>Durante o Encontro Internacional pela Paz, realizado na ter\u00e7a-feira, 28 de outubro, a voz do papa Le\u00e3o XIV exortou: \u201cO mundo tem sede de paz: precisa de uma verdadeira e s\u00f3lida era de reconcilia\u00e7\u00e3o, que ponha fim \u00e0 opress\u00e3o, \u00e0s demonstra\u00e7\u00f5es de for\u00e7a e \u00e0 indiferen\u00e7a \u00e0 justi\u00e7a. Chega de guerras, com seu doloroso tributo [&hellip;]<\/p>\n","protected":false},"author":54,"featured_media":0,"comment_status":"open","ping_status":"open","sticky":false,"template":"","format":"standard","meta":{"_acf_changed":false,"footnotes":""},"categories":[356],"tags":[],"class_list":["post-75912","post","type-post","status-publish","format-standard","hentry","category-colunista"],"acf":[],"aioseo_notices":[],"_links":{"self":[{"href":"https:\/\/www.paulus.com.br\/portal\/wp-json\/wp\/v2\/posts\/75912","targetHints":{"allow":["GET"]}}],"collection":[{"href":"https:\/\/www.paulus.com.br\/portal\/wp-json\/wp\/v2\/posts"}],"about":[{"href":"https:\/\/www.paulus.com.br\/portal\/wp-json\/wp\/v2\/types\/post"}],"author":[{"embeddable":true,"href":"https:\/\/www.paulus.com.br\/portal\/wp-json\/wp\/v2\/users\/54"}],"replies":[{"embeddable":true,"href":"https:\/\/www.paulus.com.br\/portal\/wp-json\/wp\/v2\/comments?post=75912"}],"version-history":[{"count":2,"href":"https:\/\/www.paulus.com.br\/portal\/wp-json\/wp\/v2\/posts\/75912\/revisions"}],"predecessor-version":[{"id":75915,"href":"https:\/\/www.paulus.com.br\/portal\/wp-json\/wp\/v2\/posts\/75912\/revisions\/75915"}],"wp:attachment":[{"href":"https:\/\/www.paulus.com.br\/portal\/wp-json\/wp\/v2\/media?parent=75912"}],"wp:term":[{"taxonomy":"category","embeddable":true,"href":"https:\/\/www.paulus.com.br\/portal\/wp-json\/wp\/v2\/categories?post=75912"},{"taxonomy":"post_tag","embeddable":true,"href":"https:\/\/www.paulus.com.br\/portal\/wp-json\/wp\/v2\/tags?post=75912"}],"curies":[{"name":"wp","href":"https:\/\/api.w.org\/{rel}","templated":true}]}}