{"id":75853,"date":"2025-10-24T17:37:16","date_gmt":"2025-10-24T20:37:16","guid":{"rendered":"https:\/\/www.paulus.com.br\/portal\/?p=75853"},"modified":"2025-10-24T17:37:16","modified_gmt":"2025-10-24T20:37:16","slug":"chamados-a-santidade","status":"publish","type":"post","link":"https:\/\/www.paulus.com.br\/portal\/chamados-a-santidade\/","title":{"rendered":"Chamados \u00e0 santidade!"},"content":{"rendered":"<p style=\"text-align: justify;\">No dia 1\u00ba de novembro, a Igreja nos convida a festejar todos os Santos e Santas de Deus. \u00c9 uma data prop\u00edcia para celebrar os Santos de nossa devo\u00e7\u00e3o, mas tamb\u00e9m para recordar o chamado universal \u00e0 santidade, o convite que Deus faz a cada um de n\u00f3s para sermos santos.<\/p>\n<blockquote>\n<p style=\"text-align: justify;\">Em 2018, o papa Francisco nos presenteou com uma bel\u00edssima exorta\u00e7\u00e3o apost\u00f3lica intitulada <em>Gaudete et Exsultate<\/em>, exatamente sobre o chamado \u00e0 santidade no mundo atual. N\u00e3o se trata de um tratado sobre a santidade, mas de um guia para \u201cfazer ressoar, mais uma vez, o chamado \u00e0 santidade, procurando encarn\u00e1-la no contexto atual, com seus riscos, desafios e oportunidades, porque o Senhor escolheu cada um de n\u00f3s para ser santo e irrepreens\u00edvel na sua presen\u00e7a, no amor\u201d (<em>GE<\/em>, n. 2).<\/p>\n<\/blockquote>\n<p style=\"text-align: justify;\">Todos os crist\u00e3os, na realidade, s\u00e3o chamados a ser santos. A santidade \u00e9 nossa voca\u00e7\u00e3o principal, \u00e9 a ess\u00eancia da vida crist\u00e3. Jesus recordou diversas vezes aos seus disc\u00edpulos a import\u00e2ncia de uma vida santa, pura, caridosa. Certa vez, disse aos Ap\u00f3stolos: \u201cSede santos como \u00e9 santo o vosso Pai que est\u00e1 no c\u00e9u\u201d (Mt 5,48; cf. Lv 19,2 e 1Pd 1,16). Paulo recordou diversas vezes, nas suas cartas, que os crist\u00e3os s\u00e3o chamados \u00e0 santidade. Assim escreveu aos Romanos: \u201cEscrevo a todos v\u00f3s que estais em Roma e que sois amados por Deus e chamados \u00e0 santidade\u201d (Rm 1,7); e a Tim\u00f3teo: \u201cCristo salvou-nos e chamou-nos com uma voca\u00e7\u00e3o santa\u201d (2Tm 1,9; cf. 1Ts 3,13; 4,7; 1Cor 1,2).<\/p>\n<blockquote>\n<p style=\"text-align: justify;\">Ao longo da hist\u00f3ria, temos v\u00e1rios exemplos de santidade. Homens e mulheres que viveram profundamente o Evangelho, consagrando sua vida inteiramente a Deus, e por isso foram reconhecidos pela Igreja como santos e santas. Apesar de todas as diferen\u00e7as de idade, origem, condi\u00e7\u00e3o social, forma\u00e7\u00e3o&#8230; todos foram agraciados por Deus e inclu\u00eddos no altar dos santos. A vida de cada um deles nos mostra que a maior exig\u00eancia para ser santo \u00e9 ter uma f\u00e9 aut\u00eantica, pois, quando cremos verdadeiramente em Deus, toda nossa vida se dirige para o seu seguimento.<\/p>\n<\/blockquote>\n<p style=\"text-align: justify;\">Quando cremos, realizamos obras de caridade, somos verdadeiros, evitamos o pecado, praticamos a justi\u00e7a, ajudamos o outro em todas as suas necessidades. Quando temos f\u00e9 aut\u00eantica, amamos a Deus com todo nosso ser e amamos nosso pr\u00f3ximo como a n\u00f3s mesmos. Certamente, todos os santos encontraram grandes dificuldades e desafios: enfrentaram dor, sofrimento, persegui\u00e7\u00e3o, pobreza, intoler\u00e2ncia, incompreens\u00e3o. No entanto, todos tiveram uma vida irrepreens\u00edvel que os conduziu \u00e0 realiza\u00e7\u00e3o e \u00e0 felicidade. Todos foram fi\u00e9is ao Evangelho e, assim, aproximaram-se de Deus. Eram pessoas aparentemente comuns, como cada um de n\u00f3s, mas venceram todas as suas limita\u00e7\u00f5es para servir a Deus e corresponder ao chamado \u00e0 santidade. A vida dos rec\u00e9m canonizados S\u00e3o Carlo Acutis e S\u00e3o Pier Giorgio Frassati ilustra muito bem isso.<\/p>\n<blockquote>\n<p style=\"text-align: justify;\">Os exemplos dos santos da hist\u00f3ria da Igreja mostram que todos podemos alcan\u00e7ar a santidade. Basta, para isso, viver intensamente a Boa-nova trazida por Cristo. \u00c9 um desafio lan\u00e7ado a todos os crist\u00e3os no momento do batismo e renovado constantemente ao longo da vida, em cada Eucaristia. Nunca \u00e9 tarde para mudar de atitude e lan\u00e7ar-se a uma vida nova. Aproveite o incentivo trazido pelos santos que festejamos ao longo do ano lit\u00fargico e estabele\u00e7a novo projeto para sua vida, projeto guiado pelo Evangelho, pela f\u00e9, pela esperan\u00e7a e pelo amor que vem de Deus e transforma nosso ser. Vale a pena tentar!<\/p>\n<\/blockquote>\n<p style=\"text-align: justify;\">Para recordarmos que todos podemos e devemos ser santos, somos convidados a reler a exorta\u00e7\u00e3o do papa Francisco, na qual ele enfatiza, partindo das bem-aventuran\u00e7as (Mt 5,3-12; Lc 6,20-22), que ser santo \u00e9: ser pobre no cora\u00e7\u00e3o, reagir com humilde mansid\u00e3o, saber chorar com os outros, buscar a justi\u00e7a com fome e sede, olhar e agir com miseric\u00f3rdia, manter o cora\u00e7\u00e3o limpo de tudo o que mancha o amor, semear a paz ao nosso redor, abra\u00e7ar diariamente o caminho do Evangelho, mesmo que nos acarrete problemas. Ser santo \u00e9 nadar contra a corrente! (cf. <em>Gaudete et Exsultate<\/em>, n. 63-94).<\/p>\n","protected":false},"excerpt":{"rendered":"<p>No dia 1\u00ba de novembro, a Igreja nos convida a festejar todos os Santos e Santas de Deus. \u00c9 uma data prop\u00edcia para celebrar os Santos de nossa devo\u00e7\u00e3o, mas tamb\u00e9m para recordar o chamado universal \u00e0 santidade, o convite que Deus faz a cada um de n\u00f3s para sermos santos. Em 2018, o papa [&hellip;]<\/p>\n","protected":false},"author":35,"featured_media":0,"comment_status":"open","ping_status":"open","sticky":false,"template":"","format":"standard","meta":{"_acf_changed":false,"footnotes":""},"categories":[356],"tags":[],"class_list":["post-75853","post","type-post","status-publish","format-standard","hentry","category-colunista"],"acf":[],"aioseo_notices":[],"_links":{"self":[{"href":"https:\/\/www.paulus.com.br\/portal\/wp-json\/wp\/v2\/posts\/75853","targetHints":{"allow":["GET"]}}],"collection":[{"href":"https:\/\/www.paulus.com.br\/portal\/wp-json\/wp\/v2\/posts"}],"about":[{"href":"https:\/\/www.paulus.com.br\/portal\/wp-json\/wp\/v2\/types\/post"}],"author":[{"embeddable":true,"href":"https:\/\/www.paulus.com.br\/portal\/wp-json\/wp\/v2\/users\/35"}],"replies":[{"embeddable":true,"href":"https:\/\/www.paulus.com.br\/portal\/wp-json\/wp\/v2\/comments?post=75853"}],"version-history":[{"count":1,"href":"https:\/\/www.paulus.com.br\/portal\/wp-json\/wp\/v2\/posts\/75853\/revisions"}],"predecessor-version":[{"id":75854,"href":"https:\/\/www.paulus.com.br\/portal\/wp-json\/wp\/v2\/posts\/75853\/revisions\/75854"}],"wp:attachment":[{"href":"https:\/\/www.paulus.com.br\/portal\/wp-json\/wp\/v2\/media?parent=75853"}],"wp:term":[{"taxonomy":"category","embeddable":true,"href":"https:\/\/www.paulus.com.br\/portal\/wp-json\/wp\/v2\/categories?post=75853"},{"taxonomy":"post_tag","embeddable":true,"href":"https:\/\/www.paulus.com.br\/portal\/wp-json\/wp\/v2\/tags?post=75853"}],"curies":[{"name":"wp","href":"https:\/\/api.w.org\/{rel}","templated":true}]}}