{"id":75753,"date":"2025-10-14T16:26:15","date_gmt":"2025-10-14T19:26:15","guid":{"rendered":"https:\/\/www.paulus.com.br\/portal\/?p=75753"},"modified":"2025-10-02T16:27:33","modified_gmt":"2025-10-02T19:27:33","slug":"dia-do-professor-uma-homenagem-que-vai-alem-da-sala-de-aula","status":"publish","type":"post","link":"https:\/\/www.paulus.com.br\/portal\/dia-do-professor-uma-homenagem-que-vai-alem-da-sala-de-aula\/","title":{"rendered":"Dia do Professor: uma homenagem que vai al\u00e9m da sala de aula"},"content":{"rendered":"<p><span style=\"font-weight: 400;\">No dia 15 de outubro, celebramos o Dia do Professor, uma data especial para lembrar daqueles que, com dedica\u00e7\u00e3o e paix\u00e3o, ajudam a formar cidad\u00e3os e a construir futuros melhores.<\/span><\/p>\n<p><span style=\"font-weight: 400;\">No Brasil, s\u00e3o mais de 2 milh\u00f5es de professores na educa\u00e7\u00e3o b\u00e1sica, muitos deles altamente qualificados e comprometidos com o ensino. Segundo dados do <\/span><span style=\"font-weight: 400;\">Instituto Nacional de Estudos e Pesquisas Educacionais An\u00edsio Teixeira<\/span><span style=\"font-weight: 400;\">\u00a0 (INEP), grande parte desses educadores possui forma\u00e7\u00e3o superior completa e investe continuamente em sua qualifica\u00e7\u00e3o.<\/span><\/p>\n<p><span style=\"font-weight: 400;\">Apesar dos desafios naturais da profiss\u00e3o, como a rotina intensa e a responsabilidade de ensinar diversas gera\u00e7\u00f5es, os professores seguem firmes na miss\u00e3o de compartilhar conhecimento. Uma pesquisa do Instituto Pen\u00ednsula mostra que, mesmo diante das dificuldades, mais da metade dos professores escolheria a profiss\u00e3o novamente. Um claro sinal de amor pela educa\u00e7\u00e3o.<\/span><\/p>\n<p><span style=\"font-weight: 400;\">O Dia do Professor \u00e9 uma \u00f3tima oportunidade para reconhecer esse trabalho essencial. Pequenas atitudes de valoriza\u00e7\u00e3o, como o respeito no dia a dia, o apoio e o reconhecimento, fazem toda a diferen\u00e7a para esses profissionais.<\/span><\/p>\n<p><span style=\"font-weight: 400;\">A obra <\/span><a href=\"https:\/\/loja.paulus.com.br\/terapia-do-professor\/p\" target=\"_blank\" rel=\"noopener\"><i><span style=\"font-weight: 400;\">Terapia do Professor<\/span><\/i><\/a><span style=\"font-weight: 400;\"> reflete como esses profissionais enxergam a voca\u00e7\u00e3o para al\u00e9m do trabalho. A terapia do professor n\u00e3o afastar\u00e1 os tempos \u00e1rduos, mas seus conselhos acertados e encorajadores ajudam a cuidar de si e a extrair o melhor daqueles aos quais ensinam.\u00a0<\/span><\/p>\n<p><span style=\"font-weight: 400;\">Mais do que uma data, o 15 de outubro deve inspirar a todos n\u00f3s a reconhecer e agradecer o esfor\u00e7o di\u00e1rio dos professores, que v\u00e3o muito al\u00e9m das aulas: s\u00e3o educadores, orientadores e, muitas vezes, verdadeiros exemplos de vida.<\/span><\/p>\n<p><span style=\"font-weight: 400;\">Parabenizar, apoiar e valorizar o professor \u00e9 celebrar a educa\u00e7\u00e3o, que \u00e9 a base para um futuro mais promissor para todos.<\/span><\/p>\n<p>&nbsp;<\/p>\n","protected":false},"excerpt":{"rendered":"<p>No dia 15 de outubro, celebramos o Dia do Professor, uma data especial para lembrar daqueles que, com dedica\u00e7\u00e3o e paix\u00e3o, ajudam a formar cidad\u00e3os e a construir futuros melhores. No Brasil, s\u00e3o mais de 2 milh\u00f5es de professores na educa\u00e7\u00e3o b\u00e1sica, muitos deles altamente qualificados e comprometidos com o ensino. Segundo dados do Instituto [&hellip;]<\/p>\n","protected":false},"author":54,"featured_media":0,"comment_status":"open","ping_status":"open","sticky":false,"template":"","format":"standard","meta":{"_acf_changed":false,"footnotes":""},"categories":[356],"tags":[],"class_list":["post-75753","post","type-post","status-publish","format-standard","hentry","category-colunista"],"acf":[],"aioseo_notices":[],"_links":{"self":[{"href":"https:\/\/www.paulus.com.br\/portal\/wp-json\/wp\/v2\/posts\/75753","targetHints":{"allow":["GET"]}}],"collection":[{"href":"https:\/\/www.paulus.com.br\/portal\/wp-json\/wp\/v2\/posts"}],"about":[{"href":"https:\/\/www.paulus.com.br\/portal\/wp-json\/wp\/v2\/types\/post"}],"author":[{"embeddable":true,"href":"https:\/\/www.paulus.com.br\/portal\/wp-json\/wp\/v2\/users\/54"}],"replies":[{"embeddable":true,"href":"https:\/\/www.paulus.com.br\/portal\/wp-json\/wp\/v2\/comments?post=75753"}],"version-history":[{"count":1,"href":"https:\/\/www.paulus.com.br\/portal\/wp-json\/wp\/v2\/posts\/75753\/revisions"}],"predecessor-version":[{"id":75754,"href":"https:\/\/www.paulus.com.br\/portal\/wp-json\/wp\/v2\/posts\/75753\/revisions\/75754"}],"wp:attachment":[{"href":"https:\/\/www.paulus.com.br\/portal\/wp-json\/wp\/v2\/media?parent=75753"}],"wp:term":[{"taxonomy":"category","embeddable":true,"href":"https:\/\/www.paulus.com.br\/portal\/wp-json\/wp\/v2\/categories?post=75753"},{"taxonomy":"post_tag","embeddable":true,"href":"https:\/\/www.paulus.com.br\/portal\/wp-json\/wp\/v2\/tags?post=75753"}],"curies":[{"name":"wp","href":"https:\/\/api.w.org\/{rel}","templated":true}]}}