{"id":75397,"date":"2025-08-20T08:41:21","date_gmt":"2025-08-20T11:41:21","guid":{"rendered":"https:\/\/www.paulus.com.br\/portal\/?p=75397"},"modified":"2025-08-20T08:41:21","modified_gmt":"2025-08-20T11:41:21","slug":"78-terceira-carta-de-joao","status":"publish","type":"post","link":"https:\/\/www.paulus.com.br\/portal\/78-terceira-carta-de-joao\/","title":{"rendered":"78. Terceira Carta de Jo\u00e3o"},"content":{"rendered":"<p>Esta terceira Carta Joanina foi escrita no mesmo ambiente das duas anteriores, possivelmente em \u00c9feso, prov\u00edncia da \u00c1sia Menor, nos in\u00edcios do 2\u00ba s\u00e9culo da era crist\u00e3. Como na segunda<br \/>\nCarta de Jo\u00e3o, o autor se apresenta como o Anci\u00e3o. N\u00e3o se sabe exatamente se esse nomerepresenta sua idade ou uma fun\u00e7\u00e3o dentro da comunidade. Esta Carta tem um car\u00e1ter mais<br \/>\npessoal, pois \u00e9 dirigida a uma pessoa influente na comunidade, \u201ccar\u00edssimo Gaio\u201d, provavelmente uma lideran\u00e7a na sua comunidade, para que continue dando hospitalidade aos mission\u00e1rios itinerantes, aos quais Di\u00f3trefes imp\u00f5e obst\u00e1culos.<\/p>\n<p>Esta breve Carta trata do in\u00edcio do clericalismo e da ambi\u00e7\u00e3o pelo poder eclesi\u00e1stico. Dois aspectos que, com o tempo, v\u00e3o se concretizando e se tornando perversos. O autor procura alertar o crist\u00e3o para enfrentar esses elementos prejudiciais para a comunidade. O presb\u00edtero (autor) n\u00e3o dirige a Carta a uma comunidade determinada, mas a um crist\u00e3o fiel da comunidade para fortalecer os que vivem na simplicidade nos in\u00edcios da comunidade.<\/p>\n<p>A terceira Carta Joanina n\u00e3o faz men\u00e7\u00e3o \u00e0s dificuldades causadas pelos hereges. Talvez isso demonstre que tenha sido escrita antes das outras duas. O m\u00e9rito particular desta Carta est\u00e1 na informa\u00e7\u00e3o hist\u00f3rica: revela que o Anci\u00e3o gozava de autoridade sobre as v\u00e1rias comunidades, embora em que cada uma delas houvesse um respons\u00e1vel local. Atesta tamb\u00e9m a exist\u00eancia de uma comunidade joanina composta por mission\u00e1rios itinerantes que eram enviados pelo Anci\u00e3o \u00e0s comunidades vizinhas para anim\u00e1-las na f\u00e9.<\/p>\n<p>A Carta trata de quatro temos importantes da prega\u00e7\u00e3o joanina: o testemunho, a verdade, o amor e a hospitalidade. Podemos esquematizar a Carta da seguinte forma:<\/p>\n<p>1. Introdu\u00e7\u00e3o (1-2): Na introdu\u00e7\u00e3o, o autor, conhecido como presb\u00edtero ou anci\u00e3o, endere\u00e7a a Carta a um colaborador ou disc\u00edpulo, amado Gaio, e n\u00e3o propriamente \u00e0 comunidade toda. Deseja ao destinat\u00e1rio que prossiga no bem, tenha sa\u00fade e viva de forma alegre. O autor se alegra com o testemunho dos irm\u00e3os sobre Gaio que \u201ccaminha na verdade\u201d.<\/p>\n<p>2. Corpo da Carta (5-12): a) Elogio a Gaio (5-8): Destinat\u00e1rio da Carta, aparece como um fiel que se destacou na comunidade, por isso, recebe do autor generosos elogios. \u00c9 uma a\u00e7\u00e3o de gra\u00e7as dado por mission\u00e1rios itinerantes que Gaio \u00e9 um membro fiel da comunidade joanina.Ele acolheu os mission\u00e1rios itinerantes, inclusive o autor, prestando-lhes os cuidados necess\u00e1rios. b) Critica Di\u00f3trefes (9-10): Ele n\u00e3o acolheu o anci\u00e3o e outros evangelizadores e, al\u00e9m disso, ambiciona o poder, que fere o princ\u00edpio b\u00e1sico das comunidades joaninas, que t\u00eam como base o amor. Suas palavras s\u00e3o m\u00e1s e suas a\u00e7\u00f5es um obst\u00e1culo ao evangelho. O autor lembra a Gaio e \u00e0 sua comunidade o importante dever da generosa hospitalidade e os exorta a continuar ajudando os pregadores itinerantes. c) Elogio a Dem\u00e9trio (11-12): A comunidade d\u00e1 testemunho positivo da lideran\u00e7a dele, provavelmente um dos mission\u00e1rios itinerantes.<\/p>\n<p>3. Conclus\u00e3o (13-15): As \u00faltimas palavras mostram como o autor se sente envolvido com a vida da comunidade. O autor teria muitas coisas ainda para dizer, por\u00e9m ele espera se encontrar pessoalmente com o destinat\u00e1rio, Gaio. Por fim, acrescenta o desejo crist\u00e3o de paz e envia sauda\u00e7\u00f5es aos amigos da comunidade.<\/p>\n","protected":false},"excerpt":{"rendered":"<p>Esta terceira Carta Joanina foi escrita no mesmo ambiente das duas anteriores, possivelmente em \u00c9feso, prov\u00edncia da \u00c1sia Menor, nos in\u00edcios do 2\u00ba s\u00e9culo da era crist\u00e3. Como na segunda Carta de Jo\u00e3o, o autor se apresenta como o Anci\u00e3o. N\u00e3o se sabe exatamente se esse nomerepresenta sua idade ou uma fun\u00e7\u00e3o dentro da comunidade. [&hellip;]<\/p>\n","protected":false},"author":16,"featured_media":0,"comment_status":"open","ping_status":"open","sticky":false,"template":"","format":"standard","meta":{"_acf_changed":false,"footnotes":""},"categories":[356],"tags":[],"class_list":["post-75397","post","type-post","status-publish","format-standard","hentry","category-colunista"],"acf":[],"aioseo_notices":[],"_links":{"self":[{"href":"https:\/\/www.paulus.com.br\/portal\/wp-json\/wp\/v2\/posts\/75397","targetHints":{"allow":["GET"]}}],"collection":[{"href":"https:\/\/www.paulus.com.br\/portal\/wp-json\/wp\/v2\/posts"}],"about":[{"href":"https:\/\/www.paulus.com.br\/portal\/wp-json\/wp\/v2\/types\/post"}],"author":[{"embeddable":true,"href":"https:\/\/www.paulus.com.br\/portal\/wp-json\/wp\/v2\/users\/16"}],"replies":[{"embeddable":true,"href":"https:\/\/www.paulus.com.br\/portal\/wp-json\/wp\/v2\/comments?post=75397"}],"version-history":[{"count":2,"href":"https:\/\/www.paulus.com.br\/portal\/wp-json\/wp\/v2\/posts\/75397\/revisions"}],"predecessor-version":[{"id":75399,"href":"https:\/\/www.paulus.com.br\/portal\/wp-json\/wp\/v2\/posts\/75397\/revisions\/75399"}],"wp:attachment":[{"href":"https:\/\/www.paulus.com.br\/portal\/wp-json\/wp\/v2\/media?parent=75397"}],"wp:term":[{"taxonomy":"category","embeddable":true,"href":"https:\/\/www.paulus.com.br\/portal\/wp-json\/wp\/v2\/categories?post=75397"},{"taxonomy":"post_tag","embeddable":true,"href":"https:\/\/www.paulus.com.br\/portal\/wp-json\/wp\/v2\/tags?post=75397"}],"curies":[{"name":"wp","href":"https:\/\/api.w.org\/{rel}","templated":true}]}}