{"id":75357,"date":"2025-08-18T15:00:59","date_gmt":"2025-08-18T18:00:59","guid":{"rendered":"https:\/\/www.paulus.com.br\/portal\/?p=75357"},"modified":"2025-08-18T14:50:17","modified_gmt":"2025-08-18T17:50:17","slug":"paulus-94-anos-de-evangelizacao-no-brasil","status":"publish","type":"post","link":"https:\/\/www.paulus.com.br\/portal\/paulus-94-anos-de-evangelizacao-no-brasil\/","title":{"rendered":"PAULUS: 94 anos de evangeliza\u00e7\u00e3o no Brasil"},"content":{"rendered":"<p style=\"text-align: justify;\">No dia 20 de agosto de 2025, a PAULUS Editora celebra 94 anos de miss\u00e3o no Brasil, sendo express\u00e3o concreta da presen\u00e7a e do carisma da Sociedade de S\u00e3o Paulo \u2014 a congrega\u00e7\u00e3o dos Paulinos, fundada pelo Bem-aventurado Padre Tiago Alberione. Com o ideal de evangelizar com dos meios de comunica\u00e7\u00e3o social, os Paulinos e a PAULUS t\u00eam deixado uma marca profunda na cultura e na f\u00e9 do povo brasileiro.<\/p>\n<p style=\"text-align: justify;\">Desde sua chegada ao pa\u00eds, a congrega\u00e7\u00e3o assumiu o compromisso do desenvolvimento do carisma no Pa\u00eds com criatividade e fidelidade \u00e0 miss\u00e3o da Igreja. J\u00e1 nos primeiros anos, os Paulinos publicaram os Evangelhos, dando in\u00edcio a uma trajet\u00f3ria s\u00f3lida na difus\u00e3o da Palavra de Deus. Ao longo das d\u00e9cadas, a PAULUS Editora se consolidou como uma das maiores refer\u00eancias em publica\u00e7\u00f5es cat\u00f3licas na Am\u00e9rica Latina, com destaque especial para a Sagrada Escritura.<\/p>\n<p style=\"text-align: justify;\">Hoje, a PAULUS oferece cinco edi\u00e7\u00f5es diferentes da B\u00edblia, todas com alta qualidade editorial e voltadas para diferentes p\u00fablicos e necessidades pastorais. Essas edi\u00e7\u00f5es incluem tradu\u00e7\u00f5es e coment\u00e1rios que atendem desde leigos at\u00e9 estudiosos, fortalecendo a forma\u00e7\u00e3o b\u00edblica e espiritual do povo de Deus.<\/p>\n<p style=\"text-align: justify;\">Mas a contribui\u00e7\u00e3o da PAULUS inclui tamb\u00e9m diversas \u00e1reas do saber e da espiritualidade crist\u00e3: catequese, teologia, pastoral, educa\u00e7\u00e3o, filosofia, psicologia, literatura para crian\u00e7as e jovens, patr\u00edstica, devocionais, biografias de santos, documentos da Igreja, ci\u00eancias sociais e humanas, comunica\u00e7\u00e3o, m\u00fasica, motiva\u00e7\u00e3o e mensagem, al\u00e9m de livros de estudos b\u00edblicos, agendas e calend\u00e1rios.<\/p>\n<p style=\"text-align: justify;\">Com essa produ\u00e7\u00e3o editorial diversificada e comprometida com a forma\u00e7\u00e3o integral da pessoa, a PAULUS se tornou parte da vida de gera\u00e7\u00f5es de brasileiros, influenciando positivamente membros da Igreja, educadores, formadores e leitores em geral. H\u00e1 20 anos tamb\u00e9m, na mesma data da chegada da congrega\u00e7\u00e3o no pa\u00eds, 20 de agosto, foi fundada em S\u00e3o Paulo, a FAPCOM, Faculdade PAULUS de Comunica\u00e7\u00e3o.<\/p>\n<p style=\"text-align: justify;\">Celebrar os 94 anos da PAULUS \u00e9 reconhecer o valor de uma miss\u00e3o que une f\u00e9, cultura e comunica\u00e7\u00e3o a servi\u00e7o do Evangelho, como sonhou o Padre Alberione. Que essa hist\u00f3ria continue frutificando e iluminando caminhos rumo ao centen\u00e1rio em terras brasileiras, sempre com o ideal que inspira a congrega\u00e7\u00e3o: <strong>viver e dar ao mundo Jesus, Mestre, Caminho, Verdade e Vida! <\/strong><strong>E o lema Comunica\u00e7\u00e3o para um mundo melhor<\/strong><strong>!<\/strong><\/p>\n","protected":false},"excerpt":{"rendered":"<p>No dia 20 de agosto de 2025, a PAULUS Editora celebra 94 anos de miss\u00e3o no Brasil, sendo express\u00e3o concreta da presen\u00e7a e do carisma da Sociedade de S\u00e3o Paulo \u2014 a congrega\u00e7\u00e3o dos Paulinos, fundada pelo Bem-aventurado Padre Tiago Alberione. Com o ideal de evangelizar com dos meios de comunica\u00e7\u00e3o social, os Paulinos e [&hellip;]<\/p>\n","protected":false},"author":15,"featured_media":0,"comment_status":"open","ping_status":"open","sticky":false,"template":"","format":"standard","meta":{"_acf_changed":false,"footnotes":""},"categories":[356],"tags":[],"class_list":["post-75357","post","type-post","status-publish","format-standard","hentry","category-colunista"],"acf":[],"aioseo_notices":[],"_links":{"self":[{"href":"https:\/\/www.paulus.com.br\/portal\/wp-json\/wp\/v2\/posts\/75357","targetHints":{"allow":["GET"]}}],"collection":[{"href":"https:\/\/www.paulus.com.br\/portal\/wp-json\/wp\/v2\/posts"}],"about":[{"href":"https:\/\/www.paulus.com.br\/portal\/wp-json\/wp\/v2\/types\/post"}],"author":[{"embeddable":true,"href":"https:\/\/www.paulus.com.br\/portal\/wp-json\/wp\/v2\/users\/15"}],"replies":[{"embeddable":true,"href":"https:\/\/www.paulus.com.br\/portal\/wp-json\/wp\/v2\/comments?post=75357"}],"version-history":[{"count":2,"href":"https:\/\/www.paulus.com.br\/portal\/wp-json\/wp\/v2\/posts\/75357\/revisions"}],"predecessor-version":[{"id":75381,"href":"https:\/\/www.paulus.com.br\/portal\/wp-json\/wp\/v2\/posts\/75357\/revisions\/75381"}],"wp:attachment":[{"href":"https:\/\/www.paulus.com.br\/portal\/wp-json\/wp\/v2\/media?parent=75357"}],"wp:term":[{"taxonomy":"category","embeddable":true,"href":"https:\/\/www.paulus.com.br\/portal\/wp-json\/wp\/v2\/categories?post=75357"},{"taxonomy":"post_tag","embeddable":true,"href":"https:\/\/www.paulus.com.br\/portal\/wp-json\/wp\/v2\/tags?post=75357"}],"curies":[{"name":"wp","href":"https:\/\/api.w.org\/{rel}","templated":true}]}}