{"id":74936,"date":"2025-07-15T10:00:09","date_gmt":"2025-07-15T13:00:09","guid":{"rendered":"https:\/\/www.paulus.com.br\/portal\/?p=74936"},"modified":"2025-07-11T16:55:55","modified_gmt":"2025-07-11T19:55:55","slug":"dia-da-caridade-conheca-obras-inspiradoras-sobre-amor-ao-proximo-e-solidariedade-crista","status":"publish","type":"post","link":"https:\/\/www.paulus.com.br\/portal\/dia-da-caridade-conheca-obras-inspiradoras-sobre-amor-ao-proximo-e-solidariedade-crista\/","title":{"rendered":"Dia da Caridade: conhe\u00e7a obras inspiradoras sobre amor ao pr\u00f3ximo e solidariedade crist\u00e3"},"content":{"rendered":"<p><img loading=\"lazy\" decoding=\"async\" class=\"aligncenter wp-image-74941 size-full\" src=\"https:\/\/www.paulus.com.br\/portal\/wp-content\/uploads\/2025\/07\/Dica-de-Leitura-750-x-350-36-e1752263630634.png\" alt=\"\" width=\"750\" height=\"350\" \/><\/p>\n<p>&nbsp;<\/p>\n<p><span style=\"font-weight: 400;\">Celebrado em 19 de julho, o Dia da Caridade foi institu\u00eddo no Brasil por meio do Projeto de Lei n\u00ba 5.063 com o objetivo de promover a dignidade humana, a solidariedade e incentivar pr\u00e1ticas concretas de apoio aos pobres, doentes, aflitos e todos os que vivem em situa\u00e7\u00e3o de vulnerabilidade social.<\/span><\/p>\n<p style=\"text-align: justify;\"><span style=\"font-weight: 400;\">Na tradi\u00e7\u00e3o crist\u00e3, a caridade \u00e9 mais do que uma simples a\u00e7\u00e3o solid\u00e1ria, mas uma virtude teologal. Segundo o Comp\u00eandio do Catecismo da Igreja Cat\u00f3lica, Jesus transforma a caridade em um mandamento novo, elevando-a \u00e0 plenitude da Lei: \u201cEla \u00e9 o v\u00ednculo perfeito (Cl 3,14) e o fundamento das outras virtudes, que anima, inspira e ordena: sem ela &#8216;nada sou&#8217; e &#8216;nada lucro&#8217; (1Cor 13,1-3).\u201d<\/span><\/p>\n<p style=\"text-align: justify;\"><span style=\"font-weight: 400;\">A PAULUS Editora oferece diversas obras que ilustram a pr\u00e1tica da caridade a partir do testemunho de santos e figuras marcantes da Igreja, sendo \u00f3timas leituras para quem deseja se aprofundar no verdadeiro sentido do amor ao pr\u00f3ximo. Confira algumas sugest\u00f5es:<\/span><\/p>\n<p style=\"text-align: justify;\"><b><i><a href=\"https:\/\/www.paulus.com.br\/portal\/wp-content\/uploads\/2025\/07\/157546-1200-auto-1.png\"><img loading=\"lazy\" decoding=\"async\" class=\"size-medium wp-image-74939 alignleft\" src=\"https:\/\/www.paulus.com.br\/portal\/wp-content\/uploads\/2025\/07\/157546-1200-auto-1-240x300.png\" alt=\"\" width=\"240\" height=\"300\" srcset=\"https:\/\/www.paulus.com.br\/portal\/wp-content\/uploads\/2025\/07\/157546-1200-auto-1-240x300.png 240w, https:\/\/www.paulus.com.br\/portal\/wp-content\/uploads\/2025\/07\/157546-1200-auto-1-819x1024.png 819w, https:\/\/www.paulus.com.br\/portal\/wp-content\/uploads\/2025\/07\/157546-1200-auto-1-768x960.png 768w, https:\/\/www.paulus.com.br\/portal\/wp-content\/uploads\/2025\/07\/157546-1200-auto-1-120x150.png 120w, https:\/\/www.paulus.com.br\/portal\/wp-content\/uploads\/2025\/07\/157546-1200-auto-1-90x113.png 90w, https:\/\/www.paulus.com.br\/portal\/wp-content\/uploads\/2025\/07\/157546-1200-auto-1-180x225.png 180w, https:\/\/www.paulus.com.br\/portal\/wp-content\/uploads\/2025\/07\/157546-1200-auto-1.png 1000w\" sizes=\"auto, (max-width: 240px) 100vw, 240px\" \/><\/a><\/i><\/b><\/p>\n<p>&nbsp;<\/p>\n<p>&nbsp;<\/p>\n<p style=\"text-align: justify;\"><b><i>Irm\u00e3 Dulce \u2013 A santa brasileira que fez dos pobres sua vida<\/i><\/b><\/p>\n<p style=\"text-align: justify;\"><span style=\"font-weight: 400;\">Neste livro-reportagem, a jornalista Karla Maria retrata a trajet\u00f3ria de Santa Dulce dos Pobres, por meio de relatos sens\u00edveis e hist\u00f3rias reais de quem conviveu com ela. A obra revela a for\u00e7a do amor vivido na pr\u00e1tica, mostrando como a santa dedicou sua vida inteira aos necessitados. <strong><a href=\"https:\/\/loja.paulus.com.br\/irma-dulce-a-santa-brasileira-que-fez-dos-pobres-sua-vida\/p\" target=\"_blank\" rel=\"noopener\">Saiba mais.<\/a><\/strong><\/span><\/p>\n<p>&nbsp;<\/p>\n<p>&nbsp;<\/p>\n<p>&nbsp;<\/p>\n<p>&nbsp;<\/p>\n<p style=\"text-align: justify;\"><b><i><a href=\"https:\/\/www.paulus.com.br\/portal\/wp-content\/uploads\/2025\/07\/160069-1200-auto.png\"><img loading=\"lazy\" decoding=\"async\" class=\"size-medium wp-image-74938 alignleft\" src=\"https:\/\/www.paulus.com.br\/portal\/wp-content\/uploads\/2025\/07\/160069-1200-auto-240x300.png\" alt=\"\" width=\"240\" height=\"300\" srcset=\"https:\/\/www.paulus.com.br\/portal\/wp-content\/uploads\/2025\/07\/160069-1200-auto-240x300.png 240w, https:\/\/www.paulus.com.br\/portal\/wp-content\/uploads\/2025\/07\/160069-1200-auto-819x1024.png 819w, https:\/\/www.paulus.com.br\/portal\/wp-content\/uploads\/2025\/07\/160069-1200-auto-768x960.png 768w, https:\/\/www.paulus.com.br\/portal\/wp-content\/uploads\/2025\/07\/160069-1200-auto-120x150.png 120w, https:\/\/www.paulus.com.br\/portal\/wp-content\/uploads\/2025\/07\/160069-1200-auto-90x113.png 90w, https:\/\/www.paulus.com.br\/portal\/wp-content\/uploads\/2025\/07\/160069-1200-auto-180x225.png 180w, https:\/\/www.paulus.com.br\/portal\/wp-content\/uploads\/2025\/07\/160069-1200-auto.png 1000w\" sizes=\"auto, (max-width: 240px) 100vw, 240px\" \/><\/a><\/i><\/b><\/p>\n<p>&nbsp;<\/p>\n<p style=\"text-align: justify;\"><b><i>Viver a caridade \u2013 Ensinamentos de Santa Dulce dos Pobres<\/i><\/b><\/p>\n<p style=\"text-align: justify;\"><span style=\"font-weight: 400;\">De forma simples e profunda, esta obra re\u00fane pensamentos e ensinamentos de Santa Dulce, revelando como pequenas atitudes podem se transformar em grandes gestos de amor. Uma leitura ideal para quem busca inspira\u00e7\u00e3o di\u00e1ria para viver a caridade no cotidiano. <a href=\"https:\/\/loja.paulus.com.br\/viver-a-caridade-ensinamentos-de-santa-dulce-dos-pobres\/p\" target=\"_blank\" rel=\"noopener\"><strong>Saiba mais.<\/strong><\/a><\/span><\/p>\n<p>&nbsp;<\/p>\n<p>&nbsp;<\/p>\n<p>&nbsp;<\/p>\n<p>&nbsp;<\/p>\n<p>&nbsp;<\/p>\n<p style=\"text-align: justify;\"><b><i><a href=\"https:\/\/www.paulus.com.br\/portal\/wp-content\/uploads\/2025\/07\/161397-1200-auto.png\"><img loading=\"lazy\" decoding=\"async\" class=\" wp-image-74937 alignleft\" src=\"https:\/\/www.paulus.com.br\/portal\/wp-content\/uploads\/2025\/07\/161397-1200-auto-213x300.png\" alt=\"\" width=\"223\" height=\"314\" srcset=\"https:\/\/www.paulus.com.br\/portal\/wp-content\/uploads\/2025\/07\/161397-1200-auto-213x300.png 213w, https:\/\/www.paulus.com.br\/portal\/wp-content\/uploads\/2025\/07\/161397-1200-auto-726x1024.png 726w, https:\/\/www.paulus.com.br\/portal\/wp-content\/uploads\/2025\/07\/161397-1200-auto-768x1083.png 768w, https:\/\/www.paulus.com.br\/portal\/wp-content\/uploads\/2025\/07\/161397-1200-auto-1089x1536.png 1089w, https:\/\/www.paulus.com.br\/portal\/wp-content\/uploads\/2025\/07\/161397-1200-auto-120x170.png 120w, https:\/\/www.paulus.com.br\/portal\/wp-content\/uploads\/2025\/07\/161397-1200-auto-90x127.png 90w, https:\/\/www.paulus.com.br\/portal\/wp-content\/uploads\/2025\/07\/161397-1200-auto-170x240.png 170w, https:\/\/www.paulus.com.br\/portal\/wp-content\/uploads\/2025\/07\/161397-1200-auto.png 1200w\" sizes=\"auto, (max-width: 223px) 100vw, 223px\" \/><\/a><\/i><\/b><\/p>\n<p>&nbsp;<\/p>\n<p>&nbsp;<\/p>\n<p style=\"text-align: justify;\"><b><i>Caridade \u00e9 a ess\u00eancia da religi\u00e3o \u2013 Ensinamentos de S\u00e3o Charles de Foucauld<\/i><\/b><\/p>\n<p style=\"text-align: justify;\"><span style=\"font-weight: 400;\">Canonizado em 2022, S\u00e3o Charles de Foucauld \u00e9 lembrado como o \u201cirm\u00e3o universal\u201d. Este livreto re\u00fane reflex\u00f5es do santo sobre a centralidade da caridade na vida crist\u00e3, ressaltando o seguimento a Jesus por meio da ora\u00e7\u00e3o e do servi\u00e7o. <a href=\"https:\/\/loja.paulus.com.br\/caridade-e-a-essencia-da-religiao-ensinamentos-de-sao-charles-de-foucauld\/p\" target=\"_blank\" rel=\"noopener\"><strong>Saiba mais.<\/strong><\/a><\/span><\/p>\n<p>&nbsp;<\/p>\n<p>&nbsp;<\/p>\n<p>&nbsp;<\/p>\n<p>&nbsp;<\/p>\n<p style=\"text-align: justify;\"><b><i><a href=\"https:\/\/www.paulus.com.br\/portal\/wp-content\/uploads\/2025\/07\/Cod._obra__05293_EM_QUE_POSSO_AJUDAR_VIDA_E_PENSAMENTO_DE_DOM_LUCIANO_PEDRO_MENDES_DE_ALMEIDA.jpg\"><img loading=\"lazy\" decoding=\"async\" class=\"wp-image-74940 alignleft\" src=\"https:\/\/www.paulus.com.br\/portal\/wp-content\/uploads\/2025\/07\/Cod._obra__05293_EM_QUE_POSSO_AJUDAR_VIDA_E_PENSAMENTO_DE_DOM_LUCIANO_PEDRO_MENDES_DE_ALMEIDA-193x300.jpg\" alt=\"\" width=\"228\" height=\"355\" srcset=\"https:\/\/www.paulus.com.br\/portal\/wp-content\/uploads\/2025\/07\/Cod._obra__05293_EM_QUE_POSSO_AJUDAR_VIDA_E_PENSAMENTO_DE_DOM_LUCIANO_PEDRO_MENDES_DE_ALMEIDA-193x300.jpg 193w, https:\/\/www.paulus.com.br\/portal\/wp-content\/uploads\/2025\/07\/Cod._obra__05293_EM_QUE_POSSO_AJUDAR_VIDA_E_PENSAMENTO_DE_DOM_LUCIANO_PEDRO_MENDES_DE_ALMEIDA-658x1024.jpg 658w, https:\/\/www.paulus.com.br\/portal\/wp-content\/uploads\/2025\/07\/Cod._obra__05293_EM_QUE_POSSO_AJUDAR_VIDA_E_PENSAMENTO_DE_DOM_LUCIANO_PEDRO_MENDES_DE_ALMEIDA-768x1195.jpg 768w, https:\/\/www.paulus.com.br\/portal\/wp-content\/uploads\/2025\/07\/Cod._obra__05293_EM_QUE_POSSO_AJUDAR_VIDA_E_PENSAMENTO_DE_DOM_LUCIANO_PEDRO_MENDES_DE_ALMEIDA-987x1536.jpg 987w, https:\/\/www.paulus.com.br\/portal\/wp-content\/uploads\/2025\/07\/Cod._obra__05293_EM_QUE_POSSO_AJUDAR_VIDA_E_PENSAMENTO_DE_DOM_LUCIANO_PEDRO_MENDES_DE_ALMEIDA-1316x2048.jpg 1316w, https:\/\/www.paulus.com.br\/portal\/wp-content\/uploads\/2025\/07\/Cod._obra__05293_EM_QUE_POSSO_AJUDAR_VIDA_E_PENSAMENTO_DE_DOM_LUCIANO_PEDRO_MENDES_DE_ALMEIDA-109x170.jpg 109w, https:\/\/www.paulus.com.br\/portal\/wp-content\/uploads\/2025\/07\/Cod._obra__05293_EM_QUE_POSSO_AJUDAR_VIDA_E_PENSAMENTO_DE_DOM_LUCIANO_PEDRO_MENDES_DE_ALMEIDA-90x140.jpg 90w, https:\/\/www.paulus.com.br\/portal\/wp-content\/uploads\/2025\/07\/Cod._obra__05293_EM_QUE_POSSO_AJUDAR_VIDA_E_PENSAMENTO_DE_DOM_LUCIANO_PEDRO_MENDES_DE_ALMEIDA-154x240.jpg 154w, https:\/\/www.paulus.com.br\/portal\/wp-content\/uploads\/2025\/07\/Cod._obra__05293_EM_QUE_POSSO_AJUDAR_VIDA_E_PENSAMENTO_DE_DOM_LUCIANO_PEDRO_MENDES_DE_ALMEIDA-161x250.jpg 161w, https:\/\/www.paulus.com.br\/portal\/wp-content\/uploads\/2025\/07\/Cod._obra__05293_EM_QUE_POSSO_AJUDAR_VIDA_E_PENSAMENTO_DE_DOM_LUCIANO_PEDRO_MENDES_DE_ALMEIDA.jpg 1594w\" sizes=\"auto, (max-width: 228px) 100vw, 228px\" \/><\/a><\/i><\/b><\/p>\n<p>&nbsp;<\/p>\n<p>&nbsp;<\/p>\n<p style=\"text-align: justify;\"><b><i>Em que posso ajudar? \u2013 Vida e pensamento de Dom Luciano Pedro Mendes de Almeida<\/i><\/b><\/p>\n<p style=\"text-align: justify;\"><span style=\"font-weight: 400;\">Esta obra resgata o legado de Dom Luciano, atualmente em processo de beatifica\u00e7\u00e3o. Com uma vida marcada pela dedica\u00e7\u00e3o aos pobres e pela defesa incondicional da dignidade humana, ele inspira por sua humildade e generosidade. A frase que d\u00e1 nome ao livro traduz sua miss\u00e3o: estar sempre dispon\u00edvel para servir.<a href=\"https:\/\/www.paulus.com.br\/portal\/releases\/em-que-posso-ajudar-vida-e-pensamento-de-dom-luciano-pedro-mendes-de-almeida\/\" target=\"_blank\" rel=\"noopener\"><strong> Saiba mais.<\/strong><\/a><\/span><\/p>\n<p style=\"text-align: justify;\">\n","protected":false},"excerpt":{"rendered":"<p>&nbsp; Celebrado em 19 de julho, o Dia da Caridade foi institu\u00eddo no Brasil por meio do Projeto de Lei n\u00ba 5.063 com o objetivo de promover a dignidade humana, a solidariedade e incentivar pr\u00e1ticas concretas de apoio aos pobres, doentes, aflitos e todos os que vivem em situa\u00e7\u00e3o de vulnerabilidade social. Na tradi\u00e7\u00e3o crist\u00e3, [&hellip;]<\/p>\n","protected":false},"author":3,"featured_media":74942,"comment_status":"open","ping_status":"open","sticky":false,"template":"","format":"standard","meta":{"_acf_changed":false,"footnotes":""},"categories":[15],"tags":[],"class_list":["post-74936","post","type-post","status-publish","format-standard","has-post-thumbnail","hentry","category-noticias"],"acf":[],"aioseo_notices":[],"_links":{"self":[{"href":"https:\/\/www.paulus.com.br\/portal\/wp-json\/wp\/v2\/posts\/74936","targetHints":{"allow":["GET"]}}],"collection":[{"href":"https:\/\/www.paulus.com.br\/portal\/wp-json\/wp\/v2\/posts"}],"about":[{"href":"https:\/\/www.paulus.com.br\/portal\/wp-json\/wp\/v2\/types\/post"}],"author":[{"embeddable":true,"href":"https:\/\/www.paulus.com.br\/portal\/wp-json\/wp\/v2\/users\/3"}],"replies":[{"embeddable":true,"href":"https:\/\/www.paulus.com.br\/portal\/wp-json\/wp\/v2\/comments?post=74936"}],"version-history":[{"count":2,"href":"https:\/\/www.paulus.com.br\/portal\/wp-json\/wp\/v2\/posts\/74936\/revisions"}],"predecessor-version":[{"id":74944,"href":"https:\/\/www.paulus.com.br\/portal\/wp-json\/wp\/v2\/posts\/74936\/revisions\/74944"}],"wp:featuredmedia":[{"embeddable":true,"href":"https:\/\/www.paulus.com.br\/portal\/wp-json\/wp\/v2\/media\/74942"}],"wp:attachment":[{"href":"https:\/\/www.paulus.com.br\/portal\/wp-json\/wp\/v2\/media?parent=74936"}],"wp:term":[{"taxonomy":"category","embeddable":true,"href":"https:\/\/www.paulus.com.br\/portal\/wp-json\/wp\/v2\/categories?post=74936"},{"taxonomy":"post_tag","embeddable":true,"href":"https:\/\/www.paulus.com.br\/portal\/wp-json\/wp\/v2\/tags?post=74936"}],"curies":[{"name":"wp","href":"https:\/\/api.w.org\/{rel}","templated":true}]}}