{"id":74909,"date":"2025-07-09T00:01:19","date_gmt":"2025-07-09T03:01:19","guid":{"rendered":"https:\/\/www.paulus.com.br\/portal\/?p=74909"},"modified":"2025-07-08T17:57:35","modified_gmt":"2025-07-08T20:57:35","slug":"77-segunda-carta-de-joao","status":"publish","type":"post","link":"https:\/\/www.paulus.com.br\/portal\/77-segunda-carta-de-joao\/","title":{"rendered":"77. Segunda Carta de Jo\u00e3o"},"content":{"rendered":"<p style=\"text-align: justify;\">Como vimos na Primeira Carta de Jo\u00e3o, as tr\u00eas Cartas Joaninas foram escritas provavelmente pelo mesmo autor ou autores e nos in\u00edcios do segundo s\u00e9culo da era crist\u00e3, talvez em \u00c9feso. A segunda e a terceira Carta de Jo\u00e3o s\u00e3o pequenos bilhetes. As duas possuem apenas um cap\u00edtulo. A segunda com 13 vers\u00edculos e a terceira com 15.<\/p>\n<blockquote>\n<p style=\"text-align: justify;\">Na Segunda Carta de Jo\u00e3o, o autor se apresenta como o \u201cAnci\u00e3o\u201d (presb\u00edtero), que pode significar a idade da pessoa ou o mais prov\u00e1vel \u00e9 que seja uma lideran\u00e7a importante da comunidade. Os destinat\u00e1rios s\u00e3o a \u201cSenhora Eleita e seus Filhos\u201d, podem representar os membros da comunidade \u00e0 qual a Carta \u00e9 dirigida ou uma fam\u00edlia, que acolhe uma \u201ccomunidade dom\u00e9stica\u201d, isto \u00e9, tendo uma fam\u00edlia como centro de acolhida. Hoje dir\u00edamos uma \u201cigreja dom\u00e9stica\u201d. Em s\u00edntese, a Carta cont\u00e9m as mesmas ideias da primeira Carta Joanina, tamb\u00e9m no l\u00e9xico e no estilo.<\/p>\n<\/blockquote>\n<p style=\"text-align: justify;\">A maior preocupa\u00e7\u00e3o do autor \u00e9 a divis\u00e3o da comunidade. Alguns membros da comunidade n\u00e3o aceitam a encarna\u00e7\u00e3o de Cristo em Jesus de Nazar\u00e9, isto \u00e9, que o Filho de Deus tenha assumido de fato a condi\u00e7\u00e3o humana. O autor alerta para n\u00e3o manter contato com tais pessoas. Convida a comunidade a se manter firme na viv\u00eancia do mandamento do amor fraterno. A express\u00e3o principal da Segunda Carta de Jo\u00e3o \u00e9 a \u201cverdade\u201d, que se refere \u00e0 verdade revelada da Sagrada Escritura.<\/p>\n<p style=\"text-align: justify;\">Podemos esbo\u00e7ar a Carta da seguinte forma:<\/p>\n<p style=\"text-align: justify;\">Sauda\u00e7\u00e3o (2Jo 1-3): O autor (Anci\u00e3o) sa\u00fada e ama os destinat\u00e1rios (Senhora Eleita e seus Filhos). A sauda\u00e7\u00e3o gira em torno dos temas do amor e da verdade. A verdade \u00e9 a revela\u00e7\u00e3o de Deus comunicada por Jesus Cristo e \u00e9 o que garante o caminho da comunidade.<\/p>\n<blockquote>\n<p style=\"text-align: justify;\">2. Corpo da carta (2Jo 4-11): O centro da Carta cont\u00e9m dois ensinamentos. Primeiro (4-6): \u00e9 um apelo \u00e0 viv\u00eancia do amor fraterno, que \u00e9 o centro da vida crist\u00e3. O autor convida a caminhar no amor. Apesar dos desafios, a comunidade n\u00e3o abandonou a pr\u00e1tica do novo mandamento deixado por Jesus. \u00c9 um apelo \u00e0 coer\u00eancia entre doutrina e vida. Segundo (7-11): aqui est\u00e1 o motivo principal da Carta. \u00c9 um alerta para evitar os \u201cfalsos mestres\u201d, s\u00e3o os anticristos que procuram desviar os membros da comunidade. S\u00e3o pessoas que negam que Jesus seja verdadeiro homem e que a pr\u00e1tica dele revela o agir de Deus. \u00c9 uma den\u00fancia contra os falsos mestres que perturbam a comunidade. O autor reafirma com insist\u00eancia a necessidade de permanecer fiel \u00e0 tradi\u00e7\u00e3o apost\u00f3lica. A hospitalidade para os mission\u00e1rios itinerantes era importante para as comunidades joaninas, mas o autor aconselha a comunidade a n\u00e3o receber os pregadores dissidentes.<\/p>\n<\/blockquote>\n<p style=\"text-align: justify;\">3. Conclus\u00e3o (2Jo 12-13): A conclus\u00e3o mostra o contato entre o autor e a comunidade. Nesse envolvimento entre os dois est\u00e1 a verdadeira alegria. A conclus\u00e3o invoca a presen\u00e7a dos crist\u00e3os que est\u00e3o em comunh\u00e3o com o anci\u00e3o. Ele n\u00e3o fala por conta pr\u00f3pria, mas como representante de uma comunidade.<\/p>\n","protected":false},"excerpt":{"rendered":"<p>Como vimos na Primeira Carta de Jo\u00e3o, as tr\u00eas Cartas Joaninas foram escritas provavelmente pelo mesmo autor ou autores e nos in\u00edcios do segundo s\u00e9culo da era crist\u00e3, talvez em \u00c9feso. A segunda e a terceira Carta de Jo\u00e3o s\u00e3o pequenos bilhetes. As duas possuem apenas um cap\u00edtulo. A segunda com 13 vers\u00edculos e a [&hellip;]<\/p>\n","protected":false},"author":16,"featured_media":0,"comment_status":"open","ping_status":"open","sticky":false,"template":"","format":"standard","meta":{"_acf_changed":false,"footnotes":""},"categories":[356],"tags":[],"class_list":["post-74909","post","type-post","status-publish","format-standard","hentry","category-colunista"],"acf":[],"aioseo_notices":[],"_links":{"self":[{"href":"https:\/\/www.paulus.com.br\/portal\/wp-json\/wp\/v2\/posts\/74909","targetHints":{"allow":["GET"]}}],"collection":[{"href":"https:\/\/www.paulus.com.br\/portal\/wp-json\/wp\/v2\/posts"}],"about":[{"href":"https:\/\/www.paulus.com.br\/portal\/wp-json\/wp\/v2\/types\/post"}],"author":[{"embeddable":true,"href":"https:\/\/www.paulus.com.br\/portal\/wp-json\/wp\/v2\/users\/16"}],"replies":[{"embeddable":true,"href":"https:\/\/www.paulus.com.br\/portal\/wp-json\/wp\/v2\/comments?post=74909"}],"version-history":[{"count":1,"href":"https:\/\/www.paulus.com.br\/portal\/wp-json\/wp\/v2\/posts\/74909\/revisions"}],"predecessor-version":[{"id":74910,"href":"https:\/\/www.paulus.com.br\/portal\/wp-json\/wp\/v2\/posts\/74909\/revisions\/74910"}],"wp:attachment":[{"href":"https:\/\/www.paulus.com.br\/portal\/wp-json\/wp\/v2\/media?parent=74909"}],"wp:term":[{"taxonomy":"category","embeddable":true,"href":"https:\/\/www.paulus.com.br\/portal\/wp-json\/wp\/v2\/categories?post=74909"},{"taxonomy":"post_tag","embeddable":true,"href":"https:\/\/www.paulus.com.br\/portal\/wp-json\/wp\/v2\/tags?post=74909"}],"curies":[{"name":"wp","href":"https:\/\/api.w.org\/{rel}","templated":true}]}}