{"id":74221,"date":"2025-05-09T16:48:25","date_gmt":"2025-05-09T19:48:25","guid":{"rendered":"https:\/\/www.paulus.com.br\/portal\/?p=74221"},"modified":"2025-05-09T16:48:25","modified_gmt":"2025-05-09T19:48:25","slug":"75-segunda-carta-de-pedro","status":"publish","type":"post","link":"https:\/\/www.paulus.com.br\/portal\/75-segunda-carta-de-pedro\/","title":{"rendered":"75. Segunda Carta de Pedro"},"content":{"rendered":"<p style=\"text-align: justify;\">A Segunda Carta de Pedro demorou para ser aceita como livro inspirado. Ela tem muitas diferen\u00e7as de vocabul\u00e1rio, linguagem e conte\u00fado em rela\u00e7\u00e3o \u00e0 Primeira. Isso revela que as duas provavelmente n\u00e3o tenham o mesmo autor. O autor desta Carta pertence j\u00e1 \u00e0 terceira gera\u00e7\u00e3o. Portanto, trata-se de uma pseudoepigrafia, ou seja, o autor dedicou o escrito a Sim\u00e3o Pedro, ap\u00f3stolo de Jesus Cristo.<\/p>\n<blockquote>\n<p style=\"text-align: justify;\">A Carta \u00e9 dirigida \u00e0s comunidades helenistas que j\u00e1 t\u00eam uma boa caminhada de uns cinquenta anos e h\u00e1 o perigo de divis\u00f5es dentro delas. Ela revela o in\u00edcio da sistematiza\u00e7\u00e3o da doutrina e prop\u00f5e estudo da Palavra de Deus para superar os conflitos internos. Para o autor, a Escritura \u00e9 uma luz que brilha em lugar escuro.<\/p>\n<\/blockquote>\n<p style=\"text-align: justify;\">Retoma um pouco o pensamento da Carta de Judas, revelando que a Sagrada Escritura oferece exemplos da puni\u00e7\u00e3o de Deus aos \u00edmpios e mostrando-se a favor da liberta\u00e7\u00e3o para quem age de acordo com a justi\u00e7a. A Carta se preocupa com a s\u00e3 doutrina revelada pela Sagrada Escritura, principalmente dos profetas. Tem em mente o des\u00e2nimo dos crist\u00e3os que est\u00e3o desanimados por causa da demora da vinda do Senhor.<\/p>\n<p style=\"text-align: justify;\">A Segunda Carta de Pedro mostra, de diversas formas, que o passar do tempo v\u00e3o surgindo novos desafios para as comunidades crist\u00e3s. Nos in\u00edcios da era crist\u00e3, a for\u00e7a da novidade e a espera pela volta do Senhor davam sentido \u00e0 vida. No tempo da reda\u00e7\u00e3o da carta, a \u00e9poca de Jesus e seus seguidores j\u00e1 ficaram para tr\u00e1s, e apresenta o perigo da rotina e do des\u00e2nimo. O autor prop\u00f5e n\u00e3o esquecer o alicerce e a luz que as palavras dos profetas oferecem.<\/p>\n<blockquote>\n<p style=\"text-align: justify;\">Quanto ao local da reda\u00e7\u00e3o, uns se posicionam por Alexandria, alguns prop\u00f5em Roma, outros ainda em algum lugar da \u00c1sia Menor, talvez \u00c9feso. Se n\u00e3o for o \u00faltimo, \u00e9 um dos \u00faltimos escritos do Novo Testamento. \u00c9 bem posterior \u00e0 Primeira Carta de Pedro. Provavelmente tinha sido escrita no in\u00edcio do segundo s\u00e9culo da era crist\u00e3. Podemos esquematizar a Segunda Carta de Pedro da seguinte maneira.<\/p>\n<\/blockquote>\n<p style=\"text-align: justify;\">1. Sauda\u00e7\u00e3o inicial (2Pd 1,1-2): O autor se apresenta com o nome de Sim\u00e3o Pedro, servo e ap\u00f3stolo de Jesus Cristo. A seguir apresenta a sauda\u00e7\u00e3o para que a gra\u00e7a e a paz sejam abundantes.<\/p>\n<p style=\"text-align: justify;\">2. Exorta\u00e7\u00f5es (2Pd 1,3-21): Ao conhecer Jesus Cristo, Deus nos fez participantes da sua natureza divina. Com isso, devemos abandonar as atitudes ego\u00edstas e cultivar as virtudes. Como que se despedindo, o autor se identifica com Pedro, recordando momentos de sua conviv\u00eancia com Jesus. Ele refor\u00e7a o interesse pela Tradi\u00e7\u00e3o, Deus fala pelas profecias dos profetas.<\/p>\n<blockquote>\n<p style=\"text-align: justify;\">3. Os falsos mestres (2Pd 2,1-22): O autor alerta que surgir\u00e3o falsos mestres no interior da comunidade, que procurar\u00e3o desvi\u00e1-la como aconteceu no passado com os falsos profetas. Ele procura recuperar personagens do passado para apresent\u00e1-las como modelo a seguir ou rejeitar. Em seguida, apresenta exemplos de comportamento dos \u00edmpios.<\/p>\n<\/blockquote>\n<p style=\"text-align: justify;\">4. A volta de Cristo (2Pd 3,1-16): Naquele tempo, muitas comunidades aguardavam a volta do Senhor. A demora da sua volta \u00e9 motivo de preocupa\u00e7\u00e3o de muitos, por outro lado motivo de zombaria por parte de outros. O agir e o pensamento de Deus nem sempre correspondem aos nossos desejos. A demora na vinda pode ser momento de convers\u00e3o. O autor prop\u00f5e alimentar a esperan\u00e7a num novo c\u00e9u e numa nova terra. O sonho e a espera por um \u201cnovo c\u00e9u e nova terra\u201d deve ser o empenho por uma vida pautada pela justi\u00e7a.<\/p>\n<p style=\"text-align: justify;\">5. Conclus\u00e3o (2Pd 3,17-18): O autor faz um apelo para que a comunidade resista aos apelos dos falsos mestres que podem comprometer o conhecimento de Jesus Cristo, a ele pertence a gl\u00f3ria, agora e at\u00e9 a eternidade.<\/p>\n","protected":false},"excerpt":{"rendered":"<p>A Segunda Carta de Pedro demorou para ser aceita como livro inspirado. Ela tem muitas diferen\u00e7as de vocabul\u00e1rio, linguagem e conte\u00fado em rela\u00e7\u00e3o \u00e0 Primeira. Isso revela que as duas provavelmente n\u00e3o tenham o mesmo autor. O autor desta Carta pertence j\u00e1 \u00e0 terceira gera\u00e7\u00e3o. Portanto, trata-se de uma pseudoepigrafia, ou seja, o autor dedicou [&hellip;]<\/p>\n","protected":false},"author":16,"featured_media":0,"comment_status":"open","ping_status":"open","sticky":false,"template":"","format":"standard","meta":{"_acf_changed":false,"footnotes":""},"categories":[356],"tags":[],"class_list":["post-74221","post","type-post","status-publish","format-standard","hentry","category-colunista"],"acf":[],"aioseo_notices":[],"_links":{"self":[{"href":"https:\/\/www.paulus.com.br\/portal\/wp-json\/wp\/v2\/posts\/74221","targetHints":{"allow":["GET"]}}],"collection":[{"href":"https:\/\/www.paulus.com.br\/portal\/wp-json\/wp\/v2\/posts"}],"about":[{"href":"https:\/\/www.paulus.com.br\/portal\/wp-json\/wp\/v2\/types\/post"}],"author":[{"embeddable":true,"href":"https:\/\/www.paulus.com.br\/portal\/wp-json\/wp\/v2\/users\/16"}],"replies":[{"embeddable":true,"href":"https:\/\/www.paulus.com.br\/portal\/wp-json\/wp\/v2\/comments?post=74221"}],"version-history":[{"count":1,"href":"https:\/\/www.paulus.com.br\/portal\/wp-json\/wp\/v2\/posts\/74221\/revisions"}],"predecessor-version":[{"id":74222,"href":"https:\/\/www.paulus.com.br\/portal\/wp-json\/wp\/v2\/posts\/74221\/revisions\/74222"}],"wp:attachment":[{"href":"https:\/\/www.paulus.com.br\/portal\/wp-json\/wp\/v2\/media?parent=74221"}],"wp:term":[{"taxonomy":"category","embeddable":true,"href":"https:\/\/www.paulus.com.br\/portal\/wp-json\/wp\/v2\/categories?post=74221"},{"taxonomy":"post_tag","embeddable":true,"href":"https:\/\/www.paulus.com.br\/portal\/wp-json\/wp\/v2\/tags?post=74221"}],"curies":[{"name":"wp","href":"https:\/\/api.w.org\/{rel}","templated":true}]}}