{"id":7373,"date":"2012-12-05T13:48:17","date_gmt":"2012-12-05T15:48:17","guid":{"rendered":"http:\/\/www.paulus.com.br\/institucional\/?p=7373"},"modified":"2012-12-05T13:48:17","modified_gmt":"2012-12-05T15:48:17","slug":"paulus-livraria-de-joao-pessoa-oferece-cultura-e-diversao-nesta-sexta-feira","status":"publish","type":"post","link":"https:\/\/www.paulus.com.br\/portal\/paulus-livraria-de-joao-pessoa-oferece-cultura-e-diversao-nesta-sexta-feira\/","title":{"rendered":"PAULUS Livraria de Jo\u00e3o Pessoa oferece cultura e divers\u00e3o nesta sexta-feira"},"content":{"rendered":"<p><a href=\"http:\/\/www.paulus.com.br\/institucional\/wp-content\/uploads\/2012\/12\/logo_paulus.jpg\"><img loading=\"lazy\" decoding=\"async\" class=\"alignleft size-full wp-image-7374\" title=\"logo_paulus\" src=\"http:\/\/www.paulus.com.br\/institucional\/wp-content\/uploads\/2012\/12\/logo_paulus.jpg\" alt=\"\" width=\"150\" height=\"98\" srcset=\"https:\/\/www.paulus.com.br\/portal\/wp-content\/uploads\/2012\/12\/logo_paulus.jpg 150w, https:\/\/www.paulus.com.br\/portal\/wp-content\/uploads\/2012\/12\/logo_paulus-120x78.jpg 120w, https:\/\/www.paulus.com.br\/portal\/wp-content\/uploads\/2012\/12\/logo_paulus-90x58.jpg 90w\" sizes=\"auto, (max-width: 150px) 100vw, 150px\" \/><\/a>Com o apoio do Polo de Leitura na rede, a livraria realizar\u00e1 no dia 7 de dezembro, a Sexta-feira Liter\u00e1ria. O objetivo do evento \u00e9 disponibilizar aos moradores diversos t\u00edtulos da \u00e1rea infantojuvenil e de literatura da editora, a fim de estimular o h\u00e1bito de leitura.<\/p>\n<p>\u201cEsperamos incentivar ainda mais a leitura na capital, promover um momento de encontro entre os leitores e oferecer \u00f3timas op\u00e7\u00f5es de presentes para o Natal\u201d, comenta Ednaldo J\u00fanior, consultor educacional da PAULUS Livraria de Jo\u00e3o Pessoa.<\/p>\n<p>Os visitantes que comparecerem ao evento poder\u00e3o assistir as conta\u00e7\u00f5es de hist\u00f3rias infantis, participar de atividades, conversar com poetas e educadores, al\u00e9m de encontrar descontos especiais de livros, com pre\u00e7os a partir de R$ 3,00.<\/p>\n<p>O evento \u00e9 gratuito. A sexta-feira liter\u00e1ria acontece dia 7 de dezembro, das 14h \u00e0s 17h30, na Pra\u00e7a Dom Adauto, s\/n \u2013 Centro \u2013 Jo\u00e3o Pessoa\/PB &#8211; em frente ao Pal\u00e1cio do Bispo.<\/p>\n","protected":false},"excerpt":{"rendered":"<p>Com o apoio do Polo de Leitura na rede, a livraria realizar\u00e1 no dia 7 de dezembro, a Sexta-feira Liter\u00e1ria. O objetivo do evento \u00e9 disponibilizar aos moradores diversos t\u00edtulos da \u00e1rea infantojuvenil e de literatura da editora, a fim de estimular o h\u00e1bito de leitura. \u201cEsperamos incentivar ainda mais a leitura na capital, promover [&hellip;]<\/p>\n","protected":false},"author":3,"featured_media":7374,"comment_status":"open","ping_status":"open","sticky":false,"template":"","format":"standard","meta":{"_acf_changed":false,"footnotes":""},"categories":[15],"tags":[344,324,199,345,624,627,333],"class_list":["post-7373","post","type-post","status-publish","format-standard","has-post-thumbnail","hentry","category-noticias","tag-cultura","tag-joao-pessoa","tag-literatura","tag-livros","tag-natal","tag-paraiba","tag-paulus"],"acf":[],"aioseo_notices":[],"_links":{"self":[{"href":"https:\/\/www.paulus.com.br\/portal\/wp-json\/wp\/v2\/posts\/7373","targetHints":{"allow":["GET"]}}],"collection":[{"href":"https:\/\/www.paulus.com.br\/portal\/wp-json\/wp\/v2\/posts"}],"about":[{"href":"https:\/\/www.paulus.com.br\/portal\/wp-json\/wp\/v2\/types\/post"}],"author":[{"embeddable":true,"href":"https:\/\/www.paulus.com.br\/portal\/wp-json\/wp\/v2\/users\/3"}],"replies":[{"embeddable":true,"href":"https:\/\/www.paulus.com.br\/portal\/wp-json\/wp\/v2\/comments?post=7373"}],"version-history":[{"count":0,"href":"https:\/\/www.paulus.com.br\/portal\/wp-json\/wp\/v2\/posts\/7373\/revisions"}],"wp:featuredmedia":[{"embeddable":true,"href":"https:\/\/www.paulus.com.br\/portal\/wp-json\/wp\/v2\/media\/7374"}],"wp:attachment":[{"href":"https:\/\/www.paulus.com.br\/portal\/wp-json\/wp\/v2\/media?parent=7373"}],"wp:term":[{"taxonomy":"category","embeddable":true,"href":"https:\/\/www.paulus.com.br\/portal\/wp-json\/wp\/v2\/categories?post=7373"},{"taxonomy":"post_tag","embeddable":true,"href":"https:\/\/www.paulus.com.br\/portal\/wp-json\/wp\/v2\/tags?post=7373"}],"curies":[{"name":"wp","href":"https:\/\/api.w.org\/{rel}","templated":true}]}}