{"id":72617,"date":"2024-11-08T17:00:16","date_gmt":"2024-11-08T20:00:16","guid":{"rendered":"https:\/\/www.paulus.com.br\/portal\/?p=72617"},"modified":"2024-11-08T16:52:01","modified_gmt":"2024-11-08T19:52:01","slug":"68-carta-a-tito","status":"publish","type":"post","link":"https:\/\/www.paulus.com.br\/portal\/68-carta-a-tito\/","title":{"rendered":"68. Carta a Tito"},"content":{"rendered":"<p style=\"text-align: justify;\">No artigo anterior, vimos alguns elementos importantes das Cartas Pastorais e da figura de Tim\u00f3teo. As tr\u00eas Cartas Pastorais formam um conjunto homog\u00eaneo, tanto no plano liter\u00e1rio como no doutrinal. S\u00e3o cartas endere\u00e7adas \u00e0s pessoas e cont\u00eam normas relativas aos l\u00edderes das comunidades. Os recentes estudos prop\u00f5em que essas cartas tenham sido escritas pelos in\u00edcios do segundo s\u00e9culo depois de Cristo, por algum disc\u00edpulo de Paulo que interpretou o pensamento paulino, aplicando-o a uma situa\u00e7\u00e3o posterior.<\/p>\n<blockquote>\n<p style=\"text-align: justify;\">Um dos motivos das Cartas Pastorais \u00e9 para preservar as comunidades da persegui\u00e7\u00e3o que sofriam e da tentativa do imp\u00e9rio impor sua ideologia. Al\u00e9m disso, elas defendem a miss\u00e3o interna diante das amea\u00e7as das doutrinas divergentes defendidas por grupos dissidentes das comunidades, provocando divis\u00f5es. Nesta \u00e9poca das Cartas Pastorais, mais do que fundar comunidades, se busca encoraj\u00e1-las. Surgem a necessidade de novos minist\u00e9rios de coordena\u00e7\u00e3o. As Cartas Pastorais incentivam o zelo na organiza\u00e7\u00e3o das comunidades e definem algumas fun\u00e7\u00f5es das comunidades, tais como di\u00e1conos, presb\u00edteros e ep\u00edscopos.<\/p>\n<\/blockquote>\n<p style=\"text-align: justify;\">Tito \u00e9 filho de gregos e se encontra na ilha de Creta, para organizar a comunidade. Provavelmente convertido por Paulo, que o chama de filho. Tito foi grande colaborador de Paulo em sua miss\u00e3o e em suas viagens. Tito, assim como Tim\u00f3teo, torna-se a figura da presen\u00e7a do ap\u00f3stolo na sua aus\u00eancia ap\u00f3s a morte. Ele tem a miss\u00e3o de ensinar o que aprendeu de Paulo.<\/p>\n<p style=\"text-align: justify;\">Acompanhou Paulo e Barnab\u00e9 a Jerusal\u00e9m para a assembleia, conhecida tamb\u00e9m como \u201cconc\u00edlio de Jerusal\u00e9m\u201d. Organizou a coleta em favor da comunidade de Jerusal\u00e9m. Paulo o encarregou a coordenar a comunidade de Creta. Foi tamb\u00e9m enviado para evangelizar a Dalm\u00e1cia.<\/p>\n<p style=\"text-align: justify;\">Tito \u00e9 a terceira casta das chamadas de Pastorais. A Carta a Tito retrata uma comunidade j\u00e1 bem estruturada e organizada. A comunidade se preocupa com a organiza\u00e7\u00e3o dos minist\u00e9rios, segundo o modelo da fam\u00edlia patriarcal e a institui\u00e7\u00e3o das autoridades romanas. Tito foi envidado para reconciliar a comunidade de Corinto com o ap\u00f3stolo Paulo.<\/p>\n<blockquote>\n<p style=\"text-align: justify;\">A Carta a Tito tem muita semelhan\u00e7a com a primeira Carta a Tim\u00f3teo, as duas tratam de problemas parecidos. O centro da carta \u00e9 a \u201cs\u00e3 doutrina\u201d, ou seja, a vontade salvadora de Deus e a salva\u00e7\u00e3o gratuita trazida por Cristo. A miss\u00e3o de Tito \u00e9 instruir presb\u00edteros para exortarem a \u201cs\u00e3 doutrina\u201d e refutar todos os que a contradizem. Podemos estruturar a carta da seguinte maneira:<\/p>\n<\/blockquote>\n<p style=\"text-align: justify;\">1. Sauda\u00e7\u00e3o inicial (Tt 1,1-4): Depois de se apresentar como servo de Deus e ap\u00f3stolo de Jesus Cristo, Paulo lembra que a tarefa do ap\u00f3stolo \u00e9 anunciar \u00e0s pessoas o projeto de Deus, que quer conduzi-las \u00e0 vida eterna.<\/p>\n<p style=\"text-align: justify;\">2. Responsabilidade dos dirigentes da comunidade (Tt 1,5-2,10): Paulo deixa Tito em Creta para organizar a comunidade, para nomear presb\u00edteros e ep\u00edscopos, que sejam irrepreens\u00edveis, hospitaleiros e n\u00e3o arrogantes e fofoqueiros. Procure encorajar para a \u201cs\u00e3 doutrina\u201d e repreender os grupos que s\u00e3o perniciosos para a comunidade. Com certa mentalidade patriarcal romana, Paulo pede a Tito a dar uns conselhos aos anci\u00e3os, \u00e0s mulheres idosas, aos jovens e aos servos para que todos procurem realizar boas obras.<\/p>\n<p style=\"text-align: justify;\">3. Como viver aguardando a esperan\u00e7a (Tt 2,11-3,15): A manifesta\u00e7\u00e3o de Deus muda o modo de compreender e viver a vida. O crist\u00e3o passa a viver voltado para a manifesta\u00e7\u00e3o gloriosa de Jesus. Ap\u00f3s lembrar a submiss\u00e3o \u00e0s autoridades, Paulo relembra sua pr\u00f3pria convers\u00e3o, que mudou profundamente seu modo de viver. Ter f\u00e9 significa produzir boas obras. O autor conclui a Carta recomendando o apoio da comunidade aos mission\u00e1rios itinerantes. Cita alguns: \u00c1rtemis, T\u00edquico, Zenas, Apolo&#8230;<\/p>\n","protected":false},"excerpt":{"rendered":"<p>No artigo anterior, vimos alguns elementos importantes das Cartas Pastorais e da figura de Tim\u00f3teo. As tr\u00eas Cartas Pastorais formam um conjunto homog\u00eaneo, tanto no plano liter\u00e1rio como no doutrinal. S\u00e3o cartas endere\u00e7adas \u00e0s pessoas e cont\u00eam normas relativas aos l\u00edderes das comunidades. Os recentes estudos prop\u00f5em que essas cartas tenham sido escritas pelos in\u00edcios [&hellip;]<\/p>\n","protected":false},"author":16,"featured_media":0,"comment_status":"open","ping_status":"open","sticky":false,"template":"","format":"standard","meta":{"_acf_changed":false,"footnotes":""},"categories":[356],"tags":[],"class_list":["post-72617","post","type-post","status-publish","format-standard","hentry","category-colunista"],"acf":[],"aioseo_notices":[],"_links":{"self":[{"href":"https:\/\/www.paulus.com.br\/portal\/wp-json\/wp\/v2\/posts\/72617","targetHints":{"allow":["GET"]}}],"collection":[{"href":"https:\/\/www.paulus.com.br\/portal\/wp-json\/wp\/v2\/posts"}],"about":[{"href":"https:\/\/www.paulus.com.br\/portal\/wp-json\/wp\/v2\/types\/post"}],"author":[{"embeddable":true,"href":"https:\/\/www.paulus.com.br\/portal\/wp-json\/wp\/v2\/users\/16"}],"replies":[{"embeddable":true,"href":"https:\/\/www.paulus.com.br\/portal\/wp-json\/wp\/v2\/comments?post=72617"}],"version-history":[{"count":1,"href":"https:\/\/www.paulus.com.br\/portal\/wp-json\/wp\/v2\/posts\/72617\/revisions"}],"predecessor-version":[{"id":72618,"href":"https:\/\/www.paulus.com.br\/portal\/wp-json\/wp\/v2\/posts\/72617\/revisions\/72618"}],"wp:attachment":[{"href":"https:\/\/www.paulus.com.br\/portal\/wp-json\/wp\/v2\/media?parent=72617"}],"wp:term":[{"taxonomy":"category","embeddable":true,"href":"https:\/\/www.paulus.com.br\/portal\/wp-json\/wp\/v2\/categories?post=72617"},{"taxonomy":"post_tag","embeddable":true,"href":"https:\/\/www.paulus.com.br\/portal\/wp-json\/wp\/v2\/tags?post=72617"}],"curies":[{"name":"wp","href":"https:\/\/api.w.org\/{rel}","templated":true}]}}