{"id":72547,"date":"2024-10-30T12:00:42","date_gmt":"2024-10-30T15:00:42","guid":{"rendered":"https:\/\/www.paulus.com.br\/portal\/?p=72547"},"modified":"2024-10-30T12:00:42","modified_gmt":"2024-10-30T15:00:42","slug":"dia-de-finados-livros-para-suscitar-a-esperanca","status":"publish","type":"post","link":"https:\/\/www.paulus.com.br\/portal\/dia-de-finados-livros-para-suscitar-a-esperanca\/","title":{"rendered":"Dia de Finados: Livros para suscitar a esperan\u00e7a"},"content":{"rendered":"<p><img loading=\"lazy\" decoding=\"async\" class=\"aligncenter wp-image-72548 size-full\" src=\"https:\/\/www.paulus.com.br\/portal\/wp-content\/uploads\/2024\/10\/Dica-de-Leitura-750-x-350-15.png\" alt=\"\" width=\"750\" height=\"350\" srcset=\"https:\/\/www.paulus.com.br\/portal\/wp-content\/uploads\/2024\/10\/Dica-de-Leitura-750-x-350-15.png 750w, https:\/\/www.paulus.com.br\/portal\/wp-content\/uploads\/2024\/10\/Dica-de-Leitura-750-x-350-15-300x140.png 300w, https:\/\/www.paulus.com.br\/portal\/wp-content\/uploads\/2024\/10\/Dica-de-Leitura-750-x-350-15-120x56.png 120w, https:\/\/www.paulus.com.br\/portal\/wp-content\/uploads\/2024\/10\/Dica-de-Leitura-750-x-350-15-90x42.png 90w, https:\/\/www.paulus.com.br\/portal\/wp-content\/uploads\/2024\/10\/Dica-de-Leitura-750-x-350-15-180x84.png 180w\" sizes=\"auto, (max-width: 750px) 100vw, 750px\" \/><\/p>\n<p>&nbsp;<\/p>\n<p style=\"text-align: justify;\">O dia 2 de novembro \u00e9 conhecido em diversos pa\u00edses ocidentais como Dia de Finados. Na Igreja Cat\u00f3lica, a comemora\u00e7\u00e3o dos Fi\u00e9is Defuntos tem origem no s\u00e9culo X, em 998, com Santo Odilon, Abade de Cluny, na Fran\u00e7a. Naquela ocasi\u00e3o, ele solicitou que nos mosteiros confiados a ele fosse rezado o Of\u00edcio dos Defuntos no dia 2 de novembro. Foi a partir de 1311, em Roma, que essa tradi\u00e7\u00e3o passou a ser assumida oficialmente por toda a Igreja.<\/p>\n<p style=\"text-align: justify;\">Ao celebrar a mem\u00f3ria dos fi\u00e9is falecidos, a Igreja busca fortalecer a f\u00e9 na ressurrei\u00e7\u00e3o dos mortos, renovando a mensagem de esperan\u00e7a e coragem naqueles que rezam pelos fi\u00e9is falecidos.<\/p>\n<p style=\"text-align: justify;\">Para o padre Tom Viana, sacerdote paulino e idealizador do projeto @umtonoluto: \u201cQuem vive o processo de luto com f\u00e9 vai passar pelo sofrimento e sentir que nem tudo lhe foi tirado. Aprender\u00e1 que n\u00e3o \u00e9 o tempo que cura. \u00c9 o que voc\u00ea far\u00e1 dele. A vida jamais voltar\u00e1 a ser a mesma, mas voc\u00ea come\u00e7a a perceber que ainda h\u00e1 muita vida a ser confirmada. E confirmar algo equivale a dizer que isso \u00e9 bom\u201d, explicou.<\/p>\n<p style=\"text-align: justify;\">Neste dia em que celebramos a mem\u00f3ria dos Fi\u00e9is Falecidos, a PAULUS Editora indica t\u00edtulos que abordam o tema da ressurrei\u00e7\u00e3o, da vida eterna e, sobretudo, da esperan\u00e7a e da confian\u00e7a em Deus. Confira:<\/p>\n<p style=\"text-align: justify;\"><a href=\"https:\/\/www.paulus.com.br\/portal\/releases\/eu-creio-na-vida-eterna-e-titulo-de-nova-obra-da-paulus\/#.YXr_YJ7MKUm\" target=\"_blank\" rel=\"noopener\"><strong>Eu creio na vida eterna<\/strong><\/a><\/p>\n<p style=\"text-align: justify;\">\n<a href=\"https:\/\/www.paulus.com.br\/portal\/wp-content\/uploads\/2014\/10\/Eu-Creio-na-Vida-Eterna-Capa-pequena.jpg\"><img loading=\"lazy\" decoding=\"async\" class=\"size-medium wp-image-18906 alignleft\" src=\"https:\/\/www.paulus.com.br\/portal\/wp-content\/uploads\/2014\/10\/Eu-Creio-na-Vida-Eterna-Capa-pequena-185x300.jpg\" alt=\"\" width=\"185\" height=\"300\" srcset=\"https:\/\/www.paulus.com.br\/portal\/wp-content\/uploads\/2014\/10\/Eu-Creio-na-Vida-Eterna-Capa-pequena-185x300.jpg 185w, https:\/\/www.paulus.com.br\/portal\/wp-content\/uploads\/2014\/10\/Eu-Creio-na-Vida-Eterna-Capa-pequena-105x170.jpg 105w, https:\/\/www.paulus.com.br\/portal\/wp-content\/uploads\/2014\/10\/Eu-Creio-na-Vida-Eterna-Capa-pequena-86x140.jpg 86w, https:\/\/www.paulus.com.br\/portal\/wp-content\/uploads\/2014\/10\/Eu-Creio-na-Vida-Eterna-Capa-pequena-148x240.jpg 148w, https:\/\/www.paulus.com.br\/portal\/wp-content\/uploads\/2014\/10\/Eu-Creio-na-Vida-Eterna-Capa-pequena.jpg 225w\" sizes=\"auto, (max-width: 185px) 100vw, 185px\" \/><\/a><\/p>\n<p style=\"text-align: justify;\">\n<p>&nbsp;<\/p>\n<p>&nbsp;<\/p>\n<p style=\"text-align: justify;\">Na obra \u201cEu creio na vida eterna\u201d, o Cardeal Martini introduz o leitor nos temas fundamentais da f\u00e9 e da esperan\u00e7a crist\u00e3: a vida depois da morte, o ju\u00edzo e a ressurrei\u00e7\u00e3o. Sua reflex\u00e3o tem como ponto de partida o modelo da morte, um instinto que n\u00e3o se pode cessar, mas que n\u00e3o deve se transformar em ang\u00fastia paralisante do cora\u00e7\u00e3o e da mente. <a href=\"https:\/\/www.paulus.com.br\/portal\/releases\/eu-creio-na-vida-eterna-e-titulo-de-nova-obra-da-paulus\/#.YXr_YJ7MKUm\" target=\"_blank\" rel=\"noopener\"><strong>Saiba mais.<\/strong><\/a><\/p>\n<p style=\"text-align: justify;\">\n<p style=\"text-align: justify;\">\n<p>&nbsp;<\/p>\n<p>&nbsp;<\/p>\n<p style=\"text-align: justify;\">\n<p>&nbsp;<\/p>\n<p style=\"text-align: justify;\"><strong><a href=\"https:\/\/www.paulus.com.br\/portal\/releases\/vida-a-partir-da-morte-meditacoes-sobre-o-misterio-pascal\/#.YXxRCJ7MKUl\" target=\"_blank\" rel=\"noopener\">Vida a partir da morte \u2013 Medita\u00e7\u00f5es sobre o mist\u00e9rio pascal<\/a><\/strong><\/p>\n<p style=\"text-align: justify;\"><a href=\"https:\/\/www.paulus.com.br\/portal\/wp-content\/uploads\/2016\/11\/Vida-a-Partir-da-Morte-Capa-alta.jpg\"><img loading=\"lazy\" decoding=\"async\" class=\"wp-image-32066 alignleft\" src=\"https:\/\/www.paulus.com.br\/portal\/wp-content\/uploads\/2016\/11\/Vida-a-Partir-da-Morte-Capa-alta-193x300.jpg\" alt=\"\" width=\"179\" height=\"278\" srcset=\"https:\/\/www.paulus.com.br\/portal\/wp-content\/uploads\/2016\/11\/Vida-a-Partir-da-Morte-Capa-alta-193x300.jpg 193w, https:\/\/www.paulus.com.br\/portal\/wp-content\/uploads\/2016\/11\/Vida-a-Partir-da-Morte-Capa-alta-768x1194.jpg 768w, https:\/\/www.paulus.com.br\/portal\/wp-content\/uploads\/2016\/11\/Vida-a-Partir-da-Morte-Capa-alta-658x1024.jpg 658w, https:\/\/www.paulus.com.br\/portal\/wp-content\/uploads\/2016\/11\/Vida-a-Partir-da-Morte-Capa-alta-109x170.jpg 109w, https:\/\/www.paulus.com.br\/portal\/wp-content\/uploads\/2016\/11\/Vida-a-Partir-da-Morte-Capa-alta-90x140.jpg 90w, https:\/\/www.paulus.com.br\/portal\/wp-content\/uploads\/2016\/11\/Vida-a-Partir-da-Morte-Capa-alta-154x240.jpg 154w, https:\/\/www.paulus.com.br\/portal\/wp-content\/uploads\/2016\/11\/Vida-a-Partir-da-Morte-Capa-alta.jpg 1596w\" sizes=\"auto, (max-width: 179px) 100vw, 179px\" \/><\/a><\/p>\n<p style=\"text-align: justify;\">\n<p>&nbsp;<\/p>\n<p>&nbsp;<\/p>\n<p style=\"text-align: justify;\">Nesta obra, o mist\u00e9rio pascal, a morte e a ressurrei\u00e7\u00e3o de Jesus e seu significado para o crist\u00e3o s\u00e3o explorados em um texto claro e profundo, que tem por objetivo confortar e levar maior compreens\u00e3o a quem busca respostas para esse tema paradoxal. Em tr\u00eas profundas reflex\u00f5es, o autor penetra no mist\u00e9rio da morte e oferece, no cristianismo, respostas para essa condi\u00e7\u00e3o inerente a toda exist\u00eancia humana. <a href=\"https:\/\/www.paulus.com.br\/portal\/releases\/vida-a-partir-da-morte-meditacoes-sobre-o-misterio-pascal\/#.YXxRCJ7MKUl\" target=\"_blank\" rel=\"noopener\"><strong>Saiba mais.<\/strong><\/a><\/p>\n<p style=\"text-align: justify;\">\n<p style=\"text-align: justify;\">\n<p style=\"text-align: justify;\">\n<p>&nbsp;<\/p>\n<p>&nbsp;<\/p>\n<p style=\"text-align: justify;\"><a href=\"https:\/\/loja.paulus.com.br\/escatologia-da-pessoa-vida-morte-e-ressurreicao\/p\" target=\"_blank\" rel=\"noopener\"><strong>Escatologia da pessoa: Vida, morte e ressurrei\u00e7\u00e3o<\/strong><\/a><\/p>\n<p style=\"text-align: justify;\">\n<a href=\"https:\/\/www.paulus.com.br\/portal\/wp-content\/uploads\/2024\/10\/157066-800-auto-e1730299930584.png\"><img loading=\"lazy\" decoding=\"async\" class=\" wp-image-72550 alignleft\" src=\"https:\/\/www.paulus.com.br\/portal\/wp-content\/uploads\/2024\/10\/157066-800-auto-e1730299930584-212x300.png\" alt=\"\" width=\"187\" height=\"265\" srcset=\"https:\/\/www.paulus.com.br\/portal\/wp-content\/uploads\/2024\/10\/157066-800-auto-e1730299930584-212x300.png 212w, https:\/\/www.paulus.com.br\/portal\/wp-content\/uploads\/2024\/10\/157066-800-auto-e1730299930584-120x170.png 120w, https:\/\/www.paulus.com.br\/portal\/wp-content\/uploads\/2024\/10\/157066-800-auto-e1730299930584-90x127.png 90w, https:\/\/www.paulus.com.br\/portal\/wp-content\/uploads\/2024\/10\/157066-800-auto-e1730299930584-169x240.png 169w, https:\/\/www.paulus.com.br\/portal\/wp-content\/uploads\/2024\/10\/157066-800-auto-e1730299930584.png 706w\" sizes=\"auto, (max-width: 187px) 100vw, 187px\" \/><\/a><\/p>\n<p style=\"text-align: justify;\">\n<p>&nbsp;<\/p>\n<p>&nbsp;<\/p>\n<p style=\"text-align: justify;\">O que h\u00e1 depois da vida? \u00c9 essa profunda indaga\u00e7\u00e3o humana que o livro responde de forma fundamentada e cheia de esperan\u00e7a. Baseando suas reflex\u00f5es teol\u00f3gicas nos mais modernos modelos filos\u00f3ficos e cient\u00edficos, o autor desenvolve uma vis\u00e3o atual e contempor\u00e2nea das experi\u00eancias do homem na morte e al\u00e9m dela.<strong><a href=\"https:\/\/loja.paulus.com.br\/escatologia-da-pessoa-vida-morte-e-ressurreicao\/p\" target=\"_blank\" rel=\"noopener\"> Saiba mais.<\/a><\/strong><\/p>\n<p style=\"text-align: justify;\">\n<p style=\"text-align: justify;\">\n<p>&nbsp;<\/p>\n<p style=\"text-align: justify;\">\n<p>&nbsp;<\/p>\n<p style=\"text-align: justify;\"><a href=\"https:\/\/www.paulus.com.br\/loja\/escatologia-do-mundo-projeto-cosmico-de-deus_p_863.html\" target=\"_blank\" rel=\"noopener\"><strong>Escatologia do mundo: projeto c\u00f3smico de Deus<\/strong><\/a><\/p>\n<p style=\"text-align: justify;\">\n<a href=\"https:\/\/www.paulus.com.br\/portal\/wp-content\/uploads\/2024\/10\/157068-1200-auto.png\"><img loading=\"lazy\" decoding=\"async\" class=\"wp-image-72549 size-medium alignleft\" src=\"https:\/\/www.paulus.com.br\/portal\/wp-content\/uploads\/2024\/10\/157068-1200-auto-e1730299811190-188x300.png\" alt=\"\" width=\"188\" height=\"300\" srcset=\"https:\/\/www.paulus.com.br\/portal\/wp-content\/uploads\/2024\/10\/157068-1200-auto-e1730299811190-188x300.png 188w, https:\/\/www.paulus.com.br\/portal\/wp-content\/uploads\/2024\/10\/157068-1200-auto-e1730299811190-641x1024.png 641w, https:\/\/www.paulus.com.br\/portal\/wp-content\/uploads\/2024\/10\/157068-1200-auto-e1730299811190-768x1226.png 768w, https:\/\/www.paulus.com.br\/portal\/wp-content\/uploads\/2024\/10\/157068-1200-auto-e1730299811190-106x170.png 106w, https:\/\/www.paulus.com.br\/portal\/wp-content\/uploads\/2024\/10\/157068-1200-auto-e1730299811190-88x140.png 88w, https:\/\/www.paulus.com.br\/portal\/wp-content\/uploads\/2024\/10\/157068-1200-auto-e1730299811190-150x240.png 150w, https:\/\/www.paulus.com.br\/portal\/wp-content\/uploads\/2024\/10\/157068-1200-auto-e1730299811190.png 783w\" sizes=\"auto, (max-width: 188px) 100vw, 188px\" \/><\/a><\/p>\n<p style=\"text-align: justify;\">\n<p>&nbsp;<\/p>\n<p>&nbsp;<\/p>\n<p style=\"text-align: justify;\">Numa nova e fascinante vis\u00e3o dos \u00faltimos acontecimentos e em total sintonia com os mais recentes resultados das pesquisas teol\u00f3gicas, as antigas verdades da f\u00e9 recuperam seu significado tamb\u00e9m para o homem do s\u00e9culo XXI. A escatologia apresentada perde, assim, seu car\u00e1ter aterrador, tornando-se novamente fonte de esperan\u00e7a e de alegria, porque declara o fim do mundo. <a href=\"https:\/\/www.paulus.com.br\/loja\/escatologia-do-mundo-projeto-cosmico-de-deus_p_863.html\" target=\"_blank\" rel=\"noopener\"><strong>Saiba mais.<\/strong><\/a><\/p>\n<p style=\"text-align: justify;\">\n<p style=\"text-align: justify;\">\n<p style=\"text-align: justify;\">\n<p style=\"text-align: justify;\">\n<p>&nbsp;<\/p>\n<p>&nbsp;<\/p>\n<p style=\"text-align: justify;\"><a href=\"https:\/\/www.paulus.com.br\/portal\/releases\/a-grande-esperanca-textos-escolhidos-sobre-escatologia\/#.YXxV8p7MKUl\" target=\"_blank\" rel=\"noopener\"><strong>A grande esperan\u00e7a \u2013 Textos escolhidos sobre escatologia<\/strong><\/a><\/p>\n<p style=\"text-align: justify;\"><img loading=\"lazy\" decoding=\"async\" class=\"alignleft\" src=\"https:\/\/www.paulus.com.br\/portal\/wp-content\/uploads\/2020\/03\/9788534950718.jpg\" width=\"195\" height=\"303\" \/><\/p>\n<p style=\"text-align: justify;\">A obra \u201cA grande esperan\u00e7a \u2013 textos escolhidos sobre escatologia\u201d, organizada por Rudy Albino de Assun\u00e7\u00e3o, busca oferecer aos leitores brasileiros algumas amostras mais amplas da teologia do Papa Em\u00e9rito Bento XVI sobre a escatologia. Baseada na confiss\u00e3o da ressurrei\u00e7\u00e3o de Jesus Cristo, a escatologia anuncia a ressurrei\u00e7\u00e3o dos mortos, a vida eterna e o Reino de Deus. Portanto, crer n\u2019Ele \u00e9 confiar que o destino \u00faltimo do homem n\u00e3o \u00e9 o nada, o seu aniquilamento, mas o para\u00edso, a rela\u00e7\u00e3o dialogal que nunca acabar\u00e1 com o Amor e a Verdade que s\u00e3o Deus. <a href=\"https:\/\/www.paulus.com.br\/portal\/releases\/a-grande-esperanca-textos-escolhidos-sobre-escatologia\/#.YXxV8p7MKUl\" target=\"_blank\" rel=\"noopener\"><strong>Saiba mais.<\/strong><\/a><\/p>\n","protected":false},"excerpt":{"rendered":"<p>&nbsp; O dia 2 de novembro \u00e9 conhecido em diversos pa\u00edses ocidentais como Dia de Finados. Na Igreja Cat\u00f3lica, a comemora\u00e7\u00e3o dos Fi\u00e9is Defuntos tem origem no s\u00e9culo X, em 998, com Santo Odilon, Abade de Cluny, na Fran\u00e7a. Naquela ocasi\u00e3o, ele solicitou que nos mosteiros confiados a ele fosse rezado o Of\u00edcio dos Defuntos [&hellip;]<\/p>\n","protected":false},"author":3,"featured_media":72552,"comment_status":"open","ping_status":"open","sticky":false,"template":"","format":"standard","meta":{"_acf_changed":false,"footnotes":""},"categories":[15],"tags":[],"class_list":["post-72547","post","type-post","status-publish","format-standard","has-post-thumbnail","hentry","category-noticias"],"acf":[],"aioseo_notices":[],"_links":{"self":[{"href":"https:\/\/www.paulus.com.br\/portal\/wp-json\/wp\/v2\/posts\/72547","targetHints":{"allow":["GET"]}}],"collection":[{"href":"https:\/\/www.paulus.com.br\/portal\/wp-json\/wp\/v2\/posts"}],"about":[{"href":"https:\/\/www.paulus.com.br\/portal\/wp-json\/wp\/v2\/types\/post"}],"author":[{"embeddable":true,"href":"https:\/\/www.paulus.com.br\/portal\/wp-json\/wp\/v2\/users\/3"}],"replies":[{"embeddable":true,"href":"https:\/\/www.paulus.com.br\/portal\/wp-json\/wp\/v2\/comments?post=72547"}],"version-history":[{"count":7,"href":"https:\/\/www.paulus.com.br\/portal\/wp-json\/wp\/v2\/posts\/72547\/revisions"}],"predecessor-version":[{"id":72558,"href":"https:\/\/www.paulus.com.br\/portal\/wp-json\/wp\/v2\/posts\/72547\/revisions\/72558"}],"wp:featuredmedia":[{"embeddable":true,"href":"https:\/\/www.paulus.com.br\/portal\/wp-json\/wp\/v2\/media\/72552"}],"wp:attachment":[{"href":"https:\/\/www.paulus.com.br\/portal\/wp-json\/wp\/v2\/media?parent=72547"}],"wp:term":[{"taxonomy":"category","embeddable":true,"href":"https:\/\/www.paulus.com.br\/portal\/wp-json\/wp\/v2\/categories?post=72547"},{"taxonomy":"post_tag","embeddable":true,"href":"https:\/\/www.paulus.com.br\/portal\/wp-json\/wp\/v2\/tags?post=72547"}],"curies":[{"name":"wp","href":"https:\/\/api.w.org\/{rel}","templated":true}]}}