{"id":72064,"date":"2024-08-26T11:56:31","date_gmt":"2024-08-26T14:56:31","guid":{"rendered":"https:\/\/www.paulus.com.br\/portal\/?p=72064"},"modified":"2024-08-26T11:56:31","modified_gmt":"2024-08-26T14:56:31","slug":"paulus-leva-a-27a-bienal-internacional-do-livro-o-universo-das-historias-em-quadrinhos","status":"publish","type":"post","link":"https:\/\/www.paulus.com.br\/portal\/paulus-leva-a-27a-bienal-internacional-do-livro-o-universo-das-historias-em-quadrinhos\/","title":{"rendered":"PAULUS leva \u00e0 27\u00aa Bienal Internacional do Livro o universo das hist\u00f3rias em quadrinhos"},"content":{"rendered":"<p><a href=\"https:\/\/www.paulus.com.br\/portal\/wp-content\/uploads\/2024\/08\/capa-3.png\"><img loading=\"lazy\" decoding=\"async\" class=\"aligncenter wp-image-72065 size-full\" src=\"https:\/\/www.paulus.com.br\/portal\/wp-content\/uploads\/2024\/08\/capa-3.png\" alt=\"\" width=\"800\" height=\"400\" srcset=\"https:\/\/www.paulus.com.br\/portal\/wp-content\/uploads\/2024\/08\/capa-3.png 800w, https:\/\/www.paulus.com.br\/portal\/wp-content\/uploads\/2024\/08\/capa-3-300x150.png 300w, https:\/\/www.paulus.com.br\/portal\/wp-content\/uploads\/2024\/08\/capa-3-768x384.png 768w, https:\/\/www.paulus.com.br\/portal\/wp-content\/uploads\/2024\/08\/capa-3-120x60.png 120w, https:\/\/www.paulus.com.br\/portal\/wp-content\/uploads\/2024\/08\/capa-3-90x45.png 90w, https:\/\/www.paulus.com.br\/portal\/wp-content\/uploads\/2024\/08\/capa-3-180x90.png 180w\" sizes=\"auto, (max-width: 800px) 100vw, 800px\" \/><\/a><\/p>\n<p style=\"text-align: justify;\">A PAULUS, uma das principais editoras cat\u00f3licas do Brasil, se prepara para marcar presen\u00e7a na 27\u00aa edi\u00e7\u00e3o da Bienal Internacional do Livro de S\u00e3o Paulo, que ocorre de<strong> 6 a 15 de setembro<\/strong>, no Distrito Anhembi.<\/p>\n<p style=\"text-align: justify;\">Parceira do evento desde as primeiras edi\u00e7\u00f5es, este ano, a PAULUS Editora promete oferecer aos visitantes do<strong> estande J26<\/strong> uma experi\u00eancia \u00fanica, com um espa\u00e7o tem\u00e1tico que mergulha nas hist\u00f3rias em quadrinhos, alinhado \u00e0 apresenta\u00e7\u00e3o das novidades editoriais, atra\u00e7\u00f5es com grandes autores, al\u00e9m de condi\u00e7\u00f5es especiais de pagamento.<\/p>\n<p style=\"text-align: justify;\">Segundo dados da C\u00e2mara Brasileira de Livros, em 2023, o setor editorial produziu 320 milh\u00f5es de exemplares, destes, 16% voltados a temas religiosos. Diante de um n\u00famero t\u00e3o expressivo, entende-se a import\u00e2ncia da presen\u00e7a da PAULUS Editora no evento, apresentando aos visitantes a excel\u00eancia das obras deste segmento liter\u00e1rio.<\/p>\n<p><span style=\"color: #993300;\"><strong>LEIA TAMB\u00c9M<\/strong><\/span><\/p>\n<p><a href=\"https:\/\/www.paulus.com.br\/portal\/com-descontos-exclusivos-paulus-editora-promove-a-campanha-da-biblia-2024\/\" target=\"_blank\" rel=\"noopener\"><span style=\"color: #993300;\"><strong>Com descontos exclusivos, PAULUS Editora promove a Campanha da B\u00edblia 2024<\/strong><\/span><\/a><\/p>\n<p style=\"text-align: justify;\"><strong>A MAIOR HIST\u00d3RIA DE TODOS OS TEMPOS<\/strong><\/p>\n<p style=\"text-align: justify;\">A principal novidade para a edi\u00e7\u00e3o \u00e9 a decora\u00e7\u00e3o tem\u00e1tica sobre as hist\u00f3rias em quadrinhos. O tema escolhido dialoga com um dos principais lan\u00e7amentos do semestre, a obra: <a href=\"https:\/\/www.paulus.com.br\/portal\/releases\/o-evangelho-de-jesus-cristo-em-quadrinhos\/\" target=\"_blank\" rel=\"noopener\"><strong>\u201cO Evangelho de Jesus Cristo em quadrinhos\u201d.<\/strong><\/a><\/p>\n<p style=\"text-align: justify;\">O t\u00edtulo escrito pelo ilustrador franc\u00eas Olivier Drion apresenta a vida de Jesus por meio desta narrativa gr\u00e1fica e conta, ainda, com a contribui\u00e7\u00e3o da colorista Clotilde Gaborit.<\/p>\n<p style=\"text-align: justify;\">Assim como na obra, a proposta da PAULUS \u00e9 unir os textos b\u00edblicos, que d\u00e3o luz ao trabalho da Editora, \u00e0 linguagem contempor\u00e2nea dos visitantes que passar\u00e3o pelo pavilh\u00e3o.<\/p>\n<p style=\"text-align: justify;\"><b>PROGRAMA\u00c7\u00c3O <\/b><\/p>\n<p style=\"text-align: justify;\">A presen\u00e7a da PAULUS no evento ultrapassa os limites de seu estande. Dois grandes nomes do cat\u00e1logo infantojuvenil s\u00e3o presen\u00e7as confirmadas nas atividades preparadas pelos organizadores da feira.<\/p>\n<p style=\"text-align: justify;\">A s\u00e9rie de atra\u00e7\u00f5es t\u00eam in\u00edcio no dia<strong> 9 de setembro, \u00e0s 14h20,<\/strong> no espa\u00e7o \u201cCordel e repente\u201d, com uma sess\u00e3o de aut\u00f3grafos com o autor Marco Haur\u00e9lio sobre as obras <strong>\u201cContos folcl\u00f3ricos brasileiros\u201d e \u201cContos e lendas da terra do sol\u201d<\/strong>, das cole\u00e7\u00f5es \u201cLendas e Contos\u201d e \u201cNarrando o Brasil\u201d, respectivamente.<\/p>\n<p style=\"text-align: justify;\">Dando sequ\u00eancia, no dia <strong>10, \u00e0s 17h,<\/strong> no Espa\u00e7o das Inf\u00e2ncias, a autora Andr\u00e9a Avelar mediar\u00e1 a conta\u00e7\u00e3o de hist\u00f3rias \u201cFlorescendo juntos\u201d.<strong> J\u00e1 \u00e0s 18h, ela estar\u00e1 presente no estande da PAULUS<\/strong> para o lan\u00e7amento do livro: <strong>&#8220;Os Decib\u00e9is\u201d.<\/strong><\/p>\n<p style=\"text-align: justify;\">A programa\u00e7\u00e3o preparada pela PAULUS contar\u00e1, ainda, com o lan\u00e7amento no dia <strong>14, a partir das 15h,<\/strong> com o autor Gabriel Periss\u00e9 sobre a obra <span style=\"color: #993300;\"><a style=\"color: #993300;\" href=\"https:\/\/www.paulus.com.br\/portal\/releases\/abuso-espiritual-a-manipulacao-invisivel\/\" target=\"_blank\" rel=\"noopener\"><strong>\u201cAbuso Espiritual &#8211; a manipula\u00e7\u00e3o invis\u00edvel\u201d.<\/strong><\/a><\/span><\/p>\n<p style=\"text-align: justify;\">O novo t\u00edtulo aborda o abuso espiritual nas suas mais variadas express\u00f5es e revela que, quando ministros e pastores se afastam da l\u00f3gica ken\u00f3tica proposta e testemunhada por Jesus, acabam buscando seguran\u00e7a em si mesmos e, consequentemente, tornam-se servos do poder para que possam sustentar o pr\u00f3prio narcisismo e a pr\u00f3pria autorreferencialidade.<\/p>\n<p style=\"text-align: justify;\"><strong>OP\u00c7\u00d5ES PARA TODAS AS IDADES<\/strong><\/p>\n<p style=\"text-align: justify;\">Al\u00e9m dos t\u00edtulos que s\u00e3o considerados verdadeiros cl\u00e1ssicos do cristianismo e refer\u00eancia em diferentes \u00e1reas do conhecimento, o estande da PAULUS \u00e9 ideal para quem deseja aproveitar a Bienal com toda a fam\u00edlia. Al\u00e9m de conhecer as obras, adultos, crian\u00e7as, religiosos e leigos podem usufruir de descontos especiais nas edi\u00e7\u00f5es e tradu\u00e7\u00f5es da B\u00edblia e demais cole\u00e7\u00f5es.<\/p>\n<p style=\"text-align: justify;\"><strong>APROVEITE AS PROMO\u00c7\u00d5ES<\/strong><\/p>\n<p style=\"text-align: justify;\">40% de desconto em todo cat\u00e1logo infantojuvenil;<br \/>\n40% de desconto na B\u00edblia Palavra Viva;<br \/>\n40% de desconto na Cole\u00e7\u00e3o Filosofia de Reale;<br \/>\n20% de desconto nas B\u00edblias do cat\u00e1logo da PAULUS;<br \/>\n50% ( 10,00 cada livro) todos os livros da Cole\u00e7\u00e3o Terapia (livros de bolso);<br \/>\n20% em 1 livro da Cole\u00e7\u00e3o Amor e Psique &#8211; 25% em 2 livros da Cole\u00e7\u00e3o Amor e Psique, 35% a partir de 3 livros da Cole\u00e7\u00e3o Amor e Psique;<br \/>\nCole\u00e7\u00e3o Patr\u00edstica &#8211; 25% em 2 livros, 35% a partir de 3 livros.<br \/>\nCole\u00e7\u00e3o Cristianismo (nova capa Dura) &#8211; 25% em 2 livros, 35% a partir de 3 livros<br \/>\n25% nas B\u00edblias para crian\u00e7as PAULUS.<\/p>\n<p style=\"text-align: justify;\"><strong>Servi\u00e7o:<br \/>\n<\/strong>PAULUS Editora na 27\u00aa Bienal Internacional do Livro de S\u00e3o Paulo<br \/>\nQuando: 6 a 15 de setembro<br \/>\nOnde: Estande J26.<br \/>\nEndere\u00e7o: Pavilh\u00e3o de Exposi\u00e7\u00f5es do Distrito Anhembi (Av. Olavo Fontoura, 1209 &#8211; Port\u00e3o 38 &#8211; Santana, S\u00e3o Paulo)<br \/>\nAtendimento \u00e0 imprensa: imprensa@paulus.com.br | (11) 98751-3050 (WhatsApp)<\/p>\n","protected":false},"excerpt":{"rendered":"<p>A PAULUS, uma das principais editoras cat\u00f3licas do Brasil, se prepara para marcar presen\u00e7a na 27\u00aa edi\u00e7\u00e3o da Bienal Internacional do Livro de S\u00e3o Paulo, que ocorre de 6 a 15 de setembro, no Distrito Anhembi. Parceira do evento desde as primeiras edi\u00e7\u00f5es, este ano, a PAULUS Editora promete oferecer aos visitantes do estande J26 [&hellip;]<\/p>\n","protected":false},"author":3,"featured_media":72068,"comment_status":"open","ping_status":"open","sticky":false,"template":"","format":"standard","meta":{"_acf_changed":false,"footnotes":""},"categories":[15],"tags":[18,111],"class_list":["post-72064","post","type-post","status-publish","format-standard","has-post-thumbnail","hentry","category-noticias","tag-bienal","tag-bienal-do-livro"],"acf":[],"aioseo_notices":[],"_links":{"self":[{"href":"https:\/\/www.paulus.com.br\/portal\/wp-json\/wp\/v2\/posts\/72064","targetHints":{"allow":["GET"]}}],"collection":[{"href":"https:\/\/www.paulus.com.br\/portal\/wp-json\/wp\/v2\/posts"}],"about":[{"href":"https:\/\/www.paulus.com.br\/portal\/wp-json\/wp\/v2\/types\/post"}],"author":[{"embeddable":true,"href":"https:\/\/www.paulus.com.br\/portal\/wp-json\/wp\/v2\/users\/3"}],"replies":[{"embeddable":true,"href":"https:\/\/www.paulus.com.br\/portal\/wp-json\/wp\/v2\/comments?post=72064"}],"version-history":[{"count":3,"href":"https:\/\/www.paulus.com.br\/portal\/wp-json\/wp\/v2\/posts\/72064\/revisions"}],"predecessor-version":[{"id":72069,"href":"https:\/\/www.paulus.com.br\/portal\/wp-json\/wp\/v2\/posts\/72064\/revisions\/72069"}],"wp:featuredmedia":[{"embeddable":true,"href":"https:\/\/www.paulus.com.br\/portal\/wp-json\/wp\/v2\/media\/72068"}],"wp:attachment":[{"href":"https:\/\/www.paulus.com.br\/portal\/wp-json\/wp\/v2\/media?parent=72064"}],"wp:term":[{"taxonomy":"category","embeddable":true,"href":"https:\/\/www.paulus.com.br\/portal\/wp-json\/wp\/v2\/categories?post=72064"},{"taxonomy":"post_tag","embeddable":true,"href":"https:\/\/www.paulus.com.br\/portal\/wp-json\/wp\/v2\/tags?post=72064"}],"curies":[{"name":"wp","href":"https:\/\/api.w.org\/{rel}","templated":true}]}}