{"id":71929,"date":"2024-07-31T10:12:43","date_gmt":"2024-07-31T13:12:43","guid":{"rendered":"https:\/\/www.paulus.com.br\/portal\/?p=71929"},"modified":"2024-07-31T10:45:28","modified_gmt":"2024-07-31T13:45:28","slug":"com-descontos-exclusivos-paulus-editora-promove-a-campanha-da-biblia-2024","status":"publish","type":"post","link":"https:\/\/www.paulus.com.br\/portal\/com-descontos-exclusivos-paulus-editora-promove-a-campanha-da-biblia-2024\/","title":{"rendered":"Com descontos exclusivos, PAULUS Editora promove a Campanha da B\u00edblia 2024"},"content":{"rendered":"<p><a href=\"https:\/\/www.paulus.com.br\/portal\/?attachment_id=71937\"><img loading=\"lazy\" decoding=\"async\" class=\"aligncenter wp-image-71937 size-full\" src=\"https:\/\/www.paulus.com.br\/portal\/wp-content\/uploads\/2024\/07\/capa-1.png\" alt=\"\" width=\"800\" height=\"400\" srcset=\"https:\/\/www.paulus.com.br\/portal\/wp-content\/uploads\/2024\/07\/capa-1.png 800w, https:\/\/www.paulus.com.br\/portal\/wp-content\/uploads\/2024\/07\/capa-1-300x150.png 300w, https:\/\/www.paulus.com.br\/portal\/wp-content\/uploads\/2024\/07\/capa-1-768x384.png 768w, https:\/\/www.paulus.com.br\/portal\/wp-content\/uploads\/2024\/07\/capa-1-120x60.png 120w, https:\/\/www.paulus.com.br\/portal\/wp-content\/uploads\/2024\/07\/capa-1-90x45.png 90w, https:\/\/www.paulus.com.br\/portal\/wp-content\/uploads\/2024\/07\/capa-1-180x90.png 180w\" sizes=\"auto, (max-width: 800px) 100vw, 800px\" \/><\/a><\/p>\n<p style=\"text-align: center;\"><em>\u201cColocarei em voc\u00eas o meu Esp\u00edrito e voc\u00eas reviver\u00e3o\u201d (Ez 37,14)<\/em><\/p>\n<p style=\"text-align: justify;\">De 1\u00ba de agosto a 30 de setembro, a PAULUS Editora realiza a Campanha da B\u00edblia 2024. Por meio dela, seus parceiros poder\u00e3o adquirir as edi\u00e7\u00f5es e tradu\u00e7\u00f5es da Sagrada Escritura com condi\u00e7\u00f5es especiais.<\/p>\n<p style=\"text-align: justify;\">A promo\u00e7\u00e3o ocorre em sintonia com o \u201cM\u00eas da B\u00edblia\u201d, celebrado pela Igreja em setembro. Neste ano, os fi\u00e9is s\u00e3o convidados a refletir, neste per\u00edodo, sobre o livro de Ezequiel.<\/p>\n<p style=\"text-align: justify;\"><strong>TRADI\u00c7\u00c3O E CREDIBILIDADE<\/strong><\/p>\n<p style=\"text-align: justify;\">A Pia Sociedade de S\u00e3o Paulo foi fundada pelo Beato Tiago Alberione em 1914, desde o in\u00edcio, os padres e irm\u00e3os paulinos receberam do seu fundador a orienta\u00e7\u00e3o de que: \u201cA B\u00edblia \u00e9 o livro que particularmente devemos difundir: acima de todos, antes de todos e sempre!\u201d.<\/p>\n<p style=\"text-align: justify;\">Este compromisso tem o reconhecimento da Santa S\u00e9 e o apoio de todos os papas desde o ano 1924, quando o Padre Alberione fundou a Sociedade B\u00edblica Internacional, cujo estatuto foi aprovado pelo papa Jo\u00e3o XXIII no dia 14 de outubro de 1960. Al\u00e9m de desenvolver e incentivar a anima\u00e7\u00e3o b\u00edblica de toda a pastoral, este projeto procura levar a B\u00edblia a todas as pessoas e lugares.<\/p>\n<p style=\"text-align: justify;\">No Brasil desde 1931, a PAULUS teve como a primeira grande publica\u00e7\u00e3o o Santo Evangelho. Desde ent\u00e3o, a Editora tem sido refer\u00eancia na difus\u00e3o da B\u00edblia Sagrada no Pa\u00eds, e na forma\u00e7\u00e3o crist\u00e3 de in\u00fameras gera\u00e7\u00f5es.<\/p>\n<p style=\"text-align: justify;\"><strong>EDI\u00c7\u00d5ES E TRADU\u00c7\u00d5ES PAULUS<\/strong><\/p>\n<ul>\n<li style=\"text-align: justify;\">B\u00edblia de Jerusal\u00e9m<\/li>\n<li style=\"text-align: justify;\">B\u00edblia de Veneza<\/li>\n<li style=\"text-align: justify;\">Nova B\u00edblia Pastoral<\/li>\n<li style=\"text-align: justify;\">B\u00edblia Sagrada Edi\u00e7\u00e3o Pastoral<\/li>\n<li style=\"text-align: justify;\">B\u00edblia do Peregrino<\/li>\n<li style=\"text-align: justify;\">Palavra Viva<\/li>\n<li style=\"text-align: justify;\">B\u00edblia YOUCAT<\/li>\n<\/ul>\n<p style=\"text-align: justify;\"><strong>CONFIRA OS DESCONTOS ESPECIAIS<\/strong><\/p>\n<p style=\"text-align: justify;\"><strong>Varejo<\/strong><\/p>\n<ul>\n<li style=\"text-align: justify;\">20% de desconto em qualquer edi\u00e7\u00e3o da B\u00edblia (Assinantes dos Peri\u00f3dicos PAULUS ganham + 3%)<\/li>\n<li style=\"text-align: justify;\">25% de desconto nas Cole\u00e7\u00f5es Lendo a B\u00edblia e Grandes Coment\u00e1rios<\/li>\n<li style=\"text-align: justify;\">40% de desconto na B\u00edblia de Veneza<\/li>\n<\/ul>\n<p style=\"text-align: justify;\"><em>Na compras acima de R$ 95,00, em B\u00edblias PAULUS, ganhe uma \u201cPulseira da F\u00e9\u201d<\/em><\/p>\n<p style=\"text-align: justify;\"><em>Para cada B\u00edblia adquirida, ganhe um m\u00e9todo especial para a leitura da Sagrada Escritura.<\/em><\/p>\n<p><strong>Par\u00f3quias<\/strong><br \/>\nVig\u00eancia da promo\u00e7\u00e3o: de 8 de julho a 30 de setembro<\/p>\n<ul>\n<li>20% de desconto em qualquer edi\u00e7\u00e3o da B\u00edblia<\/li>\n<li>30% de desconto nas Cole\u00e7\u00f5es Lendo a B\u00edblia e Grandes Coment\u00e1rios<\/li>\n<li>40% de desconto na B\u00edblia de Veneza<\/li>\n<\/ul>\n<p style=\"text-align: justify;\"><strong>Livreiros<\/strong><br \/>\nVig\u00eancia da promo\u00e7\u00e3o: de 8 de julho a 30 de setembro<\/p>\n<ul>\n<li style=\"text-align: justify;\">50% de desconto em qualquer edi\u00e7\u00e3o da B\u00edblia<\/li>\n<li style=\"text-align: justify;\">50% de desconto na B\u00edblia de Veneza<\/li>\n<\/ul>\n<p style=\"text-align: justify;\"><strong>Sobre o Centro B\u00edblico PAULUS<\/strong><br \/>\nO Centro B\u00edblico PAULUS \u00e9 o organismo que coordena todas as iniciativas b\u00edblicas propostas pelos Paulinos e representa no Brasil a Sociedade B\u00edblica Internacional fundada pelo Padre Alberione.<br \/>\nSeu objetivo \u00e9 tornar sempre mais din\u00e2mico e atual o encontro de todos com a B\u00edblia, favorecendo a leitura, o aprofundamento, o estudo e a difus\u00e3o da Sagrada Escritura.<\/p>\n<p style=\"text-align: justify;\">O Centro B\u00edblico PAULUS atua em cinco n\u00edveis:<\/p>\n<p>1. Editorial, com tradu\u00e7\u00f5es da B\u00edblia e subs\u00eddios de estudo<br \/>\n2. Formativo, com cursos b\u00edblicos oferecidos sobretudo nas livrarias PAULUS<br \/>\n3. Pastoral, com organiza\u00e7\u00e3o e suporte a eventos e iniciativas b\u00edblicas<br \/>\n4. Espiritual, com proposta de m\u00e9todos de leitura orante da B\u00edblia<br \/>\n5. Eclesial, com a oferta de servi\u00e7os \u00e0s igrejas locais para a anima\u00e7\u00e3o b\u00edblica da pastoral.<\/p>\n<p style=\"text-align: justify;\">Contato: centrobiblico@paulus.com.br<\/p>\n","protected":false},"excerpt":{"rendered":"<p>\u201cColocarei em voc\u00eas o meu Esp\u00edrito e voc\u00eas reviver\u00e3o\u201d (Ez 37,14) De 1\u00ba de agosto a 30 de setembro, a PAULUS Editora realiza a Campanha da B\u00edblia 2024. Por meio dela, seus parceiros poder\u00e3o adquirir as edi\u00e7\u00f5es e tradu\u00e7\u00f5es da Sagrada Escritura com condi\u00e7\u00f5es especiais. A promo\u00e7\u00e3o ocorre em sintonia com o \u201cM\u00eas da B\u00edblia\u201d, [&hellip;]<\/p>\n","protected":false},"author":3,"featured_media":71939,"comment_status":"open","ping_status":"open","sticky":false,"template":"","format":"standard","meta":{"_acf_changed":false,"footnotes":""},"categories":[1,15],"tags":[],"class_list":["post-71929","post","type-post","status-publish","format-standard","has-post-thumbnail","hentry","category-geral","category-noticias"],"acf":[],"aioseo_notices":[],"_links":{"self":[{"href":"https:\/\/www.paulus.com.br\/portal\/wp-json\/wp\/v2\/posts\/71929","targetHints":{"allow":["GET"]}}],"collection":[{"href":"https:\/\/www.paulus.com.br\/portal\/wp-json\/wp\/v2\/posts"}],"about":[{"href":"https:\/\/www.paulus.com.br\/portal\/wp-json\/wp\/v2\/types\/post"}],"author":[{"embeddable":true,"href":"https:\/\/www.paulus.com.br\/portal\/wp-json\/wp\/v2\/users\/3"}],"replies":[{"embeddable":true,"href":"https:\/\/www.paulus.com.br\/portal\/wp-json\/wp\/v2\/comments?post=71929"}],"version-history":[{"count":7,"href":"https:\/\/www.paulus.com.br\/portal\/wp-json\/wp\/v2\/posts\/71929\/revisions"}],"predecessor-version":[{"id":71942,"href":"https:\/\/www.paulus.com.br\/portal\/wp-json\/wp\/v2\/posts\/71929\/revisions\/71942"}],"wp:featuredmedia":[{"embeddable":true,"href":"https:\/\/www.paulus.com.br\/portal\/wp-json\/wp\/v2\/media\/71939"}],"wp:attachment":[{"href":"https:\/\/www.paulus.com.br\/portal\/wp-json\/wp\/v2\/media?parent=71929"}],"wp:term":[{"taxonomy":"category","embeddable":true,"href":"https:\/\/www.paulus.com.br\/portal\/wp-json\/wp\/v2\/categories?post=71929"},{"taxonomy":"post_tag","embeddable":true,"href":"https:\/\/www.paulus.com.br\/portal\/wp-json\/wp\/v2\/tags?post=71929"}],"curies":[{"name":"wp","href":"https:\/\/api.w.org\/{rel}","templated":true}]}}