{"id":71877,"date":"2024-07-25T15:42:25","date_gmt":"2024-07-25T18:42:25","guid":{"rendered":"https:\/\/www.paulus.com.br\/portal\/?p=71877"},"modified":"2024-07-25T15:42:25","modified_gmt":"2024-07-25T18:42:25","slug":"a-etica-no-uso-e-desenvolvimento-da-inteligencia-artificial","status":"publish","type":"post","link":"https:\/\/www.paulus.com.br\/portal\/a-etica-no-uso-e-desenvolvimento-da-inteligencia-artificial\/","title":{"rendered":"A \u00e9tica no uso e desenvolvimento da intelig\u00eancia artificial"},"content":{"rendered":"<p style=\"text-align: justify;\">Atualmente, podemos perceber como a intelig\u00eancia artificial est\u00e1 impactando os diversos setores no dia a dia das pessoas. No mercado das a\u00e7\u00f5es, ela \u00e9 usada para analisar as tend\u00eancias do mercado e realizar opera\u00e7\u00f5es. A intelig\u00eancia artificial produz artigos, homilias, palestras, cria arte, dirige carros, escreve e corrige editoriais de not\u00edcias e recomenda medicamentos. Ela vem proliferando decis\u00f5es automatizadas em v\u00e1rias esferas da sociedade, incluindo diagn\u00f3sticos m\u00e9dicos e at\u00e9 mesmo processos jur\u00eddicos.<\/p>\n<p style=\"text-align: justify;\">\nAssim sendo, a intelig\u00eancia artificial j\u00e1 faz parte da vida das pessoas. A todo o momento estamos em contato com processos inteligentes para sobreviver nesta quarta revolu\u00e7\u00e3o industrial com tantas tecnologias. Mas \u00e9 bom lembrar que o historiador israelense Yuval Harari, em seu livro Homo Deus: uma breve hist\u00f3ria do amanh\u00e3, imp\u00f5e um limite ao progresso da intelig\u00eancia artificial, quando afirma que \u201cas m\u00e1quinas inteligentes, ao n\u00e3o serem dotadas de consci\u00eancia, nunca v\u00e3o competir com a intelig\u00eancia humana\u201d.<\/p>\n<p style=\"text-align: justify;\">\nNo entanto, a intelig\u00eancia artificial, ao imitar a\u00e7\u00f5es, tomar decis\u00f5es e vislumbrar horizontes como a intelig\u00eancia humana, que possui consci\u00eancia, vontade, liberdade e raz\u00e3o, n\u00e3o assume responsabilidade por seus atos. Ela n\u00e3o trabalha com consci\u00eancia. N\u00e3o pode ser responsabilizada pelas consequ\u00eancias dos seus atos. Ela apenas atribui aos humanos a responsabilidade sobre as decis\u00f5es automatizadas, ou meras previs\u00f5es daquilo que foi solicitado. \u00c9 um enorme desafio para os que carecem de uma consci\u00eancia cr\u00edtica e pretendem fazer hist\u00f3ria nesse mundo com tantos avan\u00e7os cient\u00edficos e tecnol\u00f3gicos.<\/p>\n<p style=\"text-align: justify;\">\nO prelado Dom Odilo Pedro Scherer, Cardeal-Arcebispo de S\u00e3o Paulo, no artigo \u201cIntelig\u00eancia Artificial e Paz\u201d, em 13 de janeiro de 2024, destacou com grande discernimento e profundidade intelectual que \u201ca dimens\u00e3o \u00e9tica est\u00e1 presente em toda a atividade humana, ligada intimamente \u00e0s decis\u00f5es e inten\u00e7\u00f5es de quem produz e de quem aplica e usa os conhecimentos conquistados\u201d, acrescentando n\u00e3o ser \u201cdiferente com as diferentes formas e usos da intelig\u00eancia artificial, capaz de imitar, de reproduzir e at\u00e9 criar a\u00e7\u00f5es t\u00edpicas do homem\u201d.<\/p>\n<p style=\"text-align: justify;\">\nCom os avan\u00e7os da intelig\u00eancia artificial as quest\u00f5es \u00e9ticas entram na pauta. O tema da \u00e9tica permeia a sociedade humana, mas sempre mostrando como o humano \u00e9 dotado da capacidade de pensar criticamente sobre valores morais e dirigir a\u00e7\u00f5es em torno de tais valores. Assim, o prelado apresenta em suas s\u00e1bias palavras tr\u00eas pontos de capital import\u00e2ncia sobre o tema da \u00e9tica, no avan\u00e7o recente das tecnologias de intelig\u00eancia artificial.<\/p>\n<p style=\"text-align: justify;\">\na) A \u00e9tica \u00e9 um componente essencial em todas as atividades humanas. Com o avan\u00e7o recente das tecnologias de intelig\u00eancia artificial, as quest\u00f5es \u00e9ticas est\u00e3o em destaque, influenciando diretamente as decis\u00f5es, inten\u00e7\u00f5es e a\u00e7\u00f5es de quem produz e aplica conhecimentos.<\/p>\n<p style=\"text-align: justify;\">\nb) A rela\u00e7\u00e3o \u00e9tica e intelig\u00eancia artificial. Temos ci\u00eancia das in\u00fameras \u00e1reas do conhecimento e da tecnologia que sempre est\u00e3o sujeitas a considera\u00e7\u00f5es e implica\u00e7\u00f5es \u00e9ticas. A intelig\u00eancia artificial tamb\u00e9m deve ser desenvolvida e utilizada com as implica\u00e7\u00f5es \u00e9ticas.<\/p>\n<p style=\"text-align: justify;\">\nc) Responsabilidade \u00e9tica pelas potencialidades da intelig\u00eancia artificial. \u00c9 sabido que a intelig\u00eancia artificial tem a capacidade de imitar, reproduzir e at\u00e9 criar a\u00e7\u00f5es humanas, o que torna essencial a responsabilidade \u00e9tica em seu desenvolvimento e aplica\u00e7\u00e3o para garantir que suas utiliza\u00e7\u00f5es sejam ben\u00e9ficas e justas.<\/p>\n<p style=\"text-align: justify;\">\nA intelig\u00eancia artificial n\u00e3o possui uma \u00e9tica pr\u00f3pria. Cabe a n\u00f3s desenvolver um conjunto de melhores pr\u00e1ticas que possam ser replicadas em diversas configura\u00e7\u00f5es. Deve haver transpar\u00eancia nas decis\u00f5es tomadas por sistemas de intelig\u00eancia artificial, garantindo que os processos sejam compreens\u00edveis por especialistas e usu\u00e1rios. Tamb\u00e9m \u00e9 preciso criar comit\u00eas que possam ter representantes de todos os setores da sociedade com especialistas em \u00e9tica e recursos humanos para orientar o desenvolvimento e a implementa\u00e7\u00e3o de pol\u00edticas de intelig\u00eancia artificial.<\/p>\n<p style=\"text-align: justify;\">\n\u00c9 essencial buscar um equil\u00edbrio entre os benef\u00edcios e os avan\u00e7os da intelig\u00eancia artificial e as quest\u00f5es \u00e9ticas envolvidas. O termo \u201cartificial\u201d revela os limites dessa intelig\u00eancia, n\u00e3o que seja um mal, mas por depender de mecanismos constru\u00eddos pelo ser humano e controlados por alguns, segundo interesses econ\u00f4micos. O aspecto de desenvolvimento humano n\u00e3o est\u00e1 em primeiro lugar. A depend\u00eancia excessiva da intelig\u00eancia artificial pode levar \u00e0 redu\u00e7\u00e3o da criatividade, inventividade, capacidade cr\u00edtica, e at\u00e9 mesmo da intelig\u00eancia em si, devido ao desuso de estruturas cerebrais fundamentais \u00e0 condi\u00e7\u00e3o humana como hipocampo, c\u00f3rtex e sistema l\u00edmbico.<\/p>\n<p style=\"text-align: justify;\">\nFinalmente, a intelig\u00eancia humana deve atuar e ser parceira da intelig\u00eancia artificial na defini\u00e7\u00e3o de regras morais e \u00e9ticas, oferecendo suporte regulat\u00f3rio e sistemas que permitam \u00e0 sociedade usufruir dessas tecnologias de forma a promover o crescimento e a dignidade humana. Ela n\u00e3o faz ju\u00edzo de valores nem estabelece hierarquia do mais e do menos importante, a n\u00e3o ser que isso j\u00e1 conste nos dados por ela utilizados. Em \u00faltima an\u00e1lise, a colabora\u00e7\u00e3o entre a intelig\u00eancia humana e a intelig\u00eancia artificial deve ser m\u00fatua, beneficiando a evolu\u00e7\u00e3o de ambas.<\/p>\n<p>&nbsp;<\/p>\n","protected":false},"excerpt":{"rendered":"<p>Atualmente, podemos perceber como a intelig\u00eancia artificial est\u00e1 impactando os diversos setores no dia a dia das pessoas. No mercado das a\u00e7\u00f5es, ela \u00e9 usada para analisar as tend\u00eancias do mercado e realizar opera\u00e7\u00f5es. A intelig\u00eancia artificial produz artigos, homilias, palestras, cria arte, dirige carros, escreve e corrige editoriais de not\u00edcias e recomenda medicamentos. Ela [&hellip;]<\/p>\n","protected":false},"author":47,"featured_media":0,"comment_status":"open","ping_status":"open","sticky":false,"template":"","format":"standard","meta":{"_acf_changed":false,"footnotes":""},"categories":[356],"tags":[],"class_list":["post-71877","post","type-post","status-publish","format-standard","hentry","category-colunista"],"acf":[],"aioseo_notices":[],"_links":{"self":[{"href":"https:\/\/www.paulus.com.br\/portal\/wp-json\/wp\/v2\/posts\/71877","targetHints":{"allow":["GET"]}}],"collection":[{"href":"https:\/\/www.paulus.com.br\/portal\/wp-json\/wp\/v2\/posts"}],"about":[{"href":"https:\/\/www.paulus.com.br\/portal\/wp-json\/wp\/v2\/types\/post"}],"author":[{"embeddable":true,"href":"https:\/\/www.paulus.com.br\/portal\/wp-json\/wp\/v2\/users\/47"}],"replies":[{"embeddable":true,"href":"https:\/\/www.paulus.com.br\/portal\/wp-json\/wp\/v2\/comments?post=71877"}],"version-history":[{"count":1,"href":"https:\/\/www.paulus.com.br\/portal\/wp-json\/wp\/v2\/posts\/71877\/revisions"}],"predecessor-version":[{"id":71878,"href":"https:\/\/www.paulus.com.br\/portal\/wp-json\/wp\/v2\/posts\/71877\/revisions\/71878"}],"wp:attachment":[{"href":"https:\/\/www.paulus.com.br\/portal\/wp-json\/wp\/v2\/media?parent=71877"}],"wp:term":[{"taxonomy":"category","embeddable":true,"href":"https:\/\/www.paulus.com.br\/portal\/wp-json\/wp\/v2\/categories?post=71877"},{"taxonomy":"post_tag","embeddable":true,"href":"https:\/\/www.paulus.com.br\/portal\/wp-json\/wp\/v2\/tags?post=71877"}],"curies":[{"name":"wp","href":"https:\/\/api.w.org\/{rel}","templated":true}]}}