{"id":70553,"date":"2024-04-01T09:45:04","date_gmt":"2024-04-01T12:45:04","guid":{"rendered":"https:\/\/www.paulus.com.br\/portal\/?p=70553"},"modified":"2024-04-01T09:47:21","modified_gmt":"2024-04-01T12:47:21","slug":"o-convite-do-mestre-e-da-igreja-aos-jovens","status":"publish","type":"post","link":"https:\/\/www.paulus.com.br\/portal\/o-convite-do-mestre-e-da-igreja-aos-jovens\/","title":{"rendered":"O convite do mestre e da Igreja aos jovens"},"content":{"rendered":"<p style=\"text-align: center;\"><span style=\"color: #000000;\"><em>Quando te sentires envelhecido pela tristeza, os rancores, os medos, as d\u00favidas ou os fracassos, Jesus estar\u00e1 ao\u00a0teu lado para te devolver a for\u00e7a e a esperan\u00e7a (Papa Francisco).<\/em><\/span><\/p>\n<p style=\"text-align: justify;\"><span style=\"color: #000000;\">\u00c9 o Senhor quem renova diariamente nossas for\u00e7as e derrama sobre n\u00f3s um esp\u00edrito sempre jovem e decidido. Na exorta\u00e7\u00e3o Apost\u00f3lica \u201cChristus Vivit\u201d, o papa Francisco, em seus ensinamentos direcionados aos jovens e a todo povo de Deus, recorda-nos da presen\u00e7a constante e fiel de um Deus apaixonado por sua cria\u00e7\u00e3o. Francisco lembra-nos que Deus nos chama e envia para a miss\u00e3o de seu Reino, partindo, sobretudo, do exemplo e testemunho de seu Filho Unig\u00eanito \u2014 Jesus Cristo. Inspirados nas a\u00e7\u00f5es do Mestre Jesus, o Santo Padre enfatiza em sua exorta\u00e7\u00e3o: Ele vive e quer-te vivo!<\/span><\/p>\n<p style=\"text-align: justify;\"><span style=\"color: #000000;\">Com as palavras de Francisco, somos conduzidos a renovar a nossa f\u00e9 e a nossa esperan\u00e7a no Cristo Ressuscitado, que direciona os cora\u00e7\u00f5es dos jovens, independentemente de suas escolhas, dificuldades, imperfei\u00e7\u00f5es, situa\u00e7\u00f5es adversas, sedu\u00e7\u00f5es impostas pelo mundo moderno ou estado emocional, ele molda cada um conforme a sua vontade. Francisco destaca que Deus jamais abandona os seus filhos e filhas, pelo contr\u00e1rio, ele os coloca \u00e0 frente de significativas miss\u00f5es para sua pr\u00f3pria edifica\u00e7\u00e3o.<\/span><\/p>\n<blockquote>\n<p style=\"text-align: justify;\"><span style=\"color: #000000;\">Em toda a trajet\u00f3ria do povo de Deus, os textos b\u00edblicos evidenciam o convite de Deus aos jovens, sobretudo, demonstram a sua predile\u00e7\u00e3o por aqueles que s\u00e3o subjugados, exclu\u00eddos e subestimados por saberem pouco ou quase nada da vida. <em>\u201cA gl\u00f3ria da juventude est\u00e1 mais no cora\u00e7\u00e3o do que na for\u00e7a f\u00edsica ou na impress\u00e3o que provoca nos outros<\/em>\u201d, afirma o pont\u00edfice.<\/span><\/p>\n<\/blockquote>\n<p style=\"text-align: justify;\"><span style=\"color: #000000;\">Nesse sentido, conforme exemplificam os textos b\u00edblicos e ensina o papa Francisco em sua exorta\u00e7\u00e3o, tanto no Antigo como no Novo Testamento, existem registros da a\u00e7\u00e3o de Deus que, em in\u00fameras situa\u00e7\u00f5es, escolhe os jovens para liderar o seu povo em importantes miss\u00f5es. Mapeando alguns, por exemplo, temos Jos\u00e9, o filho preferido de Jac\u00f3, que em sua plena juventude foi vendido como escravo para mercadores estrangeiros de Madi\u00e3, em decorr\u00eancia da inveja de seus pr\u00f3prios irm\u00e3os. Do sofrimento \u00e0 alegria, Deus concede a Jos\u00e9 dons interpretativos que o fazem, posteriormente, o governador do Egito (Gn 37\u201346).<\/span><\/p>\n<p style=\"text-align: justify;\"><span style=\"color: #000000;\">Al\u00e9m deste, temos o jovem Samuel que escuta o profeta Eli e coloca-se \u00e0 disposi\u00e7\u00e3o e escuta do Senhor. \u201cFala, Senhor; o teu servo escuta\u201d, em resposta ao chamado de Deus. (1Sm 3,9\u201310). Percebemos a resposta destemida de um jovem, diante de uma miss\u00e3o desconhecida, ponto caracter\u00edstico de muitos jovens.<\/span><\/p>\n<p style=\"text-align: justify;\"><span style=\"color: #000000;\">Tamb\u00e9m encontramos a figura do rei Davi, escolhido por Deus ainda rapaz. Com a hist\u00f3ria de Davi aprendemos que n\u00e3o devemos julgar as pessoas por sua apar\u00eancia. O jovem de aspecto fr\u00e1gil, pequeno e simples pastor de ovelhas, tornou-se um dos mais importantes reis de Israel ao derrotar\u00a0o filisteu Golias (1Sm 16\u201317). <em>\u00a0\u201cO homem v\u00ea as apar\u00eancias, e Jav\u00e9 olha o cora\u00e7\u00e3o\u201d <\/em>(1Sm<em> 16,7).<\/em>\u00a0<\/span><\/p>\n<p style=\"text-align: justify;\"><span style=\"color: #000000;\">Podemos recordar, ainda, a figura da Virgem Maria, que na flor da idade foi escolhida por Deus para ser a M\u00e3e de Jesus e da humanidade (Lc 1\u20132), al\u00e9m de tantos outros personagens citados nos Evangelhos, sobretudo, na vida p\u00fablica de Jesus e, em suas par\u00e1bolas como: o Filho Pr\u00f3digo (Lc 15,11-32), ou a hist\u00f3ria das jovens prudentes que estavam prontas e vigilantes, enquanto outras viviam distra\u00eddas e atormentadas (Mt 25,1-13).\u00a0 Logo, \u00e9 na for\u00e7a dos jovens que Deus age e constr\u00f3i novas hist\u00f3rias e d\u00e1 continuidade \u00e0 miss\u00e3o de seu Reino. Entretanto, como recepcionar os jovens e acolh\u00ea-los na comunidade crist\u00e3?<\/span><\/p>\n<p style=\"text-align: justify;\"><span style=\"color: #000000;\"><strong><u>Caminhos e perspectivas crist\u00e3s para os jovens de hoje<\/u><\/strong><\/span><\/p>\n<p style=\"text-align: justify;\"><span style=\"color: #000000;\">Na atualidade, muitos s\u00e3o os caminhos oferecidos aos jovens. Em cada escolha abra\u00e7ada \u00e9 poss\u00edvel analisar in\u00fameros fatores, como a estrutura familiar, a evangeliza\u00e7\u00e3o, a aus\u00eancia da acolhida e oportunidades, entre outros. Alguns caminhos apresentados pelo mundo nem sempre levam \u00e0 felicidade, pelo contr\u00e1rio, conduzem os jovens para estradas sem volta, que, ao longo da caminhada, d\u00e3o lugar \u00e0 tristeza, ao abandono, \u00e0 depress\u00e3o, \u00e0s drogas que levam \u00e0 morte, e ao quadro exacerbado de viol\u00eancia que a juventude \u00e9 submetida todos os dias.<\/span><\/p>\n<p style=\"text-align: justify;\"><span style=\"color: #000000;\">Na condi\u00e7\u00e3o de disc\u00edpulos mission\u00e1rios do Cristo Jesus, somos chamados a sermos condutores dos jovens para Deus. Na medida em que apresentamos e apostamos no an\u00fancio do Reino, por meio de a\u00e7\u00f5es simples, e damos credibilidade ao que os jovens podem oferecer, como a criatividade e a for\u00e7a \u00fanica da juventude, a probabilidade de os jovens optarem por falsos caminhos torna-se menor.<\/span><\/p>\n<p style=\"text-align: justify;\"><span style=\"color: #000000;\">Para o autor da obra \u201cOra\u00e7\u00f5es da minha juventude\u201d, publicada pela PAULUS Editora, Bento Maria, ssp, algo muito importante \u00e9 ofertar os tesouros da Palavra de Deus para os jovens, pois in\u00fameros jovens ainda n\u00e3o conhecem a Deus e outros buscam na Igreja respostas para diversos anseios e questionamentos. Diante deste cen\u00e1rio, a comunidade e seus membros devem estar atentos para uma acolhida calorosa que apresente a casa de Deus, tamb\u00e9m como ponto de partida para a realiza\u00e7\u00e3o de seus sonhos e projetos.<\/span><\/p>\n<blockquote>\n<p style=\"text-align: justify;\"><span style=\"color: #000000;\"><em>\u201cDeixar que eles fa\u00e7am suas perguntas, nunca dar respostas prontas para perguntas que nem foram feitas. A juventude deve ser valorizada em todas as \u00e1reas da Igreja. Cuidado com a tend\u00eancia de alguns querer usar os jovens como m\u00e3o de obra barata, eles s\u00e3o capazes de atuar em todos os campos, principalmente naqueles de lideran\u00e7a<\/em>\u201d, afirma Bento Maria.<\/span><\/p>\n<\/blockquote>\n<p style=\"text-align: justify;\"><span style=\"color: #000000;\">Na opini\u00e3o do autor do livro \u201cMaquiagem Espiritual\u201d, lan\u00e7ado pela PAULUS, Padre Rodrigo Rodrigues, atual Capel\u00e3o da Bendita \u00c1rvore da Cruz, comunidade de vida contemplativa, da Toca de Assis em Cotia, S\u00e3o Paulo (SP), acolher uma pessoa deve ser uma atitude corajosa, pois, segundo o presb\u00edtero, ningu\u00e9m est\u00e1 pronto e acabado.<\/span><\/p>\n<p style=\"text-align: justify;\"><span style=\"color: #000000;\">Padre Rodrigo relata que cada ser humano \u00e9 \u00fanico e traz consigo suas vit\u00f3rias e derrotas. \u201c\u00c9 triste pensar, que na maioria das vezes, os jovens s\u00e3o estigmatizados e carregam o peso de serem irrespons\u00e1veis e inexperientes, mas essa n\u00e3o \u00e9 uma verdade absoluta. Vejo muitos jovens, muito mais engajados e respons\u00e1veis do que muitos adultos e idosos, que j\u00e1 possuem anos de caminhada na vida pastoral da Igreja. Jovem \u00e9 puro desafio! \u00c9 mist\u00e9rio-criativo do amor de Deus\u201d, ressalta.<\/span><\/p>\n<p style=\"text-align: justify;\"><span style=\"color: #000000;\">Segundo o sacerdote, se um jovem for cativado, quem ganha \u00e9 a comunidade paroquial, pois o jovem \u00e9 gerador de outro jovem. \u201cOnde tem jovem, claro que teremos desafios, mas \u00e9 Nosso Senhor Jesus Cristo quem convida: \u2018Avancem para \u00e1guas mais profundas!\u2019, e o jovem que n\u00e3o souber nadar, a Santa Igreja tem a miss\u00e3o de ensinar\u201d, destaca.<\/span><\/p>\n<blockquote>\n<p style=\"text-align: justify;\"><em><span style=\"color: #000000;\">\u201cCada jovem \u00e9 superimportante na vida da Santa Igreja. S\u00f3 que com jovem, necess\u00e1rio se faz, ser um \u2018artista da sedu\u00e7\u00e3o\u2019. Jovem ama desafio! Quando ele for desafiado e aceitar a luta, pode ter certeza, que naquele instante, ele descobrir\u00e1, que, na verdade, a Santa Igreja \u00e9 muito importante na vida dele. Quando o jovem percebe que ele pode oferecer sua vitalidade e criatividade em favor da Santa Igreja de Cristo, nada e ningu\u00e9m o tira da vida eclesial, pois ele passa a ser pedra viva, num tempo de esperan\u00e7a e f\u00e9, inaugurado em seu cora\u00e7\u00e3o\u201d, complementa.<\/span><\/em><\/p>\n<\/blockquote>\n<p style=\"text-align: justify; margin: 12.0pt 0cm 12.0pt 0cm;\"><span style=\"color: #000000;\"><b><u><span style=\"font-size: 11pt; font-family: Arial, 'sans-serif'; background: white;\">Testemunhos de santidade de faces jovens para Deus<\/span><\/u><\/b><\/span><\/p>\n<p style=\"text-align: justify;\"><span style=\"color: #000000;\">Entre tantas faces jovens dedicadas a Deus, \u00e9 poss\u00edvel destacar alguns santos contempor\u00e2neos e testemunhos de santidade, como a carmelita de clausura Santa Teresinha do Menino Jesus e da Sagrada Face (1873\u20131897), que diz: &#8220;Escolho tudo, n\u00e3o quero ser santa pela metade!\u201d. Santa Teresinha foi para Deus ainda muito jovem, aos 24 anos de idade. &#8220;O jovem precisa ser inteiro. Sem mascaramentos ou maquiagens-espirituais. Diante de Deus sempre a verdade que liberta. Pecou? Se converte e ponto final\u201d, relata Pe. Rodrigo.<\/span><\/p>\n<p style=\"text-align: justify;\"><span style=\"color: #000000;\">S\u00e3o Jos\u00e9 S\u00e1nchez del R\u00edo, um jovem m\u00e1rtir mexicano (1913\u20131928), que sofreu o mart\u00edrio aos 14 anos de idade, por sua fidelidade a Deus, o amor por Jesus Eucar\u00edstico e a f\u00e9 na Virgem de Guadalupe, afirmava: \u201cNos vemos no c\u00e9u. Viva o Cristo Rei! Viva sua M\u00e3e, a Virgem de Guadalupe!\u201d.\u00a0<\/span><\/p>\n<p style=\"text-align: justify;\"><span style=\"color: #000000;\">A Irm\u00e3 Clare Crockett (1982\u20132016), ex-atriz irlandesa que deixou-se transformar por Deus, tornando-se uma religiosa consagrada ao servi\u00e7o do Reino e da Igreja, \u00e9 outro exemplo que inspira, principalmente, os jovens \u00e0 busca sincera da santidade.<\/span><\/p>\n<p style=\"text-align: justify;\"><span style=\"color: #000000;\">E o jovem de t\u00eanis e cal\u00e7a jeans, Beato Carlo Acutis (1991\u20132006), \u00e9 outro modelo de santidade de nossos dias, que disse: &#8220;Nascemos originais e morremos como c\u00f3pias!\u201d. O Bem-aventurado Carlo Acutis \u2014 o <em>ciberap\u00f3stolo<\/em> da Eucaristia, realizou sua p\u00e1scoa aos 15 anos de idade, ap\u00f3s dedicar sua juventude ao servi\u00e7o da Igreja.\u00a0<\/span><\/p>\n<p style=\"text-align: justify;\"><span style=\"color: #000000;\">Que possamos exercitar os dons da acolhida, escuta e compreens\u00e3o na recep\u00e7\u00e3o de todos os jovens que chegam em nossas vidas, para que possam despertar em seus cora\u00e7\u00f5es o desejo de amar, seguir e fazer acontecer neste mundo o Reino de Deus, com toda a sua vitalidade e for\u00e7a, independentemente de seus erros e acertos, que sejamos sempre acolhedores a exemplo do Mestre Jesus.<\/span><\/p>\n","protected":false},"excerpt":{"rendered":"<p>Quando te sentires envelhecido pela tristeza, os rancores, os medos, as d\u00favidas ou os fracassos, Jesus estar\u00e1 ao\u00a0teu lado para te devolver a for\u00e7a e a esperan\u00e7a (Papa Francisco). \u00c9 o Senhor quem renova diariamente nossas for\u00e7as e derrama sobre n\u00f3s um esp\u00edrito sempre jovem e decidido. Na exorta\u00e7\u00e3o Apost\u00f3lica \u201cChristus Vivit\u201d, o papa Francisco, [&hellip;]<\/p>\n","protected":false},"author":3,"featured_media":66080,"comment_status":"open","ping_status":"open","sticky":false,"template":"","format":"standard","meta":{"_acf_changed":false,"footnotes":""},"categories":[356],"tags":[],"class_list":["post-70553","post","type-post","status-publish","format-standard","has-post-thumbnail","hentry","category-colunista"],"acf":[],"aioseo_notices":[],"_links":{"self":[{"href":"https:\/\/www.paulus.com.br\/portal\/wp-json\/wp\/v2\/posts\/70553","targetHints":{"allow":["GET"]}}],"collection":[{"href":"https:\/\/www.paulus.com.br\/portal\/wp-json\/wp\/v2\/posts"}],"about":[{"href":"https:\/\/www.paulus.com.br\/portal\/wp-json\/wp\/v2\/types\/post"}],"author":[{"embeddable":true,"href":"https:\/\/www.paulus.com.br\/portal\/wp-json\/wp\/v2\/users\/3"}],"replies":[{"embeddable":true,"href":"https:\/\/www.paulus.com.br\/portal\/wp-json\/wp\/v2\/comments?post=70553"}],"version-history":[{"count":2,"href":"https:\/\/www.paulus.com.br\/portal\/wp-json\/wp\/v2\/posts\/70553\/revisions"}],"predecessor-version":[{"id":70555,"href":"https:\/\/www.paulus.com.br\/portal\/wp-json\/wp\/v2\/posts\/70553\/revisions\/70555"}],"wp:featuredmedia":[{"embeddable":true,"href":"https:\/\/www.paulus.com.br\/portal\/wp-json\/wp\/v2\/media\/66080"}],"wp:attachment":[{"href":"https:\/\/www.paulus.com.br\/portal\/wp-json\/wp\/v2\/media?parent=70553"}],"wp:term":[{"taxonomy":"category","embeddable":true,"href":"https:\/\/www.paulus.com.br\/portal\/wp-json\/wp\/v2\/categories?post=70553"},{"taxonomy":"post_tag","embeddable":true,"href":"https:\/\/www.paulus.com.br\/portal\/wp-json\/wp\/v2\/tags?post=70553"}],"curies":[{"name":"wp","href":"https:\/\/api.w.org\/{rel}","templated":true}]}}