{"id":70200,"date":"2024-02-21T13:59:03","date_gmt":"2024-02-21T16:59:03","guid":{"rendered":"https:\/\/www.paulus.com.br\/portal\/?p=70200"},"modified":"2024-02-21T13:59:03","modified_gmt":"2024-02-21T16:59:03","slug":"60-segunda-carta-aos-corintios","status":"publish","type":"post","link":"https:\/\/www.paulus.com.br\/portal\/60-segunda-carta-aos-corintios\/","title":{"rendered":"60. Segunda Carta aos Cor\u00edntios"},"content":{"rendered":"<p style=\"text-align: justify;\">Sobre a cidade de Corinto j\u00e1 vimos na primeira Carta aos Cor\u00edntios. Mas \u00e9 bom relembrar alguns aspectos, tais como: na \u00e9poca a cidade tinha em torno de 500 mil habitantes, dos quais em torno de dois ter\u00e7os eram escravos. Foi destru\u00edda pelos romanos em 147 a.C. e reconstru\u00edda com grande esplendor em 45 a.C. Em Corinto existiam muitos templos dedicados aos deuses gregos (Apolo, Atenas, Afrodite). No templo de Afrodite se praticava a prostitui\u00e7\u00e3o sagrada. Havia v\u00e1rias escolas filos\u00f3ficas (principalmente dos c\u00ednicos e estoicos). Era grande centro comercial que comercializava principalmente objetos de bronze. Possu\u00eda dois portos (Laqueu e Cencreia) que facilitavam o com\u00e9rcio.<\/p>\n<blockquote>\n<p style=\"text-align: justify;\">Paulo fez uma segunda viagem \u00e0 comunidade de Corinto, para resolver alguns problemas e foi injuriado por algum membro. Surgiu em Corinto um grupo de rivais que questionam a autoridade de Paulo. A Carta trata da miss\u00e3o do ap\u00f3stolo, ministro da reconcilia\u00e7\u00e3o realizada por Cristo, cumprimento das promessas. Nesta Carta encontramos o conflito ente Paulo e os \u201csuperap\u00f3stolos\u201d, vindos de Jerusal\u00e9m. Tito \u00e9 enviado como mediador do conflito. Trata dos \u201cfalsos ap\u00f3stolos\u201d presentes na comunidade. Por seus problemas, parece que a comunidade de Corinto foi a que mais recebeu aten\u00e7\u00e3o e cuidados do ap\u00f3stolo.<\/p>\n<\/blockquote>\n<p style=\"text-align: justify;\">Parece que a segunda Carta aos Cor\u00edntios seria uma esp\u00e9cie de \u201ccole\u00e7\u00e3o de cartas\u201d enviadas aos cor\u00edntios, que acabaram sendo agrupadas formando a Carta que conhecemos. O motivo dessas diversidades de cartas seriam as mudan\u00e7as de tem\u00e1ticas e de estilos. Outro aspecto \u00e9 o esclarecimento de mal-entendidos entre o ap\u00f3stolo e a comunidade. A segunda Carta aos Cor\u00edntios teria sido organizada e escrita em \u00c9feso por volta de 57 a.C. Podemos dividir a segunda Carta aos Cor\u00edntios em tr\u00eas partes, antecedidas por breve introdu\u00e7\u00e3o e seguidas por breve conclus\u00e3o.<\/p>\n<p style=\"text-align: justify;\">Introdu\u00e7\u00e3o (2Cor 1,1-11): Apresenta uma sauda\u00e7\u00e3o aos destinat\u00e1rios, seguida de uma a\u00e7\u00e3o de gra\u00e7as, pela consola\u00e7\u00e3o dos ap\u00f3stolos em meio a tribula\u00e7\u00f5es.<\/p>\n<blockquote>\n<p style=\"text-align: justify;\">1. Conflitos com os cor\u00edntios (2Cor 1,12-7,16): Paulo trata da a) viagem a Corinto (2Cor 1,12-2,17): mas que acabou n\u00e3o acontecendo, n\u00e3o cumpriu a promessa. b) Seu minist\u00e9rio apost\u00f3lico (2Cor 3,1-6,10): para Paulo, a comunidade \u00e9 para ele carta de recomenda\u00e7\u00e3o. Seu minist\u00e9rio \u00e9 dom e responsabilidade. \u00c9 Deus que confere o minist\u00e9rio e n\u00e3o nasce das condi\u00e7\u00f5es humanas. As tribula\u00e7\u00f5es n\u00e3o o desanima. Na l\u00f3gica da cruz manifesta-se o poder de Deus. c) Apelo e consola\u00e7\u00e3o (2Cor 6,11-7,16): chama \u00e0 fidelidade e ao n\u00e3o envolvimento com os \u00eddolos. Os cor\u00edntios acolheram Tito com hospitalidade e se arrependeram de suas atitudes contra Paulo. Com isso, devolveu o \u00e2nimo e a coragem a Paulo.<\/p>\n<\/blockquote>\n<p style=\"text-align: justify;\">2. Coleta para a comunidade de Jerusal\u00e9m (2Cor 8-9): Paulo motiva os cor\u00edntios a se solidarizarem com os pobres da comunidade de Jerusal\u00e9m. Na partilha manifesta-se o dom de Deus que distribui tudo generosamente para todos. Deus ama quem doa com alegria.<\/p>\n<p style=\"text-align: justify;\">3. Defesa pol\u00eamica de Paulo (2Cor 10,1-13,10): Paulo a) responde \u00e0s acusa\u00e7\u00f5es (2Cor 10): as consequ\u00eancias da desobedi\u00eancia e a autoridade de Paulo como fundador da comunidade. Seus advers\u00e1rios espalham difama\u00e7\u00f5es e os cor\u00edntios tomam o partido deles. b) Revela seu apostolado (2Cor 11,1-12,18): Paulo fala como um insensato e se gloria de si mesmo: de seus sofrimentos e suas fraquezas. A for\u00e7a se cumpre na fraqueza. Seu minist\u00e9rio \u00e9 gratuito. Por fim, fala da c) terceira viagem a Corinto (2Cor 12,19-13,10): Paulo recomenda aos cor\u00edntios se examinarem e avaliem o pr\u00f3prio modo de pensar. A quest\u00e3o do apoio financeiro e os cor\u00edntios precisam se corrigir e chegar \u00e0 maturidade.<\/p>\n<p style=\"text-align: justify;\">Conclus\u00e3o (2Cor 13,11-13): Paulo convoca a comunidade para a unidade e vivam a paz. Conclui com a sauda\u00e7\u00e3o e a f\u00f3rmula trinit\u00e1ria, utilizada ainda nas liturgias de hoje.<\/p>\n","protected":false},"excerpt":{"rendered":"<p>Sobre a cidade de Corinto j\u00e1 vimos na primeira Carta aos Cor\u00edntios. Mas \u00e9 bom relembrar alguns aspectos, tais como: na \u00e9poca a cidade tinha em torno de 500 mil habitantes, dos quais em torno de dois ter\u00e7os eram escravos. Foi destru\u00edda pelos romanos em 147 a.C. e reconstru\u00edda com grande esplendor em 45 a.C. [&hellip;]<\/p>\n","protected":false},"author":16,"featured_media":0,"comment_status":"open","ping_status":"open","sticky":false,"template":"","format":"standard","meta":{"_acf_changed":false,"footnotes":""},"categories":[356],"tags":[],"class_list":["post-70200","post","type-post","status-publish","format-standard","hentry","category-colunista"],"acf":[],"aioseo_notices":[],"_links":{"self":[{"href":"https:\/\/www.paulus.com.br\/portal\/wp-json\/wp\/v2\/posts\/70200","targetHints":{"allow":["GET"]}}],"collection":[{"href":"https:\/\/www.paulus.com.br\/portal\/wp-json\/wp\/v2\/posts"}],"about":[{"href":"https:\/\/www.paulus.com.br\/portal\/wp-json\/wp\/v2\/types\/post"}],"author":[{"embeddable":true,"href":"https:\/\/www.paulus.com.br\/portal\/wp-json\/wp\/v2\/users\/16"}],"replies":[{"embeddable":true,"href":"https:\/\/www.paulus.com.br\/portal\/wp-json\/wp\/v2\/comments?post=70200"}],"version-history":[{"count":1,"href":"https:\/\/www.paulus.com.br\/portal\/wp-json\/wp\/v2\/posts\/70200\/revisions"}],"predecessor-version":[{"id":70201,"href":"https:\/\/www.paulus.com.br\/portal\/wp-json\/wp\/v2\/posts\/70200\/revisions\/70201"}],"wp:attachment":[{"href":"https:\/\/www.paulus.com.br\/portal\/wp-json\/wp\/v2\/media?parent=70200"}],"wp:term":[{"taxonomy":"category","embeddable":true,"href":"https:\/\/www.paulus.com.br\/portal\/wp-json\/wp\/v2\/categories?post=70200"},{"taxonomy":"post_tag","embeddable":true,"href":"https:\/\/www.paulus.com.br\/portal\/wp-json\/wp\/v2\/tags?post=70200"}],"curies":[{"name":"wp","href":"https:\/\/api.w.org\/{rel}","templated":true}]}}