{"id":69571,"date":"2023-11-21T16:00:15","date_gmt":"2023-11-21T19:00:15","guid":{"rendered":"https:\/\/www.paulus.com.br\/portal\/?p=69571"},"modified":"2023-11-21T15:59:08","modified_gmt":"2023-11-21T18:59:08","slug":"57-introducao-ao-apostolo-paulo","status":"publish","type":"post","link":"https:\/\/www.paulus.com.br\/portal\/57-introducao-ao-apostolo-paulo\/","title":{"rendered":"57. Introdu\u00e7\u00e3o ao ap\u00f3stolo Paulo"},"content":{"rendered":"<p style=\"text-align: justify;\">Paulo nasceu em Tarso, capital da Cil\u00edcia, por volta do ano 10 da era crist\u00e3. O ap\u00f3stolo recebe duplo nome: Saulo (nome judaico) e Paulo (de origem latina). Ele pertence \u00e0 tribo de Benjamim e herdou de sua fam\u00edlia a cidadania romana. Ele \u00e9 o grande escritor do Novo Testamento e grande conhecedor da Sagrada Escritura. Terminou sua vida decapitado em Roma. Ele merece um destaque maior por ser autor de v\u00e1rias cartas.<\/p>\n<p style=\"text-align: justify;\">Em Damasco, Paulo teve uma grande reviravolta em sua vida. De perseguidor das comunidades crist\u00e3s, transforma-se no maior organizador de comunidades e maior divulgador do Evangelho. \u00c9 um homem transformado radicalmente por Jesus no caminho de Damasco. Daqui para frente, tudo se torna relativo diante do bem superior que \u00e9 o conhecimento de Cristo (cf. Fl 3,8). Para ele, o an\u00fancio do Evangelho torna-se uma obriga\u00e7\u00e3o (1Cor 9,16).<\/p>\n<blockquote>\n<p style=\"text-align: justify;\">Conforme o costume judaico, Paulo, por volta dos treze anos, foi enviado a Jerusal\u00e9m para estudar os ensinamentos dos judeus e foi aluno de Gamaliel, grande conhecedor da lei. Paulo \u00e9 apresentado ao p\u00fablico pela primeira vez no mart\u00edrio de Est\u00eav\u00e3o (At 7,58). Depois de sua convers\u00e3o, teve certas dificuldades de ser aceito e inclu\u00eddo no grupo dos ap\u00f3stolos. Ele se sobressaiu durante o conc\u00edlio de Jerusal\u00e9m (At 15).<\/p>\n<\/blockquote>\n<p style=\"text-align: justify;\">Paulo n\u00e3o conheceu Jesus pessoalmente, ele prega o Cristo ressuscitado, e o prega nos pequenos grupos que ele ia organizando. Paulo encontrou acolhida em muitas casas das fam\u00edlias. O tema da \u201cigreja dom\u00e9stica\u201d \u00e9 central e fundamental na miss\u00e3o de Paulo. \u00c9 uma Igreja dentro do conv\u00edvio familiar a servi\u00e7o da dignidade das pessoas que nela se re\u00fanem.<\/p>\n<p style=\"text-align: justify;\">Paulo n\u00e3o realiza sozinho sua miss\u00e3o, mas atua com muitos colaboradores: Barnab\u00e9, Marcos, Tim\u00f3teo, Silvano, Lucas, \u00c1quila, Priscila e muitos outros. \u00c9 um homem que sabe trabalhar em equipes. \u00c9 o primeiro pregador dos gentios, isto \u00e9, mundo fora da Palestina (Israel). Paulo assumiu o Reino de Deus como proposta universal, anunciando-o nas cidades greco-romanas. A partir dos centros urbanos, forma uma rede de pequenas comunidades fraternas.<\/p>\n<blockquote>\n<p style=\"text-align: justify;\">A partir da fonte de pesquisa, o biblista Ildo Bohn Gass nos apresenta quatro retratos do ap\u00f3stolo Paulo. Uma imagem \u00e9 a dos Atos dos Ap\u00f3stolos; outra \u00e9 das Cartas aut\u00eanticas; a outra \u00e9 tirada das Cartas deuterocan\u00f4nicas; e, por \u00faltimo, temos a figura de Paulo a partir das Cartas pastorais.<\/p>\n<\/blockquote>\n<p style=\"text-align: justify;\">O livro dos Atos dos Ap\u00f3stolos nos apresenta Paulo um mission\u00e1rio her\u00f3i e itinerante. Ele \u00e9 visto como testemunha e n\u00e3o como ap\u00f3stolo. Ele realizou quatro viagens mission\u00e1rias, fora de Israel. As Cartas aut\u00eanticas, escritas pelo pr\u00f3prio Paulo, nos revelam um trabalhador a servi\u00e7o do evangelho. Ele \u00e9 ap\u00f3stolo que anuncia o evangelho \u00e0s na\u00e7\u00f5es pag\u00e3s, isto \u00e9, que transcendem o territ\u00f3rio palestino. As Cartas deuterocan\u00f4nicas, isto \u00e9, atribu\u00eddas a alguns disc\u00edpulos ou admiradores de Paulo, revelam um te\u00f3logo sistem\u00e1tico. N\u00e3o tratam de temas caros para Paulo e a linguagem tamb\u00e9m \u00e9 bem diferente. As Cartas pastorais, tamb\u00e9m atribu\u00eddas aos disc\u00edpulos ou admiradores de Paulo, escritas bem depois da morte de Paulo, revelam Paulo uma autoridade eclesi\u00e1stica. Descrevem uma Igreja como institui\u00e7\u00e3o hierarquizada. \u00c9 importante distinguir essas v\u00e1rias classifica\u00e7\u00f5es das \u201ccartas paulinas\u201d para n\u00e3o atribuir a Paulo o que, de fato, n\u00e3o disse.<\/p>\n<p style=\"text-align: justify;\">A princ\u00edpio se atribuiu treze escritos ao ap\u00f3stolo Paulo, mas sabemos que muitas cartas atribu\u00eddas a ele, na verdade n\u00e3o s\u00e3o. Assim podemos dividir os escritos de Paulo em tr\u00eas categorias, seguindo a ordem em que se encontram na B\u00edblia: sete cartas aut\u00eanticas: Romanos, 1 e 2 Cor\u00edntios, G\u00e1latas, Filipenses, 1 Tessalonicenses e Fil\u00eamom; tr\u00eas deuterocan\u00f4nicas: Ef\u00e9sios, Colossenses e 2 Tessalonicenses; tr\u00eas cartas pastorais: 1 e 2 Tim\u00f3teo e Tito.<\/p>\n","protected":false},"excerpt":{"rendered":"<p>Paulo nasceu em Tarso, capital da Cil\u00edcia, por volta do ano 10 da era crist\u00e3. O ap\u00f3stolo recebe duplo nome: Saulo (nome judaico) e Paulo (de origem latina). Ele pertence \u00e0 tribo de Benjamim e herdou de sua fam\u00edlia a cidadania romana. Ele \u00e9 o grande escritor do Novo Testamento e grande conhecedor da Sagrada [&hellip;]<\/p>\n","protected":false},"author":16,"featured_media":0,"comment_status":"open","ping_status":"open","sticky":false,"template":"","format":"standard","meta":{"_acf_changed":false,"footnotes":""},"categories":[356],"tags":[],"class_list":["post-69571","post","type-post","status-publish","format-standard","hentry","category-colunista"],"acf":[],"aioseo_notices":[],"_links":{"self":[{"href":"https:\/\/www.paulus.com.br\/portal\/wp-json\/wp\/v2\/posts\/69571","targetHints":{"allow":["GET"]}}],"collection":[{"href":"https:\/\/www.paulus.com.br\/portal\/wp-json\/wp\/v2\/posts"}],"about":[{"href":"https:\/\/www.paulus.com.br\/portal\/wp-json\/wp\/v2\/types\/post"}],"author":[{"embeddable":true,"href":"https:\/\/www.paulus.com.br\/portal\/wp-json\/wp\/v2\/users\/16"}],"replies":[{"embeddable":true,"href":"https:\/\/www.paulus.com.br\/portal\/wp-json\/wp\/v2\/comments?post=69571"}],"version-history":[{"count":1,"href":"https:\/\/www.paulus.com.br\/portal\/wp-json\/wp\/v2\/posts\/69571\/revisions"}],"predecessor-version":[{"id":69572,"href":"https:\/\/www.paulus.com.br\/portal\/wp-json\/wp\/v2\/posts\/69571\/revisions\/69572"}],"wp:attachment":[{"href":"https:\/\/www.paulus.com.br\/portal\/wp-json\/wp\/v2\/media?parent=69571"}],"wp:term":[{"taxonomy":"category","embeddable":true,"href":"https:\/\/www.paulus.com.br\/portal\/wp-json\/wp\/v2\/categories?post=69571"},{"taxonomy":"post_tag","embeddable":true,"href":"https:\/\/www.paulus.com.br\/portal\/wp-json\/wp\/v2\/tags?post=69571"}],"curies":[{"name":"wp","href":"https:\/\/api.w.org\/{rel}","templated":true}]}}