{"id":65407,"date":"2022-12-31T08:35:56","date_gmt":"2022-12-31T11:35:56","guid":{"rendered":"https:\/\/www.paulus.com.br\/portal\/?p=65407"},"modified":"2022-12-31T09:17:04","modified_gmt":"2022-12-31T12:17:04","slug":"papa-bento-xvi-um-construtor-de-pontes-entre-os-mundos","status":"publish","type":"post","link":"https:\/\/www.paulus.com.br\/portal\/papa-bento-xvi-um-construtor-de-pontes-entre-os-mundos\/","title":{"rendered":"Papa Bento XVI: um construtor de pontes entre os mundos"},"content":{"rendered":"<p><img loading=\"lazy\" decoding=\"async\" class=\"alignnone size-full wp-image-65429\" src=\"https:\/\/www.paulus.com.br\/portal\/wp-content\/uploads\/2024\/12\/bento-xvi.jpg\" alt=\"\" width=\"750\" height=\"350\" srcset=\"https:\/\/www.paulus.com.br\/portal\/wp-content\/uploads\/2024\/12\/bento-xvi.jpg 750w, https:\/\/www.paulus.com.br\/portal\/wp-content\/uploads\/2024\/12\/bento-xvi-300x140.jpg 300w, https:\/\/www.paulus.com.br\/portal\/wp-content\/uploads\/2024\/12\/bento-xvi-120x56.jpg 120w, https:\/\/www.paulus.com.br\/portal\/wp-content\/uploads\/2024\/12\/bento-xvi-90x42.jpg 90w, https:\/\/www.paulus.com.br\/portal\/wp-content\/uploads\/2024\/12\/bento-xvi-180x84.jpg 180w\" sizes=\"auto, (max-width: 750px) 100vw, 750px\" \/><\/p>\n<p style=\"text-align: justify;\"><em>\u201cUm construtor de pontes entre os mundos\u201d<\/em>, assim o Papa em\u00e9rito Bento XVI foi definido por seu bi\u00f3grafo, o jornalista b\u00e1varo Peter Seewald. Neste s\u00e1bado, 31 de dezembro, a Igreja Cat\u00f3lica se despede do papa em\u00e9rito Bento XVI, que faleceu \u00e0s 9h34, no Mosteiro Mater Ecclesiae, em Roma, aos 95 anos. Na \u00faltima quarta-feira (28), o Papa Francisco havia pedido ora\u00e7\u00f5es pelo papa em\u00e9rito, pois seu estado de sa\u00fade havia se agravado.<\/p>\n<p style=\"text-align: justify;\">Joseph Ratzinger nasceu no dia 16 de abril de 1927, em uma pequena vila na Baviera, regi\u00e3o muito cat\u00f3lica da Alemanha. Era filho de Maria e Joseph. Bento XVI nasceu em um s\u00e1bado de Aleluia e foi batizado em um domingo de P\u00e1scoa. Ele tinha dois irm\u00e3os, Maria e Georg. Durante a sua inf\u00e2ncia, foi um grande aluno, era considerado entre os seus colegas de turma o primeiro da classe. \u201cO jovem romanticamente talentoso e sonhador queria ver, sentir, admirar, comover-se\u201d, afirma seu bi\u00f3grafo sobre o jovem Ratzinger.<\/p>\n<p style=\"text-align: justify;\">Desde muito jovem, Ratzinger j\u00e1 dizia: \u201cum dia serei cardeal\u201d. Com o irm\u00e3o, Georg Ratzinger, Joseph entrou para um semin\u00e1rio cat\u00f3lico. Em 29 de junho de 1951, foram ordenados sacerdotes pelo Arcebispo de Munique.\u00a0A partir de 1952 iniciou a sua carreira como professor de Filosofia e Teologia, lecionando teologia dogm\u00e1tica e fundamental. Em 1953, obteve o doutorado em teologia e em 1969, passou a ser catedr\u00e1tico de dogm\u00e1tica e hist\u00f3ria do dogma na Universidade de Ratisbona.<\/p>\n<p style=\"text-align: justify;\">Ratzinger foi nomeado arcebispo de Munique e Frisinga em 25 de mar\u00e7o de 1977, pelo Papa S\u00e3o Paulo VI, e elevado a cardeal em 27 de junho do mesmo ano. Em 1981, foi nomeado prefeito da Congrega\u00e7\u00e3o para a Doutrina da F\u00e9 pelo Papa S\u00e3o Jo\u00e3o Paulo II, cargo que manteve at\u00e9 o falecimento do seu predecessor.<\/p>\n<p style=\"text-align: justify;\">Em 2005, foi eleito papa e escolheu o nome de Bento XVI, substituindo S\u00e3o Jo\u00e3o Paulo II. Ele esteve no Brasil entre 9 e 13 de maio de 2007, onde deu in\u00edcio \u00e0 Confer\u00eancia Geral do CELAM, em Aparecida (SP). O Papa presidiu a cerim\u00f4nia de canoniza\u00e7\u00e3o de Santo Ant\u00f4nio de Sant&#8217;Ana Galv\u00e3o no Campo de Marte, S\u00e3o Paulo e celebrou com centenas de jovens no Est\u00e1dio do Pacaembu, na capital paulista. Em 11 de fevereiro de 2013, surpreendendo o mundo todo, anunciou sua ren\u00fancia. No Consist\u00f3rio realizado naquela data, o ent\u00e3o Pont\u00edfice anunciou: \u201cEstou bem consciente de que este minist\u00e9rio, pela sua ess\u00eancia espiritual, deve ser cumprido n\u00e3o s\u00f3 com as obras e com as palavras, mas tamb\u00e9m e igualmente sofrendo e rezando\u201d. Em 28 de fevereiro deste mesmo ano, passou a ser o Papa em\u00e9rito, sendo sucedido pelo Papa Francisco, eleito em 13 de mar\u00e7o.<\/p>\n<p style=\"text-align: justify;\">Foi assim que o Papa Bento XVI viveu seus \u00faltimos anos de vida: em ora\u00e7\u00e3o por toda Igreja e por seu sucessor, mas tamb\u00e9m seguiu produzindo. Deu in\u00edcio ao pr\u00eamio Joseph Ratzinger, semelhante a um pr\u00eamio Nobel de Teologia, e fundou uma institui\u00e7\u00e3o para apoio do jornalismo cat\u00f3lico. Seu sucessor sempre destacou a sabedoria de Bento XVI e que o Papa em\u00e9rito estava \u201csobre meus ombros e minhas costas com sua ora\u00e7\u00e3o\u201d, declarou o Santo Padre.<\/p>\n<p style=\"text-align: justify;\">O Papa Bento XVI deixa-nos um legado imenso, com sua valiosa contribui\u00e7\u00e3o na \u00e1rea da Teologia, com importantes produ\u00e7\u00f5es, mas tamb\u00e9m com todos os ensinamentos durante seu minist\u00e9rio petrino. \u201cN\u00e3o \u00e9 preciso concordar com todos os seus posicionamentos. Contudo, indubitavelmente, pode-se dizer que Joseph Ratzinger \u00e9 n\u00e3o apenas um importante estudioso, presumivelmente o maior dos te\u00f3logos que alguma vez sentou-se na c\u00e1tedra de Pedro, mas tamb\u00e9m um mestre espiritual que convence por sua sinceridade e autenticidade\u201d, afirma Peter Seewald no pref\u00e1cio da obra Bento XVI &#8211; a vida.<\/p>\n<p style=\"text-align: justify;\">Confira a seguir os t\u00edtulos que abordam o pontificado e magist\u00e9rio do Papa Bento XVI publicados pela PAULUS Editora, bem como os t\u00edtulos escritos por Joseph Ratzinger, antes e depois de seu pontificado. S\u00e3o t\u00edtulos indispens\u00e1veis para aqueles que desejam conhecer mais a obra deste grande te\u00f3logo da nossa Igreja de todos os tempos. Confira:<\/p>\n<p><a href=\"https:\/\/www.paulus.com.br\/portal\/releases\/box-bento-xvi-a-vida\/#.YfveGurMJPY\" target=\"_blank\" rel=\"noopener\"><strong>Box Bento XVI \u2013 A vida<\/strong><\/a><\/p>\n<p style=\"text-align: justify;\"><img loading=\"lazy\" decoding=\"async\" class=\"alignleft wp-image-59585 \" src=\"https:\/\/www.paulus.com.br\/portal\/wp-content\/uploads\/2021\/12\/Box_Bento_XVI-212x300.jpg\" alt=\"\" width=\"162\" height=\"243\" \/><\/p>\n<p style=\"text-align: justify;\">Na obra \u201cBento XVI \u2013 a vida\u201d, o leitor acompanha os detalhes e pormenores da vida daquele que \u00e9 considerado um dos te\u00f3logos e pensadores mais importantes de nossa \u00e9poca. O autor tamb\u00e9m aborda temas delicados, como os esc\u00e2ndalos vividos pela Igreja durante o papado de Bento XVI e os motivos que o fizeram renunciar. Seewald contextualiza os per\u00edodos relatados na obra, numa envolvente narrativa. A publica\u00e7\u00e3o est\u00e1 dividida em dois volumes, compostos por 74 cap\u00edtulos, al\u00e9m de trazer fotografias de diversos momentos da vida do pont\u00edfice. Para a produ\u00e7\u00e3o da herc\u00falea biografia, Seewald fez mais de 2 mil perguntas ao biografado ao longo de 30 anos de conv\u00edvio.\u00a0<a href=\"https:\/\/www.paulus.com.br\/portal\/releases\/box-bento-xvi-a-vida\/#.YfveGurMJPY\" target=\"_blank\" rel=\"noopener\">Saiba mais.<\/a><\/p>\n<p><strong><br \/>\n<a href=\"https:\/\/www.paulus.com.br\/portal\/releases\/bento-xvi-a-igreja-catolica-e-o-espirito-da-modernidade-uma-analise-da-visao-do-papa-teologo-sobre-o-mundo-de-hoje\/#.YfveHOrMJPY\" target=\"_blank\" rel=\"noopener\">Bento XVI, a Igreja Cat\u00f3lica e o \u201cEsp\u00edrito da Modernidade\u201d \u2013 uma an\u00e1lise da vis\u00e3o do Papa Te\u00f3logo sobre o \u201cmundo de hoje\u201d<\/a><\/strong><\/p>\n<p style=\"text-align: justify;\"><img loading=\"lazy\" decoding=\"async\" class=\"alignleft wp-image-60230\" src=\"https:\/\/www.paulus.com.br\/portal\/wp-content\/uploads\/2022\/02\/bentoXVI_espirito_modernidade-198x300.jpg\" alt=\"\" width=\"151\" height=\"250\" \/><\/p>\n<p style=\"text-align: justify;\">Escrito por Rudy Albino de Assun\u00e7\u00e3o, o livro Bento XVI, a Igreja Cat\u00f3lica e o \u201cEsp\u00edrito da Modernidade\u201d \u2013 uma an\u00e1lise da vis\u00e3o do Papa Te\u00f3logo sobre o \u201cmundo de hoje\u201d \u00e9 fruto de sua tese de doutorado do autor e oferece um poderoso exame sociol\u00f3gico da teoria da modernidade n\u00e3o apenas do te\u00f3logo que se tornou Papa, mas do Papa que nunca deixou de ser te\u00f3logo. Assun\u00e7\u00e3o alicer\u00e7a seu estudo no principal recurso anal\u00edtico da sociologia da religi\u00e3o de orienta\u00e7\u00e3o weberiana: a seculariza\u00e7\u00e3o. Ele mostra que a teoria weberiana \u00e9 bidimensional e contempla tanto os processos de ruptura quanto de continuidade entre cristandade e modernidade. <a href=\"https:\/\/www.paulus.com.br\/portal\/releases\/bento-xvi-a-igreja-catolica-e-o-espirito-da-modernidade-uma-analise-da-visao-do-papa-teologo-sobre-o-mundo-de-hoje\/#.YfveHOrMJPY\" target=\"_blank\" rel=\"noopener\">Saiba mais.<\/a><\/p>\n<p>&nbsp;<\/p>\n<p><a href=\"https:\/\/www.paulus.com.br\/loja\/enciclicas-de-bento-xvi_p_6602.html\" target=\"_blank\" rel=\"noopener\"><strong>Enc\u00edclicas de Bento XVI<\/strong><\/a><\/p>\n<p style=\"text-align: justify;\"><img loading=\"lazy\" decoding=\"async\" class=\"alignleft wp-image-60231\" src=\"https:\/\/www.paulus.com.br\/portal\/wp-content\/uploads\/2022\/02\/enciclicas_bento-186x300.jpg\" alt=\"\" width=\"134\" height=\"232\" \/><\/p>\n<p>&nbsp;<\/p>\n<p style=\"text-align: justify;\">O presente volume da cole\u00e7\u00e3o \u201cDocumentos da Igreja\u201d, com organiza\u00e7\u00e3o e apresenta\u00e7\u00e3o de Rudy Albino de Assun\u00e7\u00e3o, re\u00fane as Cartas Enc\u00edclicas Deus caritas est, \u201cSpe salvi\u201d e \u201cCaritas in veritate\u201d, redigidas por Bento XVI ao longo de seu pontificado (de 19 de abril de 2005 a 28 de fevereiro de 2013), e \u201cLumen Fidei\u201d, publicada em 5 de julho de 2013, considerada, ao mesmo tempo, a \u00faltima enc\u00edclica de Bento XVI e a primeira de Francisco, tendo sido a primeira enc\u00edclica redigida por dois papas. <a href=\"https:\/\/www.paulus.com.br\/loja\/enciclicas-de-bento-xvi_p_6602.html\" target=\"_blank\" rel=\"noopener\">Saiba mais.<\/a><\/p>\n<p>&nbsp;<\/p>\n<p><a href=\"https:\/\/www.paulus.com.br\/portal\/releases\/paulus-lanca-obra-que-reune-valores-e-ensinamentos-de-bento-xvi\/#.YfveIerMJPY\" target=\"_blank\" rel=\"noopener\"><strong>Bento XVI \u2013 Minha Heran\u00e7a Espiritual<\/strong><\/a><\/p>\n<p style=\"text-align: justify;\"><img loading=\"lazy\" decoding=\"async\" class=\"alignleft wp-image-9248\" src=\"https:\/\/www.paulus.com.br\/portal\/wp-content\/uploads\/2013\/03\/Minha-Heranca-Espiritual-Capa-189x300.jpg\" alt=\"\" width=\"152\" height=\"251\" \/><\/p>\n<p>&nbsp;<\/p>\n<p style=\"text-align: justify;\">O livro \u201cBento XVI \u2013 Minha Heran\u00e7a Espiritual\u201d re\u00fane uma s\u00edntese dos valores e fundamentos de seu rico e valioso magist\u00e9rio. A obra \u00e9 dividida em seis partes. Nela, h\u00e1 diversos ensinamentos que Bento XVI deixou nestes anos de pontificado, sendo o mais urgente deles o convite para buscar a Deus e tamb\u00e9m a ser testemunhas aut\u00eanticas da f\u00e9. Ao decorrer das p\u00e1ginas, o leitor encontrar\u00e1 temas como, fundamentos em Cristo, na escola de Maria, na f\u00e9 da igreja, nutridos pela ora\u00e7\u00e3o e como complemento a cronologia de sua trajet\u00f3ria. <a href=\"https:\/\/www.paulus.com.br\/portal\/releases\/paulus-lanca-obra-que-reune-valores-e-ensinamentos-de-bento-xvi\/#.YfveIerMJPY\" target=\"_blank\" rel=\"noopener\">Saiba mais.<\/a><\/p>\n<p>&nbsp;<\/p>\n<p><a href=\"https:\/\/www.paulus.com.br\/portal\/releases\/liberar-a-liberdade-fe-e-politica-no-terceiro-milenio\/#.YfveROrMJPY\" target=\"_blank\" rel=\"noopener\"><strong>Liberar a Liberdade \u2013 F\u00e9 e pol\u00edtica no terceiro mil\u00eanio<\/strong><\/a><\/p>\n<p style=\"text-align: justify;\"><img loading=\"lazy\" decoding=\"async\" class=\"alignleft wp-image-48405\" src=\"https:\/\/www.paulus.com.br\/portal\/wp-content\/uploads\/2019\/09\/Liberar-a-liberdade-CAPA-p-1-182x300.jpg\" alt=\"\" width=\"144\" height=\"259\" \/>A PAULUS Editora apresenta a obra \u201cLiberar a Liberdade \u2013 F\u00e9 e pol\u00edtica no terceiro mil\u00eanio\u201d, escrita por um dos maiores intelectuais da doutrina cat\u00f3lica da atualidade, Joseph Ratzinger \u2013 Bento XVI. O pref\u00e1cio, escrito pelo Papa Francisco, enfatiza que o tema da rela\u00e7\u00e3o entre f\u00e9 e pol\u00edtica, sempre esteve no centro das aten\u00e7\u00f5es de Joseph Ratzinger, atravessando todo o seu caminho intelectual e humano. O livro convida o leitor a meditar sobre a rela\u00e7\u00e3o entre f\u00e9 e pol\u00edtica, especialmente sobre uma a\u00e7\u00e3o pol\u00edtica que coloque a fam\u00edlia, a solidariedade e a igualdade no centro de sua aten\u00e7\u00e3o e programa\u00e7\u00e3o. <a href=\"https:\/\/www.paulus.com.br\/portal\/releases\/liberar-a-liberdade-fe-e-politica-no-terceiro-milenio\/#.YfveROrMJPY\" target=\"_blank\" rel=\"noopener\">Saiba mais.<\/a><\/p>\n<p>&nbsp;<\/p>\n<p style=\"text-align: justify;\"><strong><a href=\"https:\/\/www.paulus.com.br\/portal\/releases\/paulus-lanca-titulo-de-bento-xvi-sobre-a-fe-mariana\/#.Y62uWHbMKUk\" target=\"_blank\" rel=\"noopener\">A filha de Si\u00e3o &#8211;\u00a0A devo\u00e7\u00e3o mariana na Igreja<\/a><\/strong><\/p>\n<p style=\"text-align: justify;\"><img loading=\"lazy\" decoding=\"async\" class=\"alignleft wp-image-13032\" src=\"https:\/\/www.paulus.com.br\/portal\/wp-content\/uploads\/2013\/08\/cid_30EB21DF-0312-473A-BBEB-0AAD1DE80311@paulus-193x300.jpg\" alt=\"\" width=\"159\" height=\"254\" \/><\/p>\n<p>&nbsp;<\/p>\n<p style=\"text-align: justify;\">Esta obra representa a reprodu\u00e7\u00e3o de tr\u00eas confer\u00eancias feitas por Joseph Ratzinger na primavera de 1975, em Puchberg, pr\u00f3ximo a Linz, na \u00c1ustria. De acordo com Bento XVI, ap\u00f3s anos de decl\u00ednio do culto mariano na Igreja, houve um desejo a constatar, da maneira mais s\u00f3bria poss\u00edvel, sobre o que havia efetivamente permanecido da f\u00e9 mariana e o que deveria continuar a permanecer.\u00a0\u201cEspero que esse pequeno livro possa, \u00e0 sua maneira, contribuir para que aquilo que h\u00e1 de imperec\u00edvel na f\u00e9 mariana da Igreja seja novamente compreendido e assumido\u201d, manifesta Joseph Ratzinger. <a href=\"https:\/\/www.paulus.com.br\/portal\/releases\/paulus-lanca-titulo-de-bento-xvi-sobre-a-fe-mariana\/#.Y62uWHbMKUk\" target=\"_blank\" rel=\"noopener\">Saiba mais.\u00a0<\/a><\/p>\n<p>&nbsp;<\/p>\n<p><a href=\"https:\/\/www.paulus.com.br\/portal\/releases\/deus-no-espaco-publico-escritos-sobre-europa-politica-economia-e-cultura\/#.Y62-gXbMKUk\" target=\"_blank\" rel=\"noopener\"><strong>Deus no espa\u00e7o p\u00fablico: Escritos sobre Europa, pol\u00edtica, economia e cultura<\/strong><\/a><\/p>\n<p style=\"text-align: justify;\"><img loading=\"lazy\" decoding=\"async\" class=\"alignleft wp-image-63219\" src=\"https:\/\/www.paulus.com.br\/portal\/wp-content\/uploads\/2022\/07\/9786555626285-193x300.jpg\" alt=\"\" width=\"146\" height=\"238\" \/>Organizado por Rudy Albino de Assun\u00e7\u00e3o,\u00a0 a publica\u00e7\u00e3o oferece alguns escritos de Joseph Ratzinger sobre os temas: Europa, pol\u00edtica, economia e cultura.\u00a0Na obra, o organizador enfatiza que Papa em\u00e9rito n\u00e3o tratou apenas de temas especificamente ligados \u00e0 vida interna da Igreja Cat\u00f3lica, pelo contr\u00e1rio, no per\u00edodo de sua atua\u00e7\u00e3o como Prefeito da Congrega\u00e7\u00e3o para a Doutrina da F\u00e9 \u2013 entre a d\u00e9cada de 1980 e 2000, sempre esteve atento aos diversos problemas pol\u00edticos, econ\u00f4micos e culturais que o mundo enfrentava, sobretudo na Europa. A preocupa\u00e7\u00e3o central de Joseph Ratzinger concentra-se na reflex\u00e3o da defesa do papel de Deus nos debates dos espa\u00e7os p\u00fablicos. <a href=\"https:\/\/www.paulus.com.br\/portal\/releases\/deus-no-espaco-publico-escritos-sobre-europa-politica-economia-e-cultura\/#.Y62-gXbMKUk\" target=\"_blank\" rel=\"noopener\">Saiba mais.\u00a0<\/a><\/p>\n<p>&nbsp;<\/p>\n<p><a href=\"https:\/\/www.paulus.com.br\/portal\/releases\/a-grande-esperanca-textos-escolhidos-sobre-escatologia\/#.Y62-hnbMKUk\" target=\"_blank\" rel=\"noopener\"><strong>A grande esperan\u00e7a \u2013 Textos escolhidos sobre escatologia<\/strong><\/a><\/p>\n<p style=\"text-align: justify;\"><img loading=\"lazy\" decoding=\"async\" class=\"alignleft wp-image-50450\" src=\"https:\/\/www.paulus.com.br\/portal\/wp-content\/uploads\/2020\/03\/9788534950718-193x300.jpg\" alt=\"\" width=\"161\" height=\"250\" srcset=\"https:\/\/www.paulus.com.br\/portal\/wp-content\/uploads\/2020\/03\/9788534950718-193x300.jpg 193w, https:\/\/www.paulus.com.br\/portal\/wp-content\/uploads\/2020\/03\/9788534950718-109x170.jpg 109w, https:\/\/www.paulus.com.br\/portal\/wp-content\/uploads\/2020\/03\/9788534950718-90x140.jpg 90w, https:\/\/www.paulus.com.br\/portal\/wp-content\/uploads\/2020\/03\/9788534950718-154x240.jpg 154w, https:\/\/www.paulus.com.br\/portal\/wp-content\/uploads\/2020\/03\/9788534950718.jpg 450w\" sizes=\"auto, (max-width: 161px) 100vw, 161px\" \/><br \/>\nA publica\u00e7\u00e3o busca oferecer aos leitores algumas amostras mais amplas da teologia do Papa Em\u00e9rito Bento XVI sobre a Escatologia.\u00a0De acordo com o organizador Rudy Albino, o magist\u00e9rio pontif\u00edcio de Joseph Ratzinger, marcado pela profundidade e clareza, levou muitos a buscarem na sua teologia uma forma realmente cat\u00f3lica de entender a Deus e o mundo. Este volume de textos concentra-se na \u00e1rea da Escatologia, onde reflete sobre o destino \u00faltimo do homem. Os artigos ajudam a compreender aquele que \u00e9 um dos seus mais importantes textos pontif\u00edcios, a Carta Enc\u00edclica Spe salvi, sobre esperan\u00e7a crist\u00e3. <a href=\"https:\/\/www.paulus.com.br\/portal\/releases\/a-grande-esperanca-textos-escolhidos-sobre-escatologia\/#.Y62-hnbMKUk\" target=\"_blank\" rel=\"noopener\">Saiba mais.<\/a><\/p>\n<p>&nbsp;<\/p>\n<p><strong><a href=\"https:\/\/www.paulus.com.br\/portal\/releases\/terceiro-titulo-da-colecao-catequese-do-papa-aborda-os-primeiros-padres-da-igreja\/#.Y63Ob3bMKUk\" target=\"_blank\" rel=\"noopener\">Os Padres da Igreja \u2013 de Clemente Romano a Santo Agostinho<\/a><\/strong><\/p>\n<p style=\"text-align: justify;\"><img loading=\"lazy\" decoding=\"async\" class=\"alignleft size-medium wp-image-4095\" src=\"https:\/\/www.paulus.com.br\/portal\/wp-content\/uploads\/2012\/09\/padres_da_igreja-192x300.jpg\" alt=\"\" width=\"192\" height=\"300\" srcset=\"https:\/\/www.paulus.com.br\/portal\/wp-content\/uploads\/2012\/09\/padres_da_igreja-192x300.jpg 192w, https:\/\/www.paulus.com.br\/portal\/wp-content\/uploads\/2012\/09\/padres_da_igreja-658x1024.jpg 658w, https:\/\/www.paulus.com.br\/portal\/wp-content\/uploads\/2012\/09\/padres_da_igreja-109x170.jpg 109w, https:\/\/www.paulus.com.br\/portal\/wp-content\/uploads\/2012\/09\/padres_da_igreja-90x140.jpg 90w, https:\/\/www.paulus.com.br\/portal\/wp-content\/uploads\/2012\/09\/padres_da_igreja-154x240.jpg 154w\" sizes=\"auto, (max-width: 192px) 100vw, 192px\" \/>Os Padres da Igreja \u2013 de Clemente Romano a Santo Agostinho re\u00fane as catequeses que o papa Bento XVI quis dedicar aos mais importantes escritores eclesi\u00e1sticos dos primeiros quatro s\u00e9culos crist\u00e3os. O Santo Padre, com a vivacidade da linguagem falada, abre uma fascinante galeria de 26 quadros, cada um deles dedicado a um autor das origens crist\u00e3s. Segue principalmente em ordem cronol\u00f3gica \u2014 dos Padres apost\u00f3licos e apologetas at\u00e9 os grandes padres que viveram entre o s\u00e9culo III e as primeiras d\u00e9cadas do s\u00e9culo V \u2014, considerando tanto as Igrejas do Ocidente como do Oriente. Esta cole\u00e7\u00e3o tamb\u00e9m apresenta as obras &#8220;<a href=\"https:\/\/loja.paulus.com.br\/paulo-os-seus-colaboradores-e-as-suas-comunidades\/p\" target=\"_blank\" rel=\"noopener\">Paulo &#8211;\u00a0Os seus colaboradores e as suas comunidades<\/a>&#8220;, &#8220;<a href=\"https:\/\/loja.paulus.com.br\/doutores-da-igreja\/p\" target=\"_blank\" rel=\"noopener\">Doutores da Igreja<\/a>&#8221; e &#8220;<a href=\"https:\/\/loja.paulus.com.br\/jesus-em-oracao\/p\" target=\"_blank\" rel=\"noopener\">Jesus em ora\u00e7\u00e3o<\/a>&#8220;.\u00a0 <a href=\"https:\/\/www.paulus.com.br\/portal\/releases\/terceiro-titulo-da-colecao-catequese-do-papa-aborda-os-primeiros-padres-da-igreja\/#.Y63Ob3bMKUk\" target=\"_blank\" rel=\"noopener\">Saiba mais.\u00a0<\/a><\/p>\n","protected":false},"excerpt":{"rendered":"<p>\u201cUm construtor de pontes entre os mundos\u201d, assim o Papa em\u00e9rito Bento XVI foi definido por seu bi\u00f3grafo, o jornalista b\u00e1varo Peter Seewald. Neste s\u00e1bado, 31 de dezembro, a Igreja Cat\u00f3lica se despede do papa em\u00e9rito Bento XVI, que faleceu \u00e0s 9h34, no Mosteiro Mater Ecclesiae, em Roma, aos 95 anos. Na \u00faltima quarta-feira (28), [&hellip;]<\/p>\n","protected":false},"author":3,"featured_media":65430,"comment_status":"open","ping_status":"open","sticky":false,"template":"","format":"standard","meta":{"_acf_changed":false,"footnotes":""},"categories":[15],"tags":[],"class_list":["post-65407","post","type-post","status-publish","format-standard","has-post-thumbnail","hentry","category-noticias"],"acf":[],"aioseo_notices":[],"_links":{"self":[{"href":"https:\/\/www.paulus.com.br\/portal\/wp-json\/wp\/v2\/posts\/65407","targetHints":{"allow":["GET"]}}],"collection":[{"href":"https:\/\/www.paulus.com.br\/portal\/wp-json\/wp\/v2\/posts"}],"about":[{"href":"https:\/\/www.paulus.com.br\/portal\/wp-json\/wp\/v2\/types\/post"}],"author":[{"embeddable":true,"href":"https:\/\/www.paulus.com.br\/portal\/wp-json\/wp\/v2\/users\/3"}],"replies":[{"embeddable":true,"href":"https:\/\/www.paulus.com.br\/portal\/wp-json\/wp\/v2\/comments?post=65407"}],"version-history":[{"count":13,"href":"https:\/\/www.paulus.com.br\/portal\/wp-json\/wp\/v2\/posts\/65407\/revisions"}],"predecessor-version":[{"id":65437,"href":"https:\/\/www.paulus.com.br\/portal\/wp-json\/wp\/v2\/posts\/65407\/revisions\/65437"}],"wp:featuredmedia":[{"embeddable":true,"href":"https:\/\/www.paulus.com.br\/portal\/wp-json\/wp\/v2\/media\/65430"}],"wp:attachment":[{"href":"https:\/\/www.paulus.com.br\/portal\/wp-json\/wp\/v2\/media?parent=65407"}],"wp:term":[{"taxonomy":"category","embeddable":true,"href":"https:\/\/www.paulus.com.br\/portal\/wp-json\/wp\/v2\/categories?post=65407"},{"taxonomy":"post_tag","embeddable":true,"href":"https:\/\/www.paulus.com.br\/portal\/wp-json\/wp\/v2\/tags?post=65407"}],"curies":[{"name":"wp","href":"https:\/\/api.w.org\/{rel}","templated":true}]}}