{"id":63800,"date":"2022-09-06T17:17:27","date_gmt":"2022-09-06T20:17:27","guid":{"rendered":"https:\/\/www.paulus.com.br\/portal\/?p=63800"},"modified":"2022-09-08T11:49:12","modified_gmt":"2022-09-08T14:49:12","slug":"titulos-da-paulus-editora-para-refletir-o-dia-mundial-de-prevencao-ao-suicidio","status":"publish","type":"post","link":"https:\/\/www.paulus.com.br\/portal\/titulos-da-paulus-editora-para-refletir-o-dia-mundial-de-prevencao-ao-suicidio\/","title":{"rendered":"T\u00edtulos da PAULUS Editora para refletir o Dia Mundial de Preven\u00e7\u00e3o ao Suic\u00eddio"},"content":{"rendered":"<p>&nbsp;<\/p>\n<p><img loading=\"lazy\" decoding=\"async\" class=\"alignnone size-full wp-image-63820\" src=\"https:\/\/www.paulus.com.br\/portal\/wp-content\/uploads\/2022\/09\/banner_dicas_suicidio-3.jpg\" alt=\"\" width=\"750\" height=\"350\" srcset=\"https:\/\/www.paulus.com.br\/portal\/wp-content\/uploads\/2022\/09\/banner_dicas_suicidio-3.jpg 750w, https:\/\/www.paulus.com.br\/portal\/wp-content\/uploads\/2022\/09\/banner_dicas_suicidio-3-300x140.jpg 300w, https:\/\/www.paulus.com.br\/portal\/wp-content\/uploads\/2022\/09\/banner_dicas_suicidio-3-120x56.jpg 120w, https:\/\/www.paulus.com.br\/portal\/wp-content\/uploads\/2022\/09\/banner_dicas_suicidio-3-90x42.jpg 90w, https:\/\/www.paulus.com.br\/portal\/wp-content\/uploads\/2022\/09\/banner_dicas_suicidio-3-180x84.jpg 180w\" sizes=\"auto, (max-width: 750px) 100vw, 750px\" \/><\/p>\n<p style=\"text-align: center;\"><em>Setembro Amarelo: M\u00eas de defesa e valoriza\u00e7\u00e3o \u00e0 vida<\/em><\/p>\n<p style=\"text-align: justify;\">No m\u00eas de setembro, dedicado \u00e0 preven\u00e7\u00e3o do suic\u00eddio, a PAULUS Editora apresenta algumas publica\u00e7\u00f5es que auxiliam na reflex\u00e3o do tema e convidam os leitores a repensar sobre a import\u00e2ncia da luta em defesa e valoriza\u00e7\u00e3o da vida. O \u201cDia Mundial de Preven\u00e7\u00e3o ao Suic\u00eddio\u201d \u00e9 lembrado oficialmente no dia 10 de setembro em todo o mundo.<\/p>\n<p style=\"text-align: justify;\">No Brasil, a conscientiza\u00e7\u00e3o sobre o tema conhecida tamb\u00e9m como \u201cA campanha setembro amarelo\u201d, \u00e9 realizada pela Associa\u00e7\u00e3o Brasileira de Psiquiatria \u2013 ABP, em parceria com o Conselho Federal de Medicina \u2013 CFM, desde 2014. Sendo uma iniciativa que acontece n\u00e3o apenas nesta data, mas durante o ano inteiro. Para 2022, o lema \u00e9 \u201cA vida \u00e9 a melhor escolha\u201d.<\/p>\n<p style=\"text-align: justify;\">Para auxiliar nesta campanha em prol da vida, a PAULUS Editora destaca obras que falam sobre essa realidade que atinge pessoas de diferentes idades. Segundo dados do Anu\u00e1rio Brasileiro de Seguran\u00e7a P\u00fablica, em 2020, 12.895 pessoas cometeram suic\u00eddio no Brasil. Trata-se de um ato desesperado e extremo, que dilacera fam\u00edlias e desafia profissionais da \u00e1rea da sa\u00fade mental.<\/p>\n<p style=\"text-align: justify;\">Logo, o tema da sa\u00fade mental merece especial aten\u00e7\u00e3o e acompanhamento s\u00e9rio por parte de amigos e familiares. Entre as obras da PAULUS em destaque, est\u00e3o: &#8220;Quando a vontade de viver vai embora&#8221;, um livro escrito pelos l\u00edderes religiosos padre Thiago Faccini Paro e o Pastor Christopher Marques. \u00a0Neste livro, os autores se unem para abordar um tema que toca a todos: o sentido da vida.<\/p>\n<p style=\"text-align: justify;\">Segundo os idealizadores, independente de pensamentos, religi\u00e3o, ra\u00e7a, cor, origem, nacionalidades, classes sociais e estilos de vida, todo ser humano est\u00e1 propenso ao sofrimento, \u00e0s imperfei\u00e7\u00f5es e limita\u00e7\u00f5es. Os autores enfatizam que ningu\u00e9m \u00e9 feliz o tempo todo, portanto, \u00e9 necess\u00e1rio estarmos atentos e dispostos a redescobrir o sentido da vida. Outros t\u00edtulos da editora como \u201cAl\u00edvio para o sofrimento e a depress\u00e3o &#8211; O papel da compreens\u00e3o e da f\u00e9\u201d e \u201cO que \u00e9 depress\u00e3o? &#8211; Um guia para crian\u00e7as que convivem com pessoas deprimidas\u201d, convidam os leitores de diferentes idades e, at\u00e9 mesmo as crian\u00e7as, a refletirem sobre o que \u00e9 a depress\u00e3o, suas causas, efeitos e solu\u00e7\u00f5es. Confira!<\/p>\n<p><a href=\"https:\/\/www.paulus.com.br\/loja\/quando-a-vontade-de-viver-vai-embora_p_5235.html\"><strong>Quando a vontade de viver vai embora<\/strong><\/a><\/p>\n<p><img loading=\"lazy\" decoding=\"async\" class=\"wp-image-63803 alignleft\" src=\"https:\/\/www.paulus.com.br\/portal\/wp-content\/uploads\/2022\/09\/9788534950442.jpg\" alt=\"\" width=\"201\" height=\"313\" srcset=\"https:\/\/www.paulus.com.br\/portal\/wp-content\/uploads\/2022\/09\/9788534950442.jpg 450w, https:\/\/www.paulus.com.br\/portal\/wp-content\/uploads\/2022\/09\/9788534950442-193x300.jpg 193w, https:\/\/www.paulus.com.br\/portal\/wp-content\/uploads\/2022\/09\/9788534950442-109x170.jpg 109w, https:\/\/www.paulus.com.br\/portal\/wp-content\/uploads\/2022\/09\/9788534950442-90x140.jpg 90w, https:\/\/www.paulus.com.br\/portal\/wp-content\/uploads\/2022\/09\/9788534950442-154x240.jpg 154w, https:\/\/www.paulus.com.br\/portal\/wp-content\/uploads\/2022\/09\/9788534950442-161x250.jpg 161w\" sizes=\"auto, (max-width: 201px) 100vw, 201px\" \/><\/p>\n<p>&nbsp;<\/p>\n<p>&nbsp;<\/p>\n<p style=\"text-align: justify;\">O mundo est\u00e1 atormentado por muitos flagelos! Assim come\u00e7a este livro que, ao juntar duas pessoas que se dedicam ao universo do Sagrado, tece alguns dos caminhos e descaminhos que podem vitimar (e v\u00eam vitimando) outras pessoas que tamb\u00e9m escolheram a vida religiosa. A finalidade da obra, ao indicar tormentas e flagelos, n\u00e3o \u00e9 produzir o susto que paralisa, e sim o alerta que orienta e auxilia a cuidar e acolher, em si e nos outros, a esperan\u00e7a viva, que n\u00e3o desconhece as sombras, mas procura energia para delas sair com \u00eaxito e alegria! <a href=\"https:\/\/www.paulus.com.br\/portal\/releases\/quando-a-vontade-de-viver-vai-embora\/#.YxefvnbMKUk\">Saiba mais.<\/a><\/p>\n<p>&nbsp;<\/p>\n<p><a href=\"https:\/\/www.paulus.com.br\/loja\/alivio-para-o-sofrimento-e-a-depressao-o-papel-da-compreensao-e-da-fe_p_3886.html\"><strong>Al\u00edvio para o sofrimento e a depress\u00e3o &#8211; O papel da compreens\u00e3o e da f\u00e9<\/strong><\/a><\/p>\n<p><img loading=\"lazy\" decoding=\"async\" class=\" wp-image-21671 alignleft\" src=\"https:\/\/www.paulus.com.br\/portal\/wp-content\/uploads\/2015\/04\/Al\u00edvio-para-o-sofrimento-e-a-depress\u00e3o-P.jpg\" alt=\"\" width=\"204\" height=\"311\" srcset=\"https:\/\/www.paulus.com.br\/portal\/wp-content\/uploads\/2015\/04\/Al\u00edvio-para-o-sofrimento-e-a-depress\u00e3o-P.jpg 185w, https:\/\/www.paulus.com.br\/portal\/wp-content\/uploads\/2015\/04\/Al\u00edvio-para-o-sofrimento-e-a-depress\u00e3o-P-112x170.jpg 112w, https:\/\/www.paulus.com.br\/portal\/wp-content\/uploads\/2015\/04\/Al\u00edvio-para-o-sofrimento-e-a-depress\u00e3o-P-90x137.jpg 90w, https:\/\/www.paulus.com.br\/portal\/wp-content\/uploads\/2015\/04\/Al\u00edvio-para-o-sofrimento-e-a-depress\u00e3o-P-157x240.jpg 157w\" sizes=\"auto, (max-width: 204px) 100vw, 204px\" \/><\/p>\n<p>&nbsp;<\/p>\n<p>&nbsp;<\/p>\n<p style=\"text-align: justify;\">O livro \u201cAl\u00edvio para o sofrimento e a depress\u00e3o \u2013 o papel da compreens\u00e3o e da f\u00e9&#8221;, de James F. Drane, vale-se do vasto conhecimento do autor sobre a natureza humana para enfrentar os problemas da vida. Segundo James, dor, sofrimento, preocupa\u00e7\u00e3o, ansiedade, depress\u00e3o s\u00e3o partes essenciais da vida humana na terra. Algumas pessoas s\u00e3o mais afetadas que outras, por esses problemas, por\u00e9m todos, de um jeito ou de outro, ter\u00e3o de lidar com essas quest\u00f5es na vida. Mas como fazer isso? \u00a0Essa e outras quest\u00f5es fazem parte desta obra. <a href=\"https:\/\/www.paulus.com.br\/portal\/releases\/obra-enfoca-conforto-para-o-sofrimento-e-a-depressao\/#.Yxn7yXbMKUk\" target=\"_blank\" rel=\"noopener\">Saiba mais.<\/a><\/p>\n<p>&nbsp;<\/p>\n<p><a href=\"https:\/\/www.paulus.com.br\/loja\/o-que-e-depressao-um-guia-para-criancas-que-convivem-com-pessoas-deprimidas_p_3275.html\"><strong>O que \u00e9 depress\u00e3o? &#8211; Um guia para crian\u00e7as que convivem com pessoas deprimidas<\/strong><\/a><\/p>\n<p><img loading=\"lazy\" decoding=\"async\" class=\"wp-image-63804 alignleft\" src=\"https:\/\/www.paulus.com.br\/portal\/wp-content\/uploads\/2022\/09\/9788534937962.jpg\" alt=\"\" width=\"214\" height=\"214\" srcset=\"https:\/\/www.paulus.com.br\/portal\/wp-content\/uploads\/2022\/09\/9788534937962.jpg 450w, https:\/\/www.paulus.com.br\/portal\/wp-content\/uploads\/2022\/09\/9788534937962-300x300.jpg 300w, https:\/\/www.paulus.com.br\/portal\/wp-content\/uploads\/2022\/09\/9788534937962-150x150.jpg 150w, https:\/\/www.paulus.com.br\/portal\/wp-content\/uploads\/2022\/09\/9788534937962-60x60.jpg 60w, https:\/\/www.paulus.com.br\/portal\/wp-content\/uploads\/2022\/09\/9788534937962-120x120.jpg 120w, https:\/\/www.paulus.com.br\/portal\/wp-content\/uploads\/2022\/09\/9788534937962-90x90.jpg 90w, https:\/\/www.paulus.com.br\/portal\/wp-content\/uploads\/2022\/09\/9788534937962-180x180.jpg 180w\" sizes=\"auto, (max-width: 214px) 100vw, 214px\" \/><\/p>\n<p style=\"text-align: justify;\">Um adulto depressivo nunca est\u00e1 sozinho. D\u00e1-se como que um efeito de ondula\u00e7\u00e3o que pode deixar as crian\u00e7as confusas, agressivas, tristes&#8230; imaginando por que sua m\u00e3e n\u00e3o mais l\u00ea hist\u00f3rias de ninar \u00e0 noite ou fica desorientada porque seu pai n\u00e3o a leva mais, aos s\u00e1bados pela manh\u00e3, para resolver coisas. Este livro deseja a explicar \u00e0s crian\u00e7as sobre o que \u00e9 a depress\u00e3o, numa linguagem de f\u00e1cil compreens\u00e3o e intera\u00e7\u00e3o que permitir\u00e1 que as crian\u00e7as tenham menos medo e mais paci\u00eancia quanto \u00e0 recupera\u00e7\u00e3o da sa\u00fade de quem amam. <a href=\"https:\/\/www.paulus.com.br\/portal\/releases\/paulus-lanca-um-guia-para-criancas-que-convivem-com-pessoas-deprimidas\/#.Yxeh3nbMKUk\">Saiba mais.<\/a><\/p>\n<p>&nbsp;<\/p>\n<p><a href=\"https:\/\/www.paulus.com.br\/loja\/como-driblar-a-depressao_p_1125.html\"><strong>Como driblar a depress\u00e3o?\u00a0<\/strong><\/a><\/p>\n<p style=\"text-align: justify;\"><img loading=\"lazy\" decoding=\"async\" class=\"wp-image-63836 alignleft\" src=\"https:\/\/www.paulus.com.br\/portal\/wp-content\/uploads\/2022\/09\/9788534907934-197x300.jpg\" alt=\"\" width=\"180\" height=\"274\" srcset=\"https:\/\/www.paulus.com.br\/portal\/wp-content\/uploads\/2022\/09\/9788534907934-197x300.jpg 197w, https:\/\/www.paulus.com.br\/portal\/wp-content\/uploads\/2022\/09\/9788534907934-112x170.jpg 112w, https:\/\/www.paulus.com.br\/portal\/wp-content\/uploads\/2022\/09\/9788534907934-90x137.jpg 90w, https:\/\/www.paulus.com.br\/portal\/wp-content\/uploads\/2022\/09\/9788534907934-157x240.jpg 157w, https:\/\/www.paulus.com.br\/portal\/wp-content\/uploads\/2022\/09\/9788534907934.jpg 450w\" sizes=\"auto, (max-width: 180px) 100vw, 180px\" \/><\/p>\n<p>&nbsp;<\/p>\n<p>&nbsp;<\/p>\n<p style=\"text-align: justify;\">A depress\u00e3o \u00e9 um dos transtornos mentais mais frequentes dos nossos dias, constituindo problema de sa\u00fade p\u00fablica. A depress\u00e3o \u00e9 atroz dor moral. Todavia, quando a pessoa deprimida \u00e9 tratada a tempo, \u00e9 curada. Para isso, \u00e9 preciso agir o quanto antes. O objetivo deste livro \u00e9 ajud\u00e1-lo a livrar-se deste mal. <a href=\"https:\/\/www.paulus.com.br\/loja\/como-driblar-a-depressao_p_1125.html\">Saiba mais.\u00a0<\/a><\/p>\n<p>&nbsp;<\/p>\n<p>&nbsp;<\/p>\n<p>&nbsp;<\/p>\n<p>&nbsp;<\/p>\n","protected":false},"excerpt":{"rendered":"<p>&nbsp; Setembro Amarelo: M\u00eas de defesa e valoriza\u00e7\u00e3o \u00e0 vida No m\u00eas de setembro, dedicado \u00e0 preven\u00e7\u00e3o do suic\u00eddio, a PAULUS Editora apresenta algumas publica\u00e7\u00f5es que auxiliam na reflex\u00e3o do tema e convidam os leitores a repensar sobre a import\u00e2ncia da luta em defesa e valoriza\u00e7\u00e3o da vida. O \u201cDia Mundial de Preven\u00e7\u00e3o ao Suic\u00eddio\u201d [&hellip;]<\/p>\n","protected":false},"author":3,"featured_media":63801,"comment_status":"open","ping_status":"open","sticky":false,"template":"","format":"standard","meta":{"_acf_changed":false,"footnotes":""},"categories":[15],"tags":[],"class_list":["post-63800","post","type-post","status-publish","format-standard","has-post-thumbnail","hentry","category-noticias"],"acf":[],"aioseo_notices":[],"_links":{"self":[{"href":"https:\/\/www.paulus.com.br\/portal\/wp-json\/wp\/v2\/posts\/63800","targetHints":{"allow":["GET"]}}],"collection":[{"href":"https:\/\/www.paulus.com.br\/portal\/wp-json\/wp\/v2\/posts"}],"about":[{"href":"https:\/\/www.paulus.com.br\/portal\/wp-json\/wp\/v2\/types\/post"}],"author":[{"embeddable":true,"href":"https:\/\/www.paulus.com.br\/portal\/wp-json\/wp\/v2\/users\/3"}],"replies":[{"embeddable":true,"href":"https:\/\/www.paulus.com.br\/portal\/wp-json\/wp\/v2\/comments?post=63800"}],"version-history":[{"count":13,"href":"https:\/\/www.paulus.com.br\/portal\/wp-json\/wp\/v2\/posts\/63800\/revisions"}],"predecessor-version":[{"id":63839,"href":"https:\/\/www.paulus.com.br\/portal\/wp-json\/wp\/v2\/posts\/63800\/revisions\/63839"}],"wp:featuredmedia":[{"embeddable":true,"href":"https:\/\/www.paulus.com.br\/portal\/wp-json\/wp\/v2\/media\/63801"}],"wp:attachment":[{"href":"https:\/\/www.paulus.com.br\/portal\/wp-json\/wp\/v2\/media?parent=63800"}],"wp:term":[{"taxonomy":"category","embeddable":true,"href":"https:\/\/www.paulus.com.br\/portal\/wp-json\/wp\/v2\/categories?post=63800"},{"taxonomy":"post_tag","embeddable":true,"href":"https:\/\/www.paulus.com.br\/portal\/wp-json\/wp\/v2\/tags?post=63800"}],"curies":[{"name":"wp","href":"https:\/\/api.w.org\/{rel}","templated":true}]}}