{"id":63503,"date":"2022-08-17T11:23:02","date_gmt":"2022-08-17T14:23:02","guid":{"rendered":"https:\/\/www.paulus.com.br\/portal\/?p=63503"},"modified":"2022-08-17T11:31:45","modified_gmt":"2022-08-17T14:31:45","slug":"dicas-de-leitura-para-celebrar-o-dia-do-catequista-2","status":"publish","type":"post","link":"https:\/\/www.paulus.com.br\/portal\/dicas-de-leitura-para-celebrar-o-dia-do-catequista-2\/","title":{"rendered":"Dicas de leitura para celebrar o Dia do Catequista"},"content":{"rendered":"<p><img loading=\"lazy\" decoding=\"async\" class=\"alignnone wp-image-63506 size-full\" src=\"https:\/\/www.paulus.com.br\/portal\/wp-content\/uploads\/2022\/08\/banner_dia_do_catequista-2.jpg\" alt=\"\" width=\"750\" height=\"350\" srcset=\"https:\/\/www.paulus.com.br\/portal\/wp-content\/uploads\/2022\/08\/banner_dia_do_catequista-2.jpg 750w, https:\/\/www.paulus.com.br\/portal\/wp-content\/uploads\/2022\/08\/banner_dia_do_catequista-2-300x140.jpg 300w, https:\/\/www.paulus.com.br\/portal\/wp-content\/uploads\/2022\/08\/banner_dia_do_catequista-2-120x56.jpg 120w, https:\/\/www.paulus.com.br\/portal\/wp-content\/uploads\/2022\/08\/banner_dia_do_catequista-2-90x42.jpg 90w, https:\/\/www.paulus.com.br\/portal\/wp-content\/uploads\/2022\/08\/banner_dia_do_catequista-2-180x84.jpg 180w\" sizes=\"auto, (max-width: 750px) 100vw, 750px\" \/><\/p>\n<p style=\"text-align: center;\"><em>Catequese \u00e9 comunica\u00e7\u00e3o. Catequizar \u00e9 comunicar. Deus \u00e9 comunica\u00e7\u00e3o. (Cita\u00e7\u00e3o: Livro do catequista \u2013 PAULUS Editora). \u00a0<\/em><\/p>\n<p style=\"text-align: justify;\">No pr\u00f3ximo dia 28 de agosto, a Igreja celebra o Minist\u00e9rio de Catequista. Durante o m\u00eas vocacional, a comunidade eclesial volta-se para as principais voca\u00e7\u00f5es presentes na miss\u00e3o evangelizadora da Igreja.<\/p>\n<p style=\"text-align: justify;\">A figura do catequista est\u00e1 inserida na comunidade crist\u00e3 h\u00e1 muito tempo, sendo um minist\u00e9rio antigo na Igreja. O ato de catequizar configura a a\u00e7\u00e3o de todo povo de Deus, isto \u00e9, desde as fam\u00edlias crist\u00e3s, os profetas, mestres, ap\u00f3stolos e, tamb\u00e9m do pr\u00f3prio Jesus, que ensinava os seus disc\u00edpulos e seguidores sobre as maravilhas do Reino de Deus. Dessa forma, a voca\u00e7\u00e3o de catequista \u00e9 essencial no processo de evangeliza\u00e7\u00e3o para a transmiss\u00e3o da Palavra e da Doutrina da Igreja Cat\u00f3lica.<\/p>\n<p style=\"text-align: justify;\">Mas quem s\u00e3o os catequistas? S\u00e3o pessoas de boa vontade, homens e mulheres que entregam seu tempo e dedicam-se ao an\u00fancio da Palavra, com o objetivo de conduzir crian\u00e7as, adolescentes e adultos a conhecer e amar a Deus e seu plano de salva\u00e7\u00e3o.\u00a0 \u00c9 certo que o caminho muitas vezes \u00e9 pedregoso, repleto de dificuldades e barreiras, seja em rela\u00e7\u00e3o ao local de evangeliza\u00e7\u00e3o, transforma\u00e7\u00f5es e realidades sociais, falta de recursos, entre outros.\u00a0 Entretanto, conduzidos pelo ardor mission\u00e1rio, pela a\u00e7\u00e3o do Esp\u00edrito Santo, pela f\u00e9 e ora\u00e7\u00e3o, o catequista \u00e9 algu\u00e9m que persevera e segue confiante em sua voca\u00e7\u00e3o.<\/p>\n<p style=\"text-align: justify;\">Al\u00e9m da miss\u00e3o de ensinar, o of\u00edcio do catequista tamb\u00e9m \u00e9 composto pela escuta sens\u00edvel, pelo di\u00e1logo, conselhos, acompanhamento familiar, presen\u00e7a constante na caminhada de f\u00e9 e aten\u00e7\u00e3o \u00e0s necessidades e feridas internas dos catequizandos, um verdadeiro pastoreio para a edifica\u00e7\u00e3o da Igreja.<\/p>\n<p style=\"text-align: justify;\">Para validar e valorizar essa voca\u00e7\u00e3o presente na Igreja h\u00e1 anos, em 2021, o Papa Francisco instituiu o minist\u00e9rio do catequista, por meio da Carta Apost\u00f3lica Antiquum Ministerium.\u00a0 Segundo a cita\u00e7\u00e3o do Santo Padre, extra\u00eddo do <em>Diret\u00f3rio da Catequese<\/em>, o catequista \u00e9 simultaneamente testemunha da f\u00e9, mestre e mistagogo, acompanhante e pedagogo que instrui em nome da Igreja. Uma identidade que s\u00f3 mediante a ora\u00e7\u00e3o, o estudo e a participa\u00e7\u00e3o direta na vida da comunidade \u00e9 que se pode desenvolver com coer\u00eancia e responsabilidade.<\/p>\n<p style=\"text-align: justify;\">Para celebrar a data e auxiliar na miss\u00e3o dos catequistas, a PAULUS Editora re\u00fane uma s\u00e9rie de publica\u00e7\u00f5es que ajudam o catequista em seu minist\u00e9rio, obras que transmitem conte\u00fados de qualidade e interagem com os anseios internos dos pr\u00f3prios catequistas. Confira!<\/p>\n<p><a href=\"https:\/\/www.paulus.com.br\/loja\/catequista-vocacao-ministerio-e-missao_p_5110.html\"><strong>Catequista: Voca\u00e7\u00e3o, minist\u00e9rio e miss\u00e3o<\/strong><\/a><\/p>\n<p><img loading=\"lazy\" decoding=\"async\" class=\"wp-image-47736 alignleft\" src=\"https:\/\/www.paulus.com.br\/portal\/wp-content\/uploads\/2019\/08\/9788534949606-1-CATEQUISTA-193x300.jpg\" alt=\"\" width=\"170\" height=\"264\" srcset=\"https:\/\/www.paulus.com.br\/portal\/wp-content\/uploads\/2019\/08\/9788534949606-1-CATEQUISTA-193x300.jpg 193w, https:\/\/www.paulus.com.br\/portal\/wp-content\/uploads\/2019\/08\/9788534949606-1-CATEQUISTA-109x170.jpg 109w, https:\/\/www.paulus.com.br\/portal\/wp-content\/uploads\/2019\/08\/9788534949606-1-CATEQUISTA-90x140.jpg 90w, https:\/\/www.paulus.com.br\/portal\/wp-content\/uploads\/2019\/08\/9788534949606-1-CATEQUISTA-154x240.jpg 154w, https:\/\/www.paulus.com.br\/portal\/wp-content\/uploads\/2019\/08\/9788534949606-1-CATEQUISTA.jpg 450w\" sizes=\"auto, (max-width: 170px) 100vw, 170px\" \/><\/p>\n<p>&nbsp;<\/p>\n<p>&nbsp;<\/p>\n<p style=\"text-align: justify;\">Esta obra apresenta as principais caracter\u00edsticas da miss\u00e3o do catequista e a origem de seu minist\u00e9rio. Os organizadores convidam o leitor a refletir sobre os aspectos da voca\u00e7\u00e3o e da sua miss\u00e3o na Igreja e no mundo. Segundo os autores, os catequistas s\u00e3o os ministros de Cristo e de sua Palavra. Conforme anunciou o Papa Bento XVI, a catequese \u00e9 um grande meio para introduzir o povo de Deus no mist\u00e9rio de Cristo. <a href=\"https:\/\/www.paulus.com.br\/portal\/releases\/catequista-vocacao-ministerio-e-missao\/#.Yvzq6nbMKUl\">Saiba mais!<\/a><\/p>\n<p>&nbsp;<\/p>\n<p><a href=\"https:\/\/www.paulus.com.br\/loja\/catequese-liturgia-e-mistagogia_p_6716.html\"><strong>Catequese: Liturgia e Mistagogia<\/strong><\/a><\/p>\n<p style=\"text-align: justify;\"><img loading=\"lazy\" decoding=\"async\" class=\"wp-image-60668 alignleft\" src=\"https:\/\/www.paulus.com.br\/portal\/wp-content\/uploads\/2022\/02\/CATEQUESE_LITURGIA_E_MISTAGOGIA_-1-e1646077002521.jpg\" alt=\"\" width=\"173\" height=\"267\" \/><\/p>\n<p>&nbsp;<\/p>\n<p>&nbsp;<\/p>\n<p>&nbsp;<\/p>\n<p style=\"text-align: justify;\">O livro \u201cCatequese, Liturgia e Mistagogia\u201d pretende proporcionar aos leitores o conhecimento da pedagogia mistag\u00f3gica da Igreja, que articula a experi\u00eancia de vida dos disc\u00edpulos, a catequese e a liturgia, para mergulhar no mist\u00e9rio de Jesus Cristo na comunidade eclesial.<a href=\"https:\/\/www.paulus.com.br\/portal\/releases\/catequese-liturgia-e-mistagogia\/#.Yvzu6HbMKUk\"> Saiba mais!<\/a><\/p>\n<p>&nbsp;<\/p>\n<p>&nbsp;<\/p>\n<p><a href=\"https:\/\/www.paulus.com.br\/loja\/catequese-digital-por-onde-comecar_p_6338.html\"><strong>Catequese digital: Por onde come\u00e7ar?\u00a0<\/strong><\/a><\/p>\n<p><img loading=\"lazy\" decoding=\"async\" class=\"wp-image-56015 alignleft\" src=\"https:\/\/www.paulus.com.br\/portal\/wp-content\/uploads\/2021\/06\/capa_catequese_digital-e1629897940244.jpg\" alt=\"\" width=\"172\" height=\"268\" \/><\/p>\n<p>&nbsp;<\/p>\n<p style=\"text-align: justify;\">Parte da cole\u00e7\u00e3o\u00a0<em>Ecclesia digitalis,<\/em>\u00a0o livro\u201cCatequese Digital \u2013 Por onde come\u00e7ar?\u201d, escrito por Aline Amaro da Silva, oferece ao leitor caminhos para o desenvolvimento de encontros catequ\u00e9ticos no ambiente f\u00edsico e digital. Este livro tem por finalidade auxiliar os catequistas, comunicadores e evangelizadores na compreens\u00e3o das mudan\u00e7as humanas, culturais, comunicacionais e teol\u00f3gicas que a realidade atual traz, colocando-as como desafio e oportunidade para o minist\u00e9rio da catequese.\u00a0<a href=\"https:\/\/www.paulus.com.br\/portal\/releases\/catequese-digital-por-onde-comecar\/#.YvzrmnbMKUl\">Saiba mais!<\/a><\/p>\n<p>&nbsp;<\/p>\n<p>&nbsp;<\/p>\n<p><a href=\"https:\/\/www.paulus.com.br\/loja\/psicopedagogia-catequetica-reflexoes-e-vivencias-para-uma-catequese-inclusiva-vol5-pessoa-com-deficiencia_p_6859.html\"><strong>Psicopedagogia Catequ\u00e9tica \u2013 Reflex\u00f5es e viv\u00eancias para uma catequese inclusiva<\/strong><\/a><\/p>\n<p><img loading=\"lazy\" decoding=\"async\" class=\"wp-image-63504 alignleft\" src=\"https:\/\/www.paulus.com.br\/portal\/wp-content\/uploads\/2022\/08\/9786555624939-193x300.jpg\" alt=\"\" width=\"174\" height=\"270\" srcset=\"https:\/\/www.paulus.com.br\/portal\/wp-content\/uploads\/2022\/08\/9786555624939-193x300.jpg 193w, https:\/\/www.paulus.com.br\/portal\/wp-content\/uploads\/2022\/08\/9786555624939-109x170.jpg 109w, https:\/\/www.paulus.com.br\/portal\/wp-content\/uploads\/2022\/08\/9786555624939-90x140.jpg 90w, https:\/\/www.paulus.com.br\/portal\/wp-content\/uploads\/2022\/08\/9786555624939-154x240.jpg 154w, https:\/\/www.paulus.com.br\/portal\/wp-content\/uploads\/2022\/08\/9786555624939-161x250.jpg 161w, https:\/\/www.paulus.com.br\/portal\/wp-content\/uploads\/2022\/08\/9786555624939.jpg 450w\" sizes=\"auto, (max-width: 174px) 100vw, 174px\" \/><\/p>\n<p>&nbsp;<\/p>\n<p>&nbsp;<\/p>\n<p style=\"text-align: justify;\">O livro \u201cPsicopedagogia Catequ\u00e9tica\u201d se destina a todos os catequistas. Com base em leituras formativas e viv\u00eancias \u2013 propostas de a\u00e7\u00e3o feitas aos grupos de catequistas a cada encontro formativo \u2013, tem por objetivo ajud\u00e1-los a despertar para a sensibilidade quanto aos temas da inclus\u00e3o, da catequese inclusiva e da pessoa com defici\u00eancia, e apontar caminhos de inclus\u00e3o na viv\u00eancia da f\u00e9 crist\u00e3 e da experi\u00eancia em comunidade. <a href=\"https:\/\/www.paulus.com.br\/portal\/releases\/psicopedagogia-catequetica-reflexoes-e-vivencias-para-uma-catequese-inclusiva\/#.Yvzub3bMKUk\">Saiba mais!<\/a><\/p>\n<p>&nbsp;<\/p>\n<p><a href=\"https:\/\/www.paulus.com.br\/loja\/nossa-vida-com-jesus-catequista_p_7009.html\"><strong>Nossa Vida com Jesus \u2013 Catequista<\/strong><\/a><\/p>\n<p style=\"text-align: justify;\"><img loading=\"lazy\" decoding=\"async\" class=\"wp-image-63505 alignleft\" src=\"https:\/\/www.paulus.com.br\/portal\/wp-content\/uploads\/2022\/08\/9786555626063-212x300.jpg\" alt=\"\" width=\"182\" height=\"257\" srcset=\"https:\/\/www.paulus.com.br\/portal\/wp-content\/uploads\/2022\/08\/9786555626063-212x300.jpg 212w, https:\/\/www.paulus.com.br\/portal\/wp-content\/uploads\/2022\/08\/9786555626063-120x170.jpg 120w, https:\/\/www.paulus.com.br\/portal\/wp-content\/uploads\/2022\/08\/9786555626063-90x127.jpg 90w, https:\/\/www.paulus.com.br\/portal\/wp-content\/uploads\/2022\/08\/9786555626063-170x240.jpg 170w, https:\/\/www.paulus.com.br\/portal\/wp-content\/uploads\/2022\/08\/9786555626063.jpg 450w\" sizes=\"auto, (max-width: 182px) 100vw, 182px\" \/><\/p>\n<p>&nbsp;<\/p>\n<p style=\"text-align: justify;\">O caminho de inicia\u00e7\u00e3o \u00e0 vida crist\u00e3 proposto na obra inspira-se na sabedoria da Igreja, acumulada ao longo dos s\u00e9culos. Este livro foi elaborado seguindo o itiner\u00e1rio de inicia\u00e7\u00e3o \u00e0 vida crist\u00e3, de acordo com o Ritual da Inicia\u00e7\u00e3o Crist\u00e3 de Adultos, RICA. Os encontros foram pensados, rezados e organizados segundo as necessidades e condi\u00e7\u00f5es da faixa et\u00e1ria dos catequizandos. Cada encontro segue o m\u00e9todo da leitura orante da Palavra de Deus, numa din\u00e2mica processual e progressiva, com liga\u00e7\u00e3o entre as etapas da inicia\u00e7\u00e3o, conhecimento doutrinal, celebra\u00e7\u00f5es e ritos, para que os catequizandos possam conhecer e saborear o caminho de Jesus Cristo e do seu Evangelho. <a href=\"https:\/\/www.paulus.com.br\/loja\/nossa-vida-com-jesus-catequista_p_7009.html\">Saiba mais!<\/a><\/p>\n<p><a href=\"https:\/\/www.paulus.com.br\/loja\/livro-do-catequista-fe-vida-comunidade_p_4993.html\"><strong>Catequese com adultos e catecumenato \u2013 Hist\u00f3ria e proposta<\/strong><\/a><\/p>\n<p style=\"text-align: justify;\"><img loading=\"lazy\" decoding=\"async\" class=\"wp-image-50312 alignleft\" src=\"https:\/\/www.paulus.com.br\/portal\/wp-content\/uploads\/2020\/02\/Catequese-com-adultos-e-Catecumenato_capa-p.jpg\" alt=\"\" width=\"181\" height=\"280\" srcset=\"https:\/\/www.paulus.com.br\/portal\/wp-content\/uploads\/2020\/02\/Catequese-com-adultos-e-Catecumenato_capa-p.jpg 185w, https:\/\/www.paulus.com.br\/portal\/wp-content\/uploads\/2020\/02\/Catequese-com-adultos-e-Catecumenato_capa-p-110x170.jpg 110w, https:\/\/www.paulus.com.br\/portal\/wp-content\/uploads\/2020\/02\/Catequese-com-adultos-e-Catecumenato_capa-p-90x140.jpg 90w, https:\/\/www.paulus.com.br\/portal\/wp-content\/uploads\/2020\/02\/Catequese-com-adultos-e-Catecumenato_capa-p-155x240.jpg 155w\" sizes=\"auto, (max-width: 181px) 100vw, 181px\" \/><\/p>\n<p>&nbsp;<\/p>\n<p>&nbsp;<\/p>\n<p style=\"text-align: justify;\">Esta obra apresenta os elementos b\u00e1sicos do catecumenato ao longo da hist\u00f3ria, como uma das iniciativas mais ricas da Igreja, sobretudo nos s\u00e9culos III e V, para o processo de inicia\u00e7\u00e3o crist\u00e3 dos adultos. O autor verifica como o catecumenato desapareceu, sendo substitu\u00eddo pelo catecismo, e oferece, \u00e0 Igreja no Brasil, argumentos e motiva\u00e7\u00f5es para o restabelecimento do catecumenato, como solicitou o Conc\u00edlio Vaticano II, como um itiner\u00e1rio privilegiado para a forma\u00e7\u00e3o dos disc\u00edpulos mission\u00e1rios de Jesus Cristo e para a renova\u00e7\u00e3o dos fi\u00e9is que participam de momentos eclesiais. <a href=\"https:\/\/www.paulus.com.br\/portal\/releases\/catequese-com-adultos-e-catecumenato-historia-e-proposta\/#.YvzsV3bMKUl\">Saiba mais!<\/a><\/p>\n<p>&nbsp;<\/p>\n<p><a href=\"https:\/\/www.paulus.com.br\/loja\/livro-do-catequista-fe-vida-comunidade_p_4993.html\"><strong>Livro do catequista \u2013 F\u00e9, vida, comunidade<\/strong><\/a><\/p>\n<p style=\"text-align: justify;\"><img loading=\"lazy\" decoding=\"async\" class=\"wp-image-59949 alignleft\" src=\"https:\/\/www.paulus.com.br\/portal\/wp-content\/uploads\/2022\/01\/livro_do_catequista-191x300.jpg\" alt=\"\" width=\"176\" height=\"276\" srcset=\"https:\/\/www.paulus.com.br\/portal\/wp-content\/uploads\/2022\/01\/livro_do_catequista-191x300.jpg 191w, https:\/\/www.paulus.com.br\/portal\/wp-content\/uploads\/2022\/01\/livro_do_catequista-109x170.jpg 109w, https:\/\/www.paulus.com.br\/portal\/wp-content\/uploads\/2022\/01\/livro_do_catequista-90x140.jpg 90w, https:\/\/www.paulus.com.br\/portal\/wp-content\/uploads\/2022\/01\/livro_do_catequista-153x240.jpg 153w, https:\/\/www.paulus.com.br\/portal\/wp-content\/uploads\/2022\/01\/livro_do_catequista.jpg 450w\" sizes=\"auto, (max-width: 176px) 100vw, 176px\" \/><\/p>\n<p>&nbsp;<\/p>\n<p>&nbsp;<\/p>\n<p>&nbsp;<\/p>\n<p style=\"text-align: justify;\">A nova edi\u00e7\u00e3o do \u201cLivro do catequista: F\u00e9, vida, comunidade\u201d, atualizada e ampliada, tem o objetivo de fazer com que catequistas e catequizandos percorram juntos a viv\u00eancia do princ\u00edpio de intera\u00e7\u00e3o f\u00e9-vida. Apresenta a hist\u00f3ria do povo de Israel, a pr\u00e1tica de Jesus, o cristianismo seu in\u00edcio e no decorrer da hist\u00f3ria, especialmente na Am\u00e9rica Latina e no Brasil. \u00a0<a href=\"https:\/\/www.paulus.com.br\/portal\/releases\/15707\/#.YvzwAnbMKUk\">Saiba mais!<\/a><\/p>\n","protected":false},"excerpt":{"rendered":"<p>Catequese \u00e9 comunica\u00e7\u00e3o. Catequizar \u00e9 comunicar. Deus \u00e9 comunica\u00e7\u00e3o. (Cita\u00e7\u00e3o: Livro do catequista \u2013 PAULUS Editora). \u00a0 No pr\u00f3ximo dia 28 de agosto, a Igreja celebra o Minist\u00e9rio de Catequista. Durante o m\u00eas vocacional, a comunidade eclesial volta-se para as principais voca\u00e7\u00f5es presentes na miss\u00e3o evangelizadora da Igreja. A figura do catequista est\u00e1 inserida na [&hellip;]<\/p>\n","protected":false},"author":3,"featured_media":63507,"comment_status":"open","ping_status":"open","sticky":false,"template":"","format":"standard","meta":{"_acf_changed":false,"footnotes":""},"categories":[15],"tags":[],"class_list":["post-63503","post","type-post","status-publish","format-standard","has-post-thumbnail","hentry","category-noticias"],"acf":[],"aioseo_notices":[],"_links":{"self":[{"href":"https:\/\/www.paulus.com.br\/portal\/wp-json\/wp\/v2\/posts\/63503","targetHints":{"allow":["GET"]}}],"collection":[{"href":"https:\/\/www.paulus.com.br\/portal\/wp-json\/wp\/v2\/posts"}],"about":[{"href":"https:\/\/www.paulus.com.br\/portal\/wp-json\/wp\/v2\/types\/post"}],"author":[{"embeddable":true,"href":"https:\/\/www.paulus.com.br\/portal\/wp-json\/wp\/v2\/users\/3"}],"replies":[{"embeddable":true,"href":"https:\/\/www.paulus.com.br\/portal\/wp-json\/wp\/v2\/comments?post=63503"}],"version-history":[{"count":11,"href":"https:\/\/www.paulus.com.br\/portal\/wp-json\/wp\/v2\/posts\/63503\/revisions"}],"predecessor-version":[{"id":63523,"href":"https:\/\/www.paulus.com.br\/portal\/wp-json\/wp\/v2\/posts\/63503\/revisions\/63523"}],"wp:featuredmedia":[{"embeddable":true,"href":"https:\/\/www.paulus.com.br\/portal\/wp-json\/wp\/v2\/media\/63507"}],"wp:attachment":[{"href":"https:\/\/www.paulus.com.br\/portal\/wp-json\/wp\/v2\/media?parent=63503"}],"wp:term":[{"taxonomy":"category","embeddable":true,"href":"https:\/\/www.paulus.com.br\/portal\/wp-json\/wp\/v2\/categories?post=63503"},{"taxonomy":"post_tag","embeddable":true,"href":"https:\/\/www.paulus.com.br\/portal\/wp-json\/wp\/v2\/tags?post=63503"}],"curies":[{"name":"wp","href":"https:\/\/api.w.org\/{rel}","templated":true}]}}