{"id":6210,"date":"2012-11-14T15:37:42","date_gmt":"2012-11-14T17:37:42","guid":{"rendered":"http:\/\/www.paulus.com.br\/institucional\/?p=6210"},"modified":"2012-11-14T15:37:42","modified_gmt":"2012-11-14T17:37:42","slug":"mostra-pedagogica-em-campina-grande-tera-lancamento-de-livro-da-paulus","status":"publish","type":"post","link":"https:\/\/www.paulus.com.br\/portal\/mostra-pedagogica-em-campina-grande-tera-lancamento-de-livro-da-paulus\/","title":{"rendered":"Mostra Pedag\u00f3gica em Campina Grande ter\u00e1 lan\u00e7amento de livro da PAULUS"},"content":{"rendered":"<p><a href=\"http:\/\/www.paulus.com.br\/institucional\/wp-content\/uploads\/2012\/11\/6734aebb0cb2d14df2ec1c04f8f1851a.jpg\"><img loading=\"lazy\" decoding=\"async\" class=\"alignleft size-thumbnail wp-image-6211\" title=\"6734aebb0cb2d14df2ec1c04f8f1851a\" src=\"http:\/\/www.paulus.com.br\/institucional\/wp-content\/uploads\/2012\/11\/6734aebb0cb2d14df2ec1c04f8f1851a-150x150.jpg\" alt=\"\" width=\"150\" height=\"150\" srcset=\"https:\/\/www.paulus.com.br\/portal\/wp-content\/uploads\/2012\/11\/6734aebb0cb2d14df2ec1c04f8f1851a-150x150.jpg 150w, https:\/\/www.paulus.com.br\/portal\/wp-content\/uploads\/2012\/11\/6734aebb0cb2d14df2ec1c04f8f1851a-60x60.jpg 60w\" sizes=\"auto, (max-width: 150px) 100vw, 150px\" \/><\/a>A Unidade de Educa\u00e7\u00e3o Infantil (UEI) da Universidade Federal de Campina Grande (UFCG) realizar\u00e1 nesta quarta, 14, a Mostra Pedag\u00f3gica 2012. O objetivo \u00e9 apresentar aos participantes os projetos desenvolvidos e os conhecimentos adquiridos em sala de aula pelos alunos de 2 a 6 anos de idade no decorrer das aulas.<\/p>\n<p>O autor Ronaldo Monte, que nasceu em Alagoas e mora na Para\u00edba desde 1978, marcar\u00e1 presen\u00e7a e apresentar\u00e1 seu mais recente trabalho: <em><strong>A menina De Noite<\/strong><\/em>, publicado pela PAULUS Editora. O livro retrata, por meio de poemas, a hist\u00f3ria de uma menina que adora a noite e seus mist\u00e9rios.<\/p>\n<p>Aberto para pais e familiares, o evento acontecer\u00e1 no dia 14 de novembro, quarta-feira, \u00e0s 15h, na Rua Apr\u00edgio Veloso, 822, bairro universit\u00e1rio \u2013 Campina Grande \u2013 PB (ao lado da Unidade Acad\u00eamica de Arte e M\u00eddia).<\/p>\n<p>Para mais informa\u00e7\u00f5es, ligue: (83) 3210-1012.<\/p>\n","protected":false},"excerpt":{"rendered":"<p>A Unidade de Educa\u00e7\u00e3o Infantil (UEI) da Universidade Federal de Campina Grande (UFCG) realizar\u00e1 nesta quarta, 14, a Mostra Pedag\u00f3gica 2012. O objetivo \u00e9 apresentar aos participantes os projetos desenvolvidos e os conhecimentos adquiridos em sala de aula pelos alunos de 2 a 6 anos de idade no decorrer das aulas. O autor Ronaldo Monte, [&hellip;]<\/p>\n","protected":false},"author":3,"featured_media":6211,"comment_status":"open","ping_status":"open","sticky":false,"template":"","format":"standard","meta":{"_acf_changed":false,"footnotes":""},"categories":[15],"tags":[337,627,338],"class_list":["post-6210","post","type-post","status-publish","format-standard","has-post-thumbnail","hentry","category-noticias","tag-campina-grande","tag-paraiba","tag-paulus-ronaldo-monte-menina-noite"],"acf":[],"aioseo_notices":[],"_links":{"self":[{"href":"https:\/\/www.paulus.com.br\/portal\/wp-json\/wp\/v2\/posts\/6210","targetHints":{"allow":["GET"]}}],"collection":[{"href":"https:\/\/www.paulus.com.br\/portal\/wp-json\/wp\/v2\/posts"}],"about":[{"href":"https:\/\/www.paulus.com.br\/portal\/wp-json\/wp\/v2\/types\/post"}],"author":[{"embeddable":true,"href":"https:\/\/www.paulus.com.br\/portal\/wp-json\/wp\/v2\/users\/3"}],"replies":[{"embeddable":true,"href":"https:\/\/www.paulus.com.br\/portal\/wp-json\/wp\/v2\/comments?post=6210"}],"version-history":[{"count":0,"href":"https:\/\/www.paulus.com.br\/portal\/wp-json\/wp\/v2\/posts\/6210\/revisions"}],"wp:featuredmedia":[{"embeddable":true,"href":"https:\/\/www.paulus.com.br\/portal\/wp-json\/wp\/v2\/media\/6211"}],"wp:attachment":[{"href":"https:\/\/www.paulus.com.br\/portal\/wp-json\/wp\/v2\/media?parent=6210"}],"wp:term":[{"taxonomy":"category","embeddable":true,"href":"https:\/\/www.paulus.com.br\/portal\/wp-json\/wp\/v2\/categories?post=6210"},{"taxonomy":"post_tag","embeddable":true,"href":"https:\/\/www.paulus.com.br\/portal\/wp-json\/wp\/v2\/tags?post=6210"}],"curies":[{"name":"wp","href":"https:\/\/api.w.org\/{rel}","templated":true}]}}