{"id":6187,"date":"2012-11-12T12:02:00","date_gmt":"2012-11-12T14:02:00","guid":{"rendered":"http:\/\/www.paulus.com.br\/institucional\/?p=6187"},"modified":"2012-11-26T15:07:50","modified_gmt":"2012-11-26T17:07:50","slug":"professor-martinho-condini-promove-bate-papo-sobre-dom-helder-tema-de-seus-dois-livros-pela-paulus","status":"publish","type":"post","link":"https:\/\/www.paulus.com.br\/portal\/professor-martinho-condini-promove-bate-papo-sobre-dom-helder-tema-de-seus-dois-livros-pela-paulus\/","title":{"rendered":"Professor Martinho Condini promove bate-papo sobre Dom Helder, tema de seus dois livros pela PAULUS"},"content":{"rendered":"<p><a href=\"http:\/\/www.paulus.com.br\/institucional\/wp-content\/uploads\/2012\/11\/SDC14325.jpg\"><img loading=\"lazy\" decoding=\"async\" class=\"alignleft size-thumbnail wp-image-6188\" title=\"SDC14325\" src=\"http:\/\/www.paulus.com.br\/institucional\/wp-content\/uploads\/2012\/11\/SDC14325-150x150.jpg\" alt=\"\" width=\"150\" height=\"150\" srcset=\"https:\/\/www.paulus.com.br\/portal\/wp-content\/uploads\/2012\/11\/SDC14325-150x150.jpg 150w, https:\/\/www.paulus.com.br\/portal\/wp-content\/uploads\/2012\/11\/SDC14325-60x60.jpg 60w, https:\/\/www.paulus.com.br\/portal\/wp-content\/uploads\/2012\/11\/SDC14325-180x180.jpg 180w\" sizes=\"auto, (max-width: 150px) 100vw, 150px\" \/><\/a>No \u00faltimo s\u00e1bado, 10 de novembro, o professor e autor Martinho Condini realizou uma palestra sobre a vida e a hist\u00f3ria de Dom Helder Camara, na Livrarias Curitiba do Shopping Aricanduva.<\/p>\n<p>\u201cFalar sobre Dom Helder e poder apresentar esses meus dois trabalhos, \u00e9 sempre muito importante, pois \u00e9 dessa maneira que as pessoas ter\u00e3o acesso ao conhecimento de sua hist\u00f3ria e de seus principios e valores. S\u00e3o itens significativos para serem transmitidos a sociedade como um todo\u201d, comenta Martinho.<\/p>\n<div id=\"attachment_6189\" style=\"width: 160px\" class=\"wp-caption alignright\"><a href=\"http:\/\/www.paulus.com.br\/institucional\/wp-content\/uploads\/2012\/11\/SDC14320.jpg\"><img loading=\"lazy\" decoding=\"async\" aria-describedby=\"caption-attachment-6189\" class=\"size-thumbnail wp-image-6189\" title=\"SDC14320\" src=\"http:\/\/www.paulus.com.br\/institucional\/wp-content\/uploads\/2012\/11\/SDC14320-150x150.jpg\" alt=\"\" width=\"150\" height=\"150\" srcset=\"https:\/\/www.paulus.com.br\/portal\/wp-content\/uploads\/2012\/11\/SDC14320-150x150.jpg 150w, https:\/\/www.paulus.com.br\/portal\/wp-content\/uploads\/2012\/11\/SDC14320-60x60.jpg 60w, https:\/\/www.paulus.com.br\/portal\/wp-content\/uploads\/2012\/11\/SDC14320-180x180.jpg 180w\" sizes=\"auto, (max-width: 150px) 100vw, 150px\" \/><\/a><p id=\"caption-attachment-6189\" class=\"wp-caption-text\">Autor recebe os convidados<\/p><\/div>\n<p>Entre os educadores, alunos e interessados no assunto estava M\u00e1rcio Roberto Alvares, professor de qu\u00edmica, que ir\u00e1 agregar as reflex\u00f5es no seu dia a dia. \u201cA palestra foi bem esclarecedora e interessante. Como pedagogo, as palavras do autor e os livros acrescentar\u00e3o muito para a minha pr\u00e1tica de ensino, pois poderei utiliza-los como base para aplicar todo o humanismo de Dom Helder em sala de aula.\u201d<\/p>\n<p><a href=\"http:\/\/www.paulus.com.br\/institucional\/wp-content\/uploads\/2012\/11\/SDC14331.jpg\"><img loading=\"lazy\" decoding=\"async\" class=\"alignleft size-thumbnail wp-image-6190\" title=\"SDC14331\" src=\"http:\/\/www.paulus.com.br\/institucional\/wp-content\/uploads\/2012\/11\/SDC14331-150x150.jpg\" alt=\"\" width=\"150\" height=\"150\" srcset=\"https:\/\/www.paulus.com.br\/portal\/wp-content\/uploads\/2012\/11\/SDC14331-150x150.jpg 150w, https:\/\/www.paulus.com.br\/portal\/wp-content\/uploads\/2012\/11\/SDC14331-60x60.jpg 60w, https:\/\/www.paulus.com.br\/portal\/wp-content\/uploads\/2012\/11\/SDC14331-180x180.jpg 180w\" sizes=\"auto, (max-width: 150px) 100vw, 150px\" \/><\/a>Os dois t\u00edtulos publicados pelo autor s\u00e3o<em><strong> Dom H\u00e9lder C\u00e2mara &#8211; um modelo de esperan\u00e7a<\/strong><\/em>, livro que retrata o caminho de esperan\u00e7a percorrido por esse homem ao longo de sua vida, e a obra infantojuvenil <em><strong>Helder Camara, um nordestino cidad\u00e3o do mundo<\/strong><\/em>, da cole\u00e7\u00e3o <strong>Brasileirinhos<\/strong>.<\/p>\n","protected":false},"excerpt":{"rendered":"<p>No \u00faltimo s\u00e1bado, 10 de novembro, o professor e autor Martinho Condini realizou uma palestra sobre a vida e a hist\u00f3ria de Dom Helder Camara, na Livrarias Curitiba do Shopping Aricanduva. \u201cFalar sobre Dom Helder e poder apresentar esses meus dois trabalhos, \u00e9 sempre muito importante, pois \u00e9 dessa maneira que as pessoas ter\u00e3o acesso [&hellip;]<\/p>\n","protected":false},"author":3,"featured_media":6188,"comment_status":"open","ping_status":"open","sticky":false,"template":"","format":"standard","meta":{"_acf_changed":false,"footnotes":""},"categories":[15],"tags":[331,145,336,334,332,333,335],"class_list":["post-6187","post","type-post","status-publish","format-standard","has-post-thumbnail","hentry","category-noticias","tag-bate-papo","tag-dom-helder-camara","tag-livrarias-curitiba","tag-martinho-condini","tag-noticia","tag-paulus","tag-shopping-aricanduva"],"acf":[],"aioseo_notices":[],"_links":{"self":[{"href":"https:\/\/www.paulus.com.br\/portal\/wp-json\/wp\/v2\/posts\/6187","targetHints":{"allow":["GET"]}}],"collection":[{"href":"https:\/\/www.paulus.com.br\/portal\/wp-json\/wp\/v2\/posts"}],"about":[{"href":"https:\/\/www.paulus.com.br\/portal\/wp-json\/wp\/v2\/types\/post"}],"author":[{"embeddable":true,"href":"https:\/\/www.paulus.com.br\/portal\/wp-json\/wp\/v2\/users\/3"}],"replies":[{"embeddable":true,"href":"https:\/\/www.paulus.com.br\/portal\/wp-json\/wp\/v2\/comments?post=6187"}],"version-history":[{"count":0,"href":"https:\/\/www.paulus.com.br\/portal\/wp-json\/wp\/v2\/posts\/6187\/revisions"}],"wp:featuredmedia":[{"embeddable":true,"href":"https:\/\/www.paulus.com.br\/portal\/wp-json\/wp\/v2\/media\/6188"}],"wp:attachment":[{"href":"https:\/\/www.paulus.com.br\/portal\/wp-json\/wp\/v2\/media?parent=6187"}],"wp:term":[{"taxonomy":"category","embeddable":true,"href":"https:\/\/www.paulus.com.br\/portal\/wp-json\/wp\/v2\/categories?post=6187"},{"taxonomy":"post_tag","embeddable":true,"href":"https:\/\/www.paulus.com.br\/portal\/wp-json\/wp\/v2\/tags?post=6187"}],"curies":[{"name":"wp","href":"https:\/\/api.w.org\/{rel}","templated":true}]}}