{"id":6096,"date":"2012-11-05T15:52:19","date_gmt":"2012-11-05T17:52:19","guid":{"rendered":"http:\/\/www.paulus.com.br\/institucional\/?p=6096"},"modified":"2012-11-05T15:52:19","modified_gmt":"2012-11-05T17:52:19","slug":"curso-auxilia-os-cristaos-a-celebrarem-o-tempo-do-advento-e-o-natal","status":"publish","type":"post","link":"https:\/\/www.paulus.com.br\/portal\/curso-auxilia-os-cristaos-a-celebrarem-o-tempo-do-advento-e-o-natal\/","title":{"rendered":"Curso auxilia os crist\u00e3os a celebrarem o Tempo do Advento e o Natal"},"content":{"rendered":"<p><a href=\"http:\/\/www.paulus.com.br\/institucional\/wp-content\/uploads\/2012\/11\/Caf\u00e9-Debate-1.jpg\"><img loading=\"lazy\" decoding=\"async\" class=\"alignleft size-thumbnail wp-image-6088\" title=\"Caf\u00e9 &amp; Debate (1)\" src=\"http:\/\/www.paulus.com.br\/institucional\/wp-content\/uploads\/2012\/11\/Caf\u00e9-Debate-1-150x150.jpg\" alt=\"\" width=\"150\" height=\"150\" srcset=\"https:\/\/www.paulus.com.br\/portal\/wp-content\/uploads\/2012\/11\/Caf\u00e9-Debate-1-150x150.jpg 150w, https:\/\/www.paulus.com.br\/portal\/wp-content\/uploads\/2012\/11\/Caf\u00e9-Debate-1-60x60.jpg 60w, https:\/\/www.paulus.com.br\/portal\/wp-content\/uploads\/2012\/11\/Caf\u00e9-Debate-1-180x180.jpg 180w\" sizes=\"auto, (max-width: 150px) 100vw, 150px\" \/><\/a>A PAULUS Livraria de Belo Horizonte realiza, no pr\u00f3ximo dia 10 de novembro, das 8h30 \u00e0s 12h, o curso Advento e Natal, como celebrar? O objetivo \u00e9 apresentar propostas concretas para dinamizar as celebra\u00e7\u00f5es, destacando seus principais s\u00edmbolos e disponibilizando algumas sugest\u00f5es pastorais.<\/p>\n<p>A atividade faz parte do \u201cCaf\u00e9 e Debate\u201d, um projeto cultural da PAULUS que proporciona cursos de aperfei\u00e7oamento pessoal e profissional e ter\u00e1 como facilitador o padre Luiz Miguel Duarte, sacerdote paulino, especialista em liturgia e com 11 livros publicados.<\/p>\n<p>O valor da inscri\u00e7\u00e3o \u00e9 R$ 10,00 e as vagas s\u00e3o limitadas. A reserva dever\u00e1 ser tratada diretamente com a loja pelo telefone (31) 3274-3299 ou pessoalmente, na Rua da Bahia, 1.136 \u2013 Ed. Arc\u00e2ngelo Maleta, Centro \u2013 Belo Horizonte\/MG.<\/p>\n","protected":false},"excerpt":{"rendered":"<p>A PAULUS Livraria de Belo Horizonte realiza, no pr\u00f3ximo dia 10 de novembro, das 8h30 \u00e0s 12h, o curso Advento e Natal, como celebrar? O objetivo \u00e9 apresentar propostas concretas para dinamizar as celebra\u00e7\u00f5es, destacando seus principais s\u00edmbolos e disponibilizando algumas sugest\u00f5es pastorais. A atividade faz parte do \u201cCaf\u00e9 e Debate\u201d, um projeto cultural da [&hellip;]<\/p>\n","protected":false},"author":3,"featured_media":6087,"comment_status":"open","ping_status":"open","sticky":false,"template":"","format":"standard","meta":{"_acf_changed":false,"footnotes":""},"categories":[15],"tags":[207,591,326,40,624],"class_list":["post-6096","post","type-post","status-publish","format-standard","has-post-thumbnail","hentry","category-noticias","tag-advento","tag-belo-horizonte","tag-cafe-e-debate","tag-curso","tag-natal"],"acf":[],"aioseo_notices":[],"_links":{"self":[{"href":"https:\/\/www.paulus.com.br\/portal\/wp-json\/wp\/v2\/posts\/6096","targetHints":{"allow":["GET"]}}],"collection":[{"href":"https:\/\/www.paulus.com.br\/portal\/wp-json\/wp\/v2\/posts"}],"about":[{"href":"https:\/\/www.paulus.com.br\/portal\/wp-json\/wp\/v2\/types\/post"}],"author":[{"embeddable":true,"href":"https:\/\/www.paulus.com.br\/portal\/wp-json\/wp\/v2\/users\/3"}],"replies":[{"embeddable":true,"href":"https:\/\/www.paulus.com.br\/portal\/wp-json\/wp\/v2\/comments?post=6096"}],"version-history":[{"count":0,"href":"https:\/\/www.paulus.com.br\/portal\/wp-json\/wp\/v2\/posts\/6096\/revisions"}],"wp:featuredmedia":[{"embeddable":true,"href":"https:\/\/www.paulus.com.br\/portal\/wp-json\/wp\/v2\/media\/6087"}],"wp:attachment":[{"href":"https:\/\/www.paulus.com.br\/portal\/wp-json\/wp\/v2\/media?parent=6096"}],"wp:term":[{"taxonomy":"category","embeddable":true,"href":"https:\/\/www.paulus.com.br\/portal\/wp-json\/wp\/v2\/categories?post=6096"},{"taxonomy":"post_tag","embeddable":true,"href":"https:\/\/www.paulus.com.br\/portal\/wp-json\/wp\/v2\/tags?post=6096"}],"curies":[{"name":"wp","href":"https:\/\/api.w.org\/{rel}","templated":true}]}}