{"id":6058,"date":"2012-11-01T10:57:02","date_gmt":"2012-11-01T12:57:02","guid":{"rendered":"http:\/\/www.paulus.com.br\/institucional\/?p=6058"},"modified":"2012-11-05T15:57:34","modified_gmt":"2012-11-05T17:57:34","slug":"paulus-tera-programacao-diversificada-na-x-bienal-internacional-do-livro-do-ceara","status":"publish","type":"post","link":"https:\/\/www.paulus.com.br\/portal\/paulus-tera-programacao-diversificada-na-x-bienal-internacional-do-livro-do-ceara\/","title":{"rendered":"PAULUS ter\u00e1 programa\u00e7\u00e3o diversificada na X Bienal Internacional do Livro do Cear\u00e1"},"content":{"rendered":"<p style=\"text-align: left;\"><a href=\"http:\/\/www.paulus.com.br\/institucional\/wp-content\/uploads\/2012\/11\/bienalceara2.jpg\"><img loading=\"lazy\" decoding=\"async\" class=\"alignleft size-thumbnail wp-image-6099\" title=\"bienalceara\" src=\"http:\/\/www.paulus.com.br\/institucional\/wp-content\/uploads\/2012\/11\/bienalceara2-150x150.jpg\" alt=\"\" width=\"150\" height=\"150\" srcset=\"https:\/\/www.paulus.com.br\/portal\/wp-content\/uploads\/2012\/11\/bienalceara2-150x150.jpg 150w, https:\/\/www.paulus.com.br\/portal\/wp-content\/uploads\/2012\/11\/bienalceara2-60x60.jpg 60w, https:\/\/www.paulus.com.br\/portal\/wp-content\/uploads\/2012\/11\/bienalceara2-120x120.jpg 120w, https:\/\/www.paulus.com.br\/portal\/wp-content\/uploads\/2012\/11\/bienalceara2-90x90.jpg 90w, https:\/\/www.paulus.com.br\/portal\/wp-content\/uploads\/2012\/11\/bienalceara2.jpg 180w\" sizes=\"auto, (max-width: 150px) 100vw, 150px\" \/><\/a>O evento, que acontece de 8 a 18 de novembro, ser\u00e1 palco de extensa programa\u00e7\u00e3o cultural. Presente nas \u00a0principais \u00a0 feiras do mercado editorial no Brasil e no exterior, a PAULUS levar\u00e1 ao p\u00fablico sua grande variedade de produtos nas mais diversas \u00e1reas do conhecimento em que atua, como educa\u00e7\u00e3o, infantojuvenil, filosofia e ci\u00eancias humanas, comunica\u00e7\u00e3o, psicologia, teologia, entre outras.<\/p>\n<p>Com um estande de 45m\u00b2, (localizado no n\u00ba 96), a editora preparou uma s\u00e9rie de atividades (veja a<br \/>\nbaixo a programa\u00e7\u00e3o completa), al\u00e9m de descontos especiais, como livros infantojuvenis e da \u00e1rea de educa\u00e7\u00e3o a partir de R$ 3,00. &#8220;A Bienal do Livro contribui bastante para fortalecermos a nossa marca, al\u00e9m de ajudar a conquistar novos clientes. Estamos nos preparando para isso por meio de um atendimento inteligente e cort\u00eas\u201d, explica Carolina Gadelha, consultora educacional da PAULUS na regi\u00e3o.<\/p>\n<p>A X Bienal Internacional do Livro do Cear\u00e1 acontece de 8 a 18 de novembro no Centro de Eventos do Cear\u00e1, que fica na Avenida Washington Soares, 999 \u2013 Fortaleza\/CE. Para mais informa\u00e7\u00f5es, acesse: <a href=\"http:\/\/www.bienaldolivro.ce.gov.br\/\" target=\"_blank\">www.bienaldolivro.ce.gov.br<\/a><\/p>\n<p>Sess\u00e3o de aut\u00f3grafos<br \/>\nLivro: Cordel das festas e dan\u00e7as populares, de Nezite Alencar<br \/>\nSobre a autora: Nezite Alencar nasceu no s\u00edtio Olho D\u2019\u00e1gua dos Gu\u00e1lter, Distrito de Quixari\u00fa \u2013 Campos Sales. \u00c9 graduada em Hist\u00f3ria pela Universidade Regional do Cariri \u2013 URCA e \u00e9 membro da Academia dos Cordelistas do Crato \u2013 ACC, onde tem v\u00e1rios t\u00edtulos publicados.<br \/>\nData: 15\/11\/12, quinta feira, \u00e0s 16h<br \/>\nLocal: Pra\u00e7a do Cordel<br \/>\n<a href=\"http:\/\/www.paulus.com.br\/institucional\/releases\/por-meio-da-poesia-de-cordel-livro-apresenta-as-criancas-festas-e-dancas-populares#.UJJwr8XR6Bo\" target=\"_blank\">Clique aqui<\/a> para ler o release e baixar a capa em alta resolu\u00e7\u00e3o<\/p>\n<p>Roda de conversa<br \/>\nTema: Psicologia Junguiana em foco<br \/>\nMediadora: prof\u00aa Dra. Selene Mazza, refer\u00eancia em Psicologia Junguiana no Cear\u00e1<br \/>\nDestaque para a cole\u00e7\u00e3o Amor e Psique, da PAULUS, com mais de 50 t\u00edtulos sobre o assunto.<br \/>\nData: 15\/11\/12, quinta feira, \u00e0s 19h<br \/>\nLocal: Audit\u00f3rio<\/p>\n<p>Sess\u00e3o de aut\u00f3grafos<br \/>\nLivro: Antropologia filos\u00f3fica contempor\u00e2nea, de Manfredo Ara\u00fajo de Oliveira<br \/>\nSobre o autor: Manfredo Ara\u00fajo de Oliveira nasceu em 1941, em Limoeiro do Norte, no Cear\u00e1. \u00c9 mestre em Teologia pela Pontif\u00edcia Universidade Gregoriana de Roma, doutor em Filosofia pela Universidade Ludwig-Maximilian de Munique, na Alemanha, professor titular de Filosofia da Universidade Federal do Cear\u00e1, tendo sido professor visitante na p\u00f3s-gradua\u00e7\u00e3o em Filosofia da PUC de Porto Alegre, no Rio Grande do Sul, e no CESEP, em S\u00e3o Paulo. Pela PAULUS, publicou: \u00c9tica, direito e democracia (2\u00aa edi\u00e7\u00e3o).<br \/>\nData: 16\/11\/12, sexta feira, \u00e0s 19h<br \/>\nLocal: Audit\u00f3rio<br \/>\n<a href=\"http:\/\/www.paulus.com.br\/institucional\/releases\/filosofo-aborda-questoes-centrais-do-pensamento-contemporaneo-em-novo-livro-da-paulus#.UJJw0sXR6Bo\" target=\"_blank\">Clique aqui<\/a> para ler o release e baixar a capa em alta resolu\u00e7\u00e3o<\/p>\n","protected":false},"excerpt":{"rendered":"<p>O evento, que acontece de 8 a 18 de novembro, ser\u00e1 palco de extensa programa\u00e7\u00e3o cultural. Presente nas \u00a0principais \u00a0 feiras do mercado editorial no Brasil e no exterior, a PAULUS levar\u00e1 ao p\u00fablico sua grande variedade de produtos nas mais diversas \u00e1reas do conhecimento em que atua, como educa\u00e7\u00e3o, infantojuvenil, filosofia e ci\u00eancias humanas, [&hellip;]<\/p>\n","protected":false},"author":3,"featured_media":6082,"comment_status":"open","ping_status":"open","sticky":false,"template":"","format":"standard","meta":{"_acf_changed":false,"footnotes":""},"categories":[15],"tags":[142,18,108],"class_list":["post-6058","post","type-post","status-publish","format-standard","has-post-thumbnail","hentry","category-noticias","tag-antropologia","tag-bienal","tag-cordel"],"acf":[],"aioseo_notices":[],"_links":{"self":[{"href":"https:\/\/www.paulus.com.br\/portal\/wp-json\/wp\/v2\/posts\/6058","targetHints":{"allow":["GET"]}}],"collection":[{"href":"https:\/\/www.paulus.com.br\/portal\/wp-json\/wp\/v2\/posts"}],"about":[{"href":"https:\/\/www.paulus.com.br\/portal\/wp-json\/wp\/v2\/types\/post"}],"author":[{"embeddable":true,"href":"https:\/\/www.paulus.com.br\/portal\/wp-json\/wp\/v2\/users\/3"}],"replies":[{"embeddable":true,"href":"https:\/\/www.paulus.com.br\/portal\/wp-json\/wp\/v2\/comments?post=6058"}],"version-history":[{"count":0,"href":"https:\/\/www.paulus.com.br\/portal\/wp-json\/wp\/v2\/posts\/6058\/revisions"}],"wp:featuredmedia":[{"embeddable":true,"href":"https:\/\/www.paulus.com.br\/portal\/wp-json\/wp\/v2\/media\/6082"}],"wp:attachment":[{"href":"https:\/\/www.paulus.com.br\/portal\/wp-json\/wp\/v2\/media?parent=6058"}],"wp:term":[{"taxonomy":"category","embeddable":true,"href":"https:\/\/www.paulus.com.br\/portal\/wp-json\/wp\/v2\/categories?post=6058"},{"taxonomy":"post_tag","embeddable":true,"href":"https:\/\/www.paulus.com.br\/portal\/wp-json\/wp\/v2\/tags?post=6058"}],"curies":[{"name":"wp","href":"https:\/\/api.w.org\/{rel}","templated":true}]}}