{"id":60216,"date":"2022-02-07T13:14:08","date_gmt":"2022-02-07T16:14:08","guid":{"rendered":"https:\/\/www.paulus.com.br\/portal\/?p=60216"},"modified":"2022-02-07T13:17:26","modified_gmt":"2022-02-07T16:17:26","slug":"paulus-convida-para-o-dialogo-e-lancamento-virtual-da-obra-helder-camara-quando-a-vida-se-faz-dom","status":"publish","type":"post","link":"https:\/\/www.paulus.com.br\/portal\/paulus-convida-para-o-dialogo-e-lancamento-virtual-da-obra-helder-camara-quando-a-vida-se-faz-dom\/","title":{"rendered":"PAULUS convida para o di\u00e1logo e lan\u00e7amento virtual da obra \u201cHelder Camara: Quando a vida se faz Dom\u201d"},"content":{"rendered":"<p><em>Evento previsto para as 19h via Youtube trar\u00e1 uma conversa dos autores Marcelo Barros e Eduardo Hoornaert sobre a biografia de Dom Helder Camara<\/em><\/p>\n<p><img loading=\"lazy\" decoding=\"async\" class=\"alignnone wp-image-60217 size-full\" src=\"https:\/\/www.paulus.com.br\/portal\/wp-content\/uploads\/2022\/02\/banner_helder_lanca.jpg\" alt=\"\" width=\"750\" height=\"350\" srcset=\"https:\/\/www.paulus.com.br\/portal\/wp-content\/uploads\/2022\/02\/banner_helder_lanca.jpg 750w, https:\/\/www.paulus.com.br\/portal\/wp-content\/uploads\/2022\/02\/banner_helder_lanca-300x140.jpg 300w, https:\/\/www.paulus.com.br\/portal\/wp-content\/uploads\/2022\/02\/banner_helder_lanca-120x56.jpg 120w, https:\/\/www.paulus.com.br\/portal\/wp-content\/uploads\/2022\/02\/banner_helder_lanca-90x42.jpg 90w, https:\/\/www.paulus.com.br\/portal\/wp-content\/uploads\/2022\/02\/banner_helder_lanca-180x84.jpg 180w\" sizes=\"auto, (max-width: 750px) 100vw, 750px\" \/><\/p>\n<p style=\"text-align: justify;\">Nesta segunda-feira, 07 de fevereiro, recorda-se o anivers\u00e1rio natal\u00edcio de Dom Helder Camara, o servo de Deus que entregou sua vida em favor do Evangelho de Cristo e em defesa dos mais pobres e exclu\u00eddos da sociedade. \u00a0Se fosse vivo, Dom Helder estaria completando 113 anos de idade.<\/p>\n<p style=\"text-align: justify;\">Para celebrar a data, o Instituto Dom Helder Camara (IDHeC), localizado em Recife (PE), em parceria com a PAULUS Editora, promover\u00e1 \u00e0s 19h uma conversa entre os autores Marcelo Barros e Eduardo Hoornaert a respeito da importante trajet\u00f3ria e legado de Dom Helder Camara. O evento ser\u00e1 transmitido na <a href=\"https:\/\/www.youtube.com\/watch?v=o3yBXAOko9k\">P\u00e1gina do Youtube do IDHeC.<\/a><\/p>\n<p style=\"text-align: justify;\">Na ocasi\u00e3o, tamb\u00e9m ocorrer\u00e1 o lan\u00e7amento do livro \u201cHelder Camara: Quando a vida se faz Dom\u201d, uma biografia escrita por Eduardo Hoonaert e publicada pela PAULUS. Esta obra sobre Dom Helder Camara (1909-1999) inaugura a cole\u00e7\u00e3o\u00a0\u201c<em>Teologia da vida\u201d<\/em> e apresenta ao p\u00fablico relatos marcantes de quem conviveu, trabalhou e compartilhou de perto v\u00e1rios epis\u00f3dios da vida do mission\u00e1rio de Cristo e grande defensor dos Direitos Humanos.<\/p>\n<p style=\"text-align: justify;\">Ap\u00f3s um amplo estudo biogr\u00e1fico, o autor apresenta ao leitor, de fato, quem foi Helder Camara, a narra\u00e7\u00e3o parte desde a sua inf\u00e2ncia, ingresso no semin\u00e1rio, ordena\u00e7\u00e3o sacerdotal, o bispado na diocese de Olinda e Recife, viagens e discursos, posicionamentos durante da Ditadura Militar (1964 \u2013 1985), seus poemas e a\u00e7\u00f5es mission\u00e1rias junto ao povo de Deus.<\/p>\n<p style=\"text-align: justify;\">O presente evento recorda a importante trajet\u00f3ria de um ap\u00f3stolo fiel que abra\u00e7ou a f\u00e9 e o pr\u00f3prio Cristo presente na face de homens, mulheres e crian\u00e7as. \u00a0Para Eduardo Hoornaert, Helder Camara representa o que o povo brasileiro tem de melhor: a esperan\u00e7a tenaz em dias melhores; a resist\u00eancia \u00e0 longa repeti\u00e7\u00e3o de sistemas pol\u00edticos, econ\u00f4micos e sociais opressivos; a ousadia em trabalhar incessantemente na constru\u00e7\u00e3o de uma sociedade diferente, de maior justi\u00e7a e fraternidade.<\/p>\n<p style=\"text-align: justify;\">Marcelo Barros \u00e9 autor da obra \u201cDom Helder Camara \u2013 profeta para os nossos dias\u201d, publicado pela PAULUS. Marcelo foi ordenado padre por Dom Helder, o autor tamb\u00e9m foi, durante oito anos, seu secret\u00e1rio para a Pastoral da Juventude e para o Ecumenismo.<\/p>\n<p><strong>Servi\u00e7o<\/strong><br \/>\n<strong>Lan\u00e7amento e di\u00e1logo:<\/strong> Helder Camara: Quando a vida se faz dom<br \/>\n<strong>Data:<\/strong> 07 de fevereiro, segunda-feira, \u00e0s 19h<br \/>\n<strong>Participa\u00e7\u00e3o:<\/strong> Autores Eduardo Hoonaert\u00a0 e Marcelo Barros<br \/>\n<strong>Transmiss\u00e3o:<\/strong> \u00a0<a href=\"https:\/\/www.youtube.com\/watch?v=o3yBXAOko9k\">Youtube \u2013\u00a0 IDHeC.<\/a><\/p>\n","protected":false},"excerpt":{"rendered":"<p>Evento previsto para as 19h via Youtube trar\u00e1 uma conversa dos autores Marcelo Barros e Eduardo Hoornaert sobre a biografia de Dom Helder Camara Nesta segunda-feira, 07 de fevereiro, recorda-se o anivers\u00e1rio natal\u00edcio de Dom Helder Camara, o servo de Deus que entregou sua vida em favor do Evangelho de Cristo e em defesa dos [&hellip;]<\/p>\n","protected":false},"author":3,"featured_media":60218,"comment_status":"open","ping_status":"open","sticky":false,"template":"","format":"standard","meta":{"_acf_changed":false,"footnotes":""},"categories":[15],"tags":[],"class_list":["post-60216","post","type-post","status-publish","format-standard","has-post-thumbnail","hentry","category-noticias"],"acf":[],"aioseo_notices":[],"_links":{"self":[{"href":"https:\/\/www.paulus.com.br\/portal\/wp-json\/wp\/v2\/posts\/60216","targetHints":{"allow":["GET"]}}],"collection":[{"href":"https:\/\/www.paulus.com.br\/portal\/wp-json\/wp\/v2\/posts"}],"about":[{"href":"https:\/\/www.paulus.com.br\/portal\/wp-json\/wp\/v2\/types\/post"}],"author":[{"embeddable":true,"href":"https:\/\/www.paulus.com.br\/portal\/wp-json\/wp\/v2\/users\/3"}],"replies":[{"embeddable":true,"href":"https:\/\/www.paulus.com.br\/portal\/wp-json\/wp\/v2\/comments?post=60216"}],"version-history":[{"count":4,"href":"https:\/\/www.paulus.com.br\/portal\/wp-json\/wp\/v2\/posts\/60216\/revisions"}],"predecessor-version":[{"id":60220,"href":"https:\/\/www.paulus.com.br\/portal\/wp-json\/wp\/v2\/posts\/60216\/revisions\/60220"}],"wp:featuredmedia":[{"embeddable":true,"href":"https:\/\/www.paulus.com.br\/portal\/wp-json\/wp\/v2\/media\/60218"}],"wp:attachment":[{"href":"https:\/\/www.paulus.com.br\/portal\/wp-json\/wp\/v2\/media?parent=60216"}],"wp:term":[{"taxonomy":"category","embeddable":true,"href":"https:\/\/www.paulus.com.br\/portal\/wp-json\/wp\/v2\/categories?post=60216"},{"taxonomy":"post_tag","embeddable":true,"href":"https:\/\/www.paulus.com.br\/portal\/wp-json\/wp\/v2\/tags?post=60216"}],"curies":[{"name":"wp","href":"https:\/\/api.w.org\/{rel}","templated":true}]}}