{"id":5836,"date":"2012-10-29T15:47:22","date_gmt":"2012-10-29T17:47:22","guid":{"rendered":"http:\/\/www.paulus.com.br\/institucional\/?p=5836"},"modified":"2012-11-05T16:04:11","modified_gmt":"2012-11-05T18:04:11","slug":"autores-da-paulus-participam-de-evento-sobre-leitura-em-joao-pessoa","status":"publish","type":"post","link":"https:\/\/www.paulus.com.br\/portal\/autores-da-paulus-participam-de-evento-sobre-leitura-em-joao-pessoa\/","title":{"rendered":"Autores da PAULUS participam de evento sobre leitura em Jo\u00e3o Pessoa"},"content":{"rendered":"<p><a href=\"http:\/\/www.paulus.com.br\/institucional\/wp-content\/uploads\/2012\/10\/ATT002571.jpg\"><img loading=\"lazy\" decoding=\"async\" class=\"alignleft size-thumbnail wp-image-6101\" title=\"ATT00257\" src=\"http:\/\/www.paulus.com.br\/institucional\/wp-content\/uploads\/2012\/10\/ATT002571-150x150.jpg\" alt=\"\" width=\"150\" height=\"150\" srcset=\"https:\/\/www.paulus.com.br\/portal\/wp-content\/uploads\/2012\/10\/ATT002571-150x150.jpg 150w, https:\/\/www.paulus.com.br\/portal\/wp-content\/uploads\/2012\/10\/ATT002571-60x60.jpg 60w\" sizes=\"auto, (max-width: 150px) 100vw, 150px\" \/><\/a>Organizado pelo Polo de Leitura na Rede e com o apoio da PAULUS Editora, o III Semin\u00e1rio de Leitura na Rede come\u00e7a amanh\u00e3. Com o tema \u201cPor uma Para\u00edba leitora\u201d, o evento, que tem parcerias com outras diversas institui\u00e7\u00f5es, discutir\u00e1 assuntos relacionados ao livro e levar\u00e1 personalidades importantes para os debates.<\/p>\n<p>Ronaldo Monte, autor de <em><strong>A menina De Noite<\/strong><\/em>, e Andr\u00e9 Neves, autor do livro <em><strong>Maria Mole<\/strong><\/em>, ambos publicados pela PAULUS, participar\u00e3o da 1\u00aa Mesa de debate, que abordar\u00e1 a democratiza\u00e7\u00e3o do acesso ao livro como estrat\u00e9gia educativa e cultural. Em seguida, haver\u00e1 uma sess\u00e3o de aut\u00f3grafos. A ilustradora Veruschka Guerra tamb\u00e9m estar\u00e1 presente no evento, que acontecer\u00e1 no Teatro do Sesi (Rua Rodrigues Chaves, 90 \u2013 Centro \u2013 Jo\u00e3o Pessoa\/PB).<\/p>\n<p><strong>Confira abaixo a programa\u00e7\u00e3o completa:<\/strong><\/p>\n<p><strong>30 de outubro<\/strong><\/p>\n<p>12h a 13h30 \u2013 Confirma\u00e7\u00e3o do credenciamento<br \/>\n13h40 \u00e0s 14h30 \u2013 Abertura<br \/>\nLeitura do Manifesto por uma Para\u00edba leitora<br \/>\nApresenta\u00e7\u00e3o cultural<br \/>\n14h30 \u00e0s 16h30 \u2013 1\u00aa mesa<br \/>\nTema: A democratiza\u00e7\u00e3o do acesso ao livro como estrat\u00e9gia educativa e cultural<br \/>\nMediador: Volnei Can\u00f4nica \u2013 Coordenador Nacional do Programa Prazer em Ler<br \/>\nConvidados: Ronaldo Monte (escritor) e Andr\u00e9 Neves (escritor e ilustrador)<br \/>\n16h30 \u2013 Sess\u00e3o de aut\u00f3grafos com Ronaldo Monte, Veruschka Guerra e Andr\u00e9 Neves<\/p>\n<p><strong>31 de outubro<\/strong><\/p>\n<p>Manh\u00e3<\/p>\n<p>9h \u00e0s 11h \u2013 Grupos de trabalho a partir dos eixos do PNLL<br \/>\nEIXO 1. Democratiza\u00e7\u00e3o do Acesso<br \/>\nEIXO 2. Fomento \u00e0 leitura e \u00e0 forma\u00e7\u00e3o de mediadores<br \/>\nEIXO 3. Valoriza\u00e7\u00e3o da Leitura e Comunica\u00e7\u00e3o<br \/>\nEIXO 4. Desenvolvimento da Economia do Livro<br \/>\n11h \u00e0s 12h \u2013 Socializa\u00e7\u00e3o dos Gts<\/p>\n<p>Tarde<\/p>\n<p>14h \u00e0s 17h \u2013 2\u00aa mesa<br \/>\nTema: Por uma Para\u00edba leitora<br \/>\nMediadora: Cida Fernandes \u2013 Coordenadora do Centro de Cultura Luiz Freire<br \/>\nConvidados: Dep\u00aa F\u00e1tima Bezerra \u2013 PT\/RN Presidenta da Frente Parlamentar Mista do Livro e Leitura, \u00c1urea Alencar \u2013 Coordenadora Nacional do Movimento Por um Brasil Liter\u00e1rio, M\u00e1rcia Cavalcanti \u2013 Coordenadora do PMLL de Porto Alegre\/RS, Genildo Lucena \u2013 Secret\u00e1rio Adjunto de Educa\u00e7\u00e3o e Cultura de Jo\u00e3o Pessoa\/PB<\/p>\n","protected":false},"excerpt":{"rendered":"<p>Organizado pelo Polo de Leitura na Rede e com o apoio da PAULUS Editora, o III Semin\u00e1rio de Leitura na Rede come\u00e7a amanh\u00e3. Com o tema \u201cPor uma Para\u00edba leitora\u201d, o evento, que tem parcerias com outras diversas institui\u00e7\u00f5es, discutir\u00e1 assuntos relacionados ao livro e levar\u00e1 personalidades importantes para os debates. Ronaldo Monte, autor de [&hellip;]<\/p>\n","protected":false},"author":3,"featured_media":5837,"comment_status":"open","ping_status":"open","sticky":false,"template":"","format":"standard","meta":{"_acf_changed":false,"footnotes":""},"categories":[15],"tags":[324,323],"class_list":["post-5836","post","type-post","status-publish","format-standard","has-post-thumbnail","hentry","category-noticias","tag-joao-pessoa","tag-leitura"],"acf":[],"aioseo_notices":[],"_links":{"self":[{"href":"https:\/\/www.paulus.com.br\/portal\/wp-json\/wp\/v2\/posts\/5836","targetHints":{"allow":["GET"]}}],"collection":[{"href":"https:\/\/www.paulus.com.br\/portal\/wp-json\/wp\/v2\/posts"}],"about":[{"href":"https:\/\/www.paulus.com.br\/portal\/wp-json\/wp\/v2\/types\/post"}],"author":[{"embeddable":true,"href":"https:\/\/www.paulus.com.br\/portal\/wp-json\/wp\/v2\/users\/3"}],"replies":[{"embeddable":true,"href":"https:\/\/www.paulus.com.br\/portal\/wp-json\/wp\/v2\/comments?post=5836"}],"version-history":[{"count":0,"href":"https:\/\/www.paulus.com.br\/portal\/wp-json\/wp\/v2\/posts\/5836\/revisions"}],"wp:featuredmedia":[{"embeddable":true,"href":"https:\/\/www.paulus.com.br\/portal\/wp-json\/wp\/v2\/media\/5837"}],"wp:attachment":[{"href":"https:\/\/www.paulus.com.br\/portal\/wp-json\/wp\/v2\/media?parent=5836"}],"wp:term":[{"taxonomy":"category","embeddable":true,"href":"https:\/\/www.paulus.com.br\/portal\/wp-json\/wp\/v2\/categories?post=5836"},{"taxonomy":"post_tag","embeddable":true,"href":"https:\/\/www.paulus.com.br\/portal\/wp-json\/wp\/v2\/tags?post=5836"}],"curies":[{"name":"wp","href":"https:\/\/api.w.org\/{rel}","templated":true}]}}