{"id":55332,"date":"2021-04-20T14:29:52","date_gmt":"2021-04-20T17:29:52","guid":{"rendered":"https:\/\/www.paulus.com.br\/portal\/?p=55332"},"modified":"2021-04-20T14:29:52","modified_gmt":"2021-04-20T17:29:52","slug":"a-leveza-da-fe-permite-amar-a-deus-sem-culpa","status":"publish","type":"post","link":"https:\/\/www.paulus.com.br\/portal\/a-leveza-da-fe-permite-amar-a-deus-sem-culpa\/","title":{"rendered":"A leveza da f\u00e9 permite amar a Deus sem culpa"},"content":{"rendered":"<p style=\"text-align: justify;\">Em tempos de intoler\u00e2ncia e polariza\u00e7\u00e3o, a COVID-19 inaugurou uma nova era, chegando no cen\u00e1rio mundial com a for\u00e7a de um furac\u00e3o capaz de desestabilizar a economia; distanciar socialmente os seres humanos; escancarar a desigualdade social; provocar inseguran\u00e7a e medo, mas tamb\u00e9m estimular o negacionismo e a insensibilidade; al\u00e9m de ceifar milh\u00f5es de vidas no Planeta Terra, causando sofrimento a tantas fam\u00edlias que perderam entes queridos na dura batalha contra o v\u00edrus letal. Ao experimentar essa realidade dif\u00edcil e controversa, a pergunta que me veio ao cora\u00e7\u00e3o foi \u201conde buscar inspira\u00e7\u00e3o para escrever sobre Deus, leveza, amor e f\u00e9 diante de fatos t\u00e3o \u00e1rduos vividos hoje?\u201d<\/p>\n<blockquote>\n<p style=\"text-align: justify;\">Por muitas vezes, durante meses, as palavras me fugiram e n\u00e3o as encontrei em lugar algum dentro de mim. Elas foram insuficientes para expressar tamanha dor e transformar o caos em esperan\u00e7a. Desse modo, pude experimentar a solid\u00e3o, a impot\u00eancia, a inquietude ineficaz invadir o meu ser a cada novo dia. Pessoas queridas indo embora, outras lutando para ficar, algumas sendo atingidas indiretamente, seja na sa\u00fade ou no trabalho. Tudo junto e misturado. Um turbilh\u00e3o de emo\u00e7\u00f5es que precisava ser colocado em ordem at\u00e9 mesmo para que a minha pr\u00f3pria imunidade se mantivesse est\u00e1vel.<\/p>\n<\/blockquote>\n<p style=\"text-align: justify;\">Neste percurso, pude ir percebendo na ora\u00e7\u00e3o di\u00e1ria, um sentimento diferente surgindo aos poucos, de um maneira nunca antes experimentada. O come\u00e7o do despertar se deu quando coloquei uma melodia na frase \u201ca f\u00e9 \u00e9 o fundamento da esperan\u00e7a, \u00e9 a certeza do que n\u00e3o se v\u00ea\u201d (Hb 11,1), resgatando dela um sentido maior dentro de mim. Num certo dia, ao cant\u00e1-la incansavelmente, alcancei um entendimento de que a leveza da f\u00e9 est\u00e1 diretamente ligada \u00e0 a\u00e7\u00e3o de amar a Deus sem culpas, com delicadeza, gratid\u00e3o e beleza. Enfrentando os desafios para al\u00e9m dos pesos habituais, das dores mais profundas, dos sentimentos menos nobres impostos a mim mesma na luta di\u00e1ria pela exigente sobreviv\u00eancia.<\/p>\n<p style=\"text-align: justify;\">Esse processo me possibilitou perceber a necessidade de desconstruir na raz\u00e3o e no cora\u00e7\u00e3o, a ideia errada a respeito de amar a Deus com o peso da culpa, que me coloca em uma condi\u00e7\u00e3o inferior de ser sempre devedora na rela\u00e7\u00e3o com Ele. E por mais que queira agir conforme a sua vontade, segundo os princ\u00edpios do amor, muitas vezes ao desconectar com a minha Fonte interior, nas tantas tribula\u00e7\u00f5es vividas, corri s\u00e9rios riscos de me perder, perdendo a conex\u00e3o ao me expor \u00e0 exterioridade fren\u00e9tica, confusa, insegura, misturada, na qual tantas coisas me chegaram pelos olhos e os ouvidos, provocando muito medo.<\/p>\n<p style=\"text-align: justify;\">Diante disso, o regaste da leveza da f\u00e9 atrav\u00e9s da palavra e da m\u00fasica, ressignificou a centralidade do Seu amor na minha \u201cestreita vida\u201d durante a pandemia e sua incondicional solidez em meio \u00e0s in\u00fameras tempestades. Interiormente tenho descoberto novas maneiras de crer ao me reconhecer agora mais do que nunca, cara a cara, nas tantas luzes e sombras, escrever a hist\u00f3ria com novas cores e desvendar outros modos de encontrar a mim mesma e \u00e0s pessoas.<\/p>\n<p style=\"text-align: justify;\">Portanto, o horizonte de sentido desse meu caminhar abriu um espa\u00e7o para a a\u00e7\u00e3o de reconstruir a rela\u00e7\u00e3o com Deus de um modo aut\u00eantico e simples, considerando a atua\u00e7\u00e3o necess\u00e1ria e imprescind\u00edvel da f\u00e9 em sua leveza realista. Pois, sendo ela \u00e9 o \u201cfundamento da esperan\u00e7a\u201d, n\u00e3o posso, de jeito algum, tirar os olhos dessa certeza, para que meu pensar, sentir e agir se integrem verdadeiramente, e quem sabe assim, eu possa ser luz no mundo, sal na terra, fermento na massa e sementes ao vento, independentemente do que a realidade apresenta.<\/p>\n<blockquote>\n<p style=\"text-align: justify;\">A alegria de crer em meio \u00e0 guerra, de cultivar a esperan\u00e7a e ressignificar a morte, n\u00e3o fugindo e nem negando sua exist\u00eancia de ser sopro inevit\u00e1vel, pode hoje me instigar a um desejo mais profundo de liberta\u00e7\u00e3o das tantas ilus\u00f5es de \u201ceternidade\u201d que insisto carregar nas costas. Certamente, meu amado S\u00e3o Francisco de Assis, pode me ensinar a respeit\u00e1-la como irm\u00e3, e nisso reconhecer uma express\u00e3o maior da f\u00e9.<\/p>\n<\/blockquote>\n<p style=\"text-align: justify;\">E ainda que diante do sofrimento desumano atravessado por todos n\u00f3s neste \u00faltimo ano, em que 238.000 pessoas (fora as tantos que n\u00e3o entraram nas estat\u00edsticas por falta de tempo das equipes m\u00e9dicas notificarem) n\u00e3o deram conta de vencer esse v\u00edrus potente, quem sabe podemos afirmar que amar a Deus n\u00e3o deve ser com culpa, mesmo diante das trag\u00e9dias, mas com a leveza que s\u00f3 a f\u00e9 suscita. Assim, n\u00e3o ser\u00e1 preciso colocar na conta dele essas perdas com a cl\u00e1ssica frase: \u201cFoi Deus quem quis!\u201d Isto n\u00e3o \u00e9 verdade diante da certeza de que Ele \u00e9 quem d\u00e1 a vida, sendo capaz de sustent\u00e1-la com miseric\u00f3rdia, mesmo diante de toda a fragilidade e inseguran\u00e7a que nos cerca por dentro e por fora.<\/p>\n","protected":false},"excerpt":{"rendered":"<p>Em tempos de intoler\u00e2ncia e polariza\u00e7\u00e3o, a COVID-19 inaugurou uma nova era, chegando no cen\u00e1rio mundial com a for\u00e7a de um furac\u00e3o capaz de desestabilizar a economia; distanciar socialmente os seres humanos; escancarar a desigualdade social; provocar inseguran\u00e7a e medo, mas tamb\u00e9m estimular o negacionismo e a insensibilidade; al\u00e9m de ceifar milh\u00f5es de vidas no [&hellip;]<\/p>\n","protected":false},"author":41,"featured_media":0,"comment_status":"open","ping_status":"open","sticky":false,"template":"","format":"standard","meta":{"_acf_changed":false,"footnotes":""},"categories":[356],"tags":[],"class_list":["post-55332","post","type-post","status-publish","format-standard","hentry","category-colunista"],"acf":[],"aioseo_notices":[],"_links":{"self":[{"href":"https:\/\/www.paulus.com.br\/portal\/wp-json\/wp\/v2\/posts\/55332","targetHints":{"allow":["GET"]}}],"collection":[{"href":"https:\/\/www.paulus.com.br\/portal\/wp-json\/wp\/v2\/posts"}],"about":[{"href":"https:\/\/www.paulus.com.br\/portal\/wp-json\/wp\/v2\/types\/post"}],"author":[{"embeddable":true,"href":"https:\/\/www.paulus.com.br\/portal\/wp-json\/wp\/v2\/users\/41"}],"replies":[{"embeddable":true,"href":"https:\/\/www.paulus.com.br\/portal\/wp-json\/wp\/v2\/comments?post=55332"}],"version-history":[{"count":1,"href":"https:\/\/www.paulus.com.br\/portal\/wp-json\/wp\/v2\/posts\/55332\/revisions"}],"predecessor-version":[{"id":55333,"href":"https:\/\/www.paulus.com.br\/portal\/wp-json\/wp\/v2\/posts\/55332\/revisions\/55333"}],"wp:attachment":[{"href":"https:\/\/www.paulus.com.br\/portal\/wp-json\/wp\/v2\/media?parent=55332"}],"wp:term":[{"taxonomy":"category","embeddable":true,"href":"https:\/\/www.paulus.com.br\/portal\/wp-json\/wp\/v2\/categories?post=55332"},{"taxonomy":"post_tag","embeddable":true,"href":"https:\/\/www.paulus.com.br\/portal\/wp-json\/wp\/v2\/tags?post=55332"}],"curies":[{"name":"wp","href":"https:\/\/api.w.org\/{rel}","templated":true}]}}