{"id":55,"date":"2012-05-12T19:23:17","date_gmt":"2012-05-12T19:23:17","guid":{"rendered":"http:\/\/www.paulus.com.br\/institucional\/?p=55"},"modified":"2012-06-15T19:54:10","modified_gmt":"2012-06-15T19:54:10","slug":"paulus-tera-programacao-especial-na-bienal-do-livro-de-minas-gerais","status":"publish","type":"post","link":"https:\/\/www.paulus.com.br\/portal\/paulus-tera-programacao-especial-na-bienal-do-livro-de-minas-gerais\/","title":{"rendered":"PAULUS ter\u00e1 programa\u00e7\u00e3o especial na Bienal do Livro de Minas Gerais"},"content":{"rendered":"<p>O evento, que chega em sua 3\u00aa edi\u00e7\u00e3o, \u00e9 conhecido como uma das principais iniciativas de incentivo \u00e0 leitura em todo o pa\u00eds. A PAULUS, comprometida em difundir a cultura e a informa\u00e7\u00e3o, estar\u00e1 presente nesta grande festa oferecendo ao p\u00fablico in\u00fameras novidades.<\/p>\n<p>Segundo Rom\u00e9rio Santana, gerente da PAULUS Livraria de Belo Horizonte, este \u00e9 um momento de muita expectativa e trabalho para a equipe. \u201cEstamos visitando as escolas, entregando kits de divulga\u00e7\u00e3o e o convite para irem ao nosso estande. Preparamos tamb\u00e9m alguns brindes para os clientes que nos prestigiarem durante a feira\u201d, afirma.<\/p>\n<p>Com uma \u00e1rea de 35m2, o estande, localizado na Rua E11, estar\u00e1 repleto de t\u00edtulos das diversas \u00e1reas do conhecimento em que a editora atua, como educa\u00e7\u00e3o, infant ojuvenil, filosofia e ci\u00eancias humanas, teologia, sa\u00fade, entre outras. Al\u00e9m disso, haver\u00e1 mais de 2 mil livros a R$ 5,00 \u00e0 disposi\u00e7\u00e3o do p\u00fablico.<br \/>\nConfira abaixo a programa\u00e7\u00e3o completa da PAULUS na Bienal:<\/p>\n<p>Noite de aut\u00f3grafos com Antonio Iraildo Alves de Brito, autor dos livros Patativa do Assar\u00e9 e Cidadania em ritmo de cordel<br \/>\nData: 19 de maio<br \/>\nHor\u00e1rio: 18h30<br \/>\nLocal: Estande da PAULUS (Rua E11)<\/p>\n<p>Lan\u00e7amento do livro Ave Viola, cordel da viola caipira, de Jorge Fernando dos Santos<br \/>\nData: 26 de maio<br \/>\nHor\u00e1rio: 18h30<br \/>\nLocal: Estande da PAULUS (Rua E11)<\/p>\n<p>Haver\u00e1 ainda conta\u00e7\u00e3o de hist\u00f3rias aos finais de semana e concursos de desenhos com as crian\u00e7as durante toda a feira. A Bienal do Livro de Minas acontece de 18 a 27 de maio, de segunda a sexta-feira, das 9h \u00e0s 22h (exceto no primeiro dia, que ser\u00e1 das 12h \u00e0s 22h), e aos finais de semana, das 10 h \u00e0s 22h, no Expominas, que fica na Avenida Amazonas, 6030 \u2013 Bairro Gameleira \u2013 Belo Horizonte\/MG.<\/p>\n","protected":false},"excerpt":{"rendered":"<p>Belo Horizonte<\/p>\n","protected":false},"author":57,"featured_media":431,"comment_status":"open","ping_status":"open","sticky":false,"template":"","format":"standard","meta":{"_acf_changed":false,"footnotes":""},"categories":[15],"tags":[591,18,593],"class_list":["post-55","post","type-post","status-publish","format-standard","has-post-thumbnail","hentry","category-noticias","tag-belo-horizonte","tag-bienal","tag-minas-gerais"],"acf":[],"aioseo_notices":[],"_links":{"self":[{"href":"https:\/\/www.paulus.com.br\/portal\/wp-json\/wp\/v2\/posts\/55","targetHints":{"allow":["GET"]}}],"collection":[{"href":"https:\/\/www.paulus.com.br\/portal\/wp-json\/wp\/v2\/posts"}],"about":[{"href":"https:\/\/www.paulus.com.br\/portal\/wp-json\/wp\/v2\/types\/post"}],"author":[{"embeddable":true,"href":"https:\/\/www.paulus.com.br\/portal\/wp-json\/wp\/v2\/users\/57"}],"replies":[{"embeddable":true,"href":"https:\/\/www.paulus.com.br\/portal\/wp-json\/wp\/v2\/comments?post=55"}],"version-history":[{"count":0,"href":"https:\/\/www.paulus.com.br\/portal\/wp-json\/wp\/v2\/posts\/55\/revisions"}],"wp:featuredmedia":[{"embeddable":true,"href":"https:\/\/www.paulus.com.br\/portal\/wp-json\/wp\/v2\/media\/431"}],"wp:attachment":[{"href":"https:\/\/www.paulus.com.br\/portal\/wp-json\/wp\/v2\/media?parent=55"}],"wp:term":[{"taxonomy":"category","embeddable":true,"href":"https:\/\/www.paulus.com.br\/portal\/wp-json\/wp\/v2\/categories?post=55"},{"taxonomy":"post_tag","embeddable":true,"href":"https:\/\/www.paulus.com.br\/portal\/wp-json\/wp\/v2\/tags?post=55"}],"curies":[{"name":"wp","href":"https:\/\/api.w.org\/{rel}","templated":true}]}}