{"id":51316,"date":"2020-05-22T16:06:43","date_gmt":"2020-05-22T19:06:43","guid":{"rendered":"https:\/\/www.paulus.com.br\/portal\/?p=51316"},"modified":"2020-05-22T16:06:43","modified_gmt":"2020-05-22T19:06:43","slug":"o-papa-francisco-e-a-comunicacao-da-igreja-2","status":"publish","type":"post","link":"https:\/\/www.paulus.com.br\/portal\/o-papa-francisco-e-a-comunicacao-da-igreja-2\/","title":{"rendered":"O papa Francisco e a comunica\u00e7\u00e3o da Igreja"},"content":{"rendered":"<p style=\"text-align: justify;\">Em 13 de mar\u00e7o de 2020, a elei\u00e7\u00e3o do Papa Francisco como bispo de Roma completou sete anos. Seu pontificado tem sido t\u00e3o intenso, com tantos grandes e pequenos \u2013 mas sempre muito significativo \u00ad\u2013 gestos concretos, atitudes, iniciativas, falas e documentos oficiais e extraoficiais de alta repercuss\u00e3o, que at\u00e9 parece j\u00e1 ter passado o dobro desse tempo.<\/p>\n<blockquote>\n<p style=\"text-align: justify;\">Dentre tantos outros aspectos e dimens\u00f5es que se destacam, o pontificado de Francisco \u00e9 muito rico do ponto de vista de sua comunica\u00e7\u00e3o com a Igreja e o mundo. \u00c9 bem comum que se confunda comunica\u00e7\u00e3o apenas com o uso de t\u00e9cnicas e recursos tecnol\u00f3gicos para emitir mensagens com \u201cconstru\u00e7\u00e3o\u201d de celebridades e mensagens muitas vezes superficiais e vazias de valores. Comunica\u00e7\u00e3o \u00e9 tamb\u00e9m uso das t\u00e9cnicas e tecnologias, mas \u00e9 muito mais. Envolve o conte\u00fado, as atitudes, a intera\u00e7\u00e3o, os objetivos e a considera\u00e7\u00e3o ou desconsidera\u00e7\u00e3o com que o emissor tem para com seus interlocutores. E isso fica bem claro na qualidade da comunica\u00e7\u00e3o do papa. Al\u00e9m do uso de t\u00e9cnicas e recursos como a conta no Twitter \u2013 tamb\u00e9m usada por Bento XVI \u2013, a r\u00e1dio, a TV, a editora e o jornal do Vaticano, j\u00e1 utilizam grande efic\u00e1cia de sua comunica\u00e7\u00e3o vai bem al\u00e9m das tecnologias<\/p>\n<\/blockquote>\n<p style=\"text-align: justify;\">A comunica\u00e7\u00e3o em seu sentido mais profundo e genu\u00edno \u00e9 intera\u00e7\u00e3o, di\u00e1logo, entendimento. O fil\u00f3sofo e estudioso da comunica\u00e7\u00e3o J\u00fcrgen Habermas concebe-a a como um di\u00e1logo entre partes em que para os enunciados de uma delas serem considerados v\u00e1lidos, ela, necessariamente, precisa considerar a validade dos argumentos da outra. A mensagem n\u00e3o \u00e9 simplesmente o que uma parte transmite ou quer incutir na outra, mas \u00e9 o entendimento produzido na intera\u00e7\u00e3o, com o enriquecimento daqueles que dialogam.<\/p>\n<p style=\"text-align: justify;\">Ainda segundo Habermas, os enunciados s\u00f3 s\u00e3o realmente \u201ca\u00e7\u00e3o comunicativa\u201d quando h\u00e1 essa inten\u00e7\u00e3o e disposi\u00e7\u00e3o para o di\u00e1logo e o entendimento. A mensagem n\u00e3o vale apenas pela for\u00e7a da autoridade e muito menos pela imposi\u00e7\u00e3o, mas, sobretudo, pela for\u00e7a dos argumentos. Quando o enunciado visa somente determinar ou for\u00e7ar o que outro deve ouvir ou fazer, n\u00e3o se trata, na concep\u00e7\u00e3o dele, de \u201ca\u00e7\u00e3o comunicativa\u201d, mas \u201ca\u00e7\u00e3o performativa\u201d para gerar um resultado concebido anteriormente. Ou tamb\u00e9m, como no caso da comunica\u00e7\u00e3o de massas, em que se visa apenas incutir pensamentos e ideologias, e manipular; trata-se de a\u00e7\u00f5es de \u201ccoloniza\u00e7\u00e3o do mundo da vida\u201d e n\u00e3o de \u201ca\u00e7\u00e3o comunicativa\u201d.<\/p>\n<p style=\"text-align: justify;\">\u00a0A amplitude e a efic\u00e1cia da comunica\u00e7\u00e3o do papa Francisco est\u00e3o na linha das a\u00e7\u00f5es comunicativas genu\u00ednas. N\u00e3o por ele ter se baseado nas teorias de Habermas, mas pelo seu modo de ser, de pensar, de conceber Deus, a humanidade, o mundo; por sua disposi\u00e7\u00e3o forte para o di\u00e1logo, para ouvir e valorizar o que os outros dizem e pensam; pelo seu forte cultivo interior e espiritual. Sua a\u00e7\u00e3o comunicativa inclui o forte impulso que deu na aplica\u00e7\u00e3o da contribui\u00e7\u00e3o do Conc\u00edlio Vaticano II, no sentido de resgatar a eclesiologia dos santos padres (do per\u00edodo Patr\u00edstico, os primeiros s\u00e9culos da Igreja). Nessa concep\u00e7\u00e3o, a Igreja \u00e9 entendida como comunh\u00e3o de Igrejas locais, n\u00e3o centralizadora e n\u00e3o vertical, mas colegial, sinodal, circular, sendo o minist\u00e9rio do papa um servi\u00e7o \u00e0 unidade nessa comunh\u00e3o diferenciada. Todas essas diretrizes s\u00e3o tamb\u00e9m comunica\u00e7\u00e3o para al\u00e9m das tecnologias. Francisco, j\u00e1 no in\u00edcio de seu pontificado, em sua primeira fala, ao saudar o povo ap\u00f3s sua elei\u00e7\u00e3o, deu importantes sinais no sentido de valorizar a Igreja como comunh\u00e3o de Igrejas locais, ao ressaltar, enf\u00e1tica e reiteradamente, que havia sido escolhido \u201cbispo de Roma\u201d para \u201cpresidir na caridade\u201d as outras Igrejas locais. Ou seja, j\u00e1 sinalizou que gostaria de superar o modelo de Igreja em que o \u201cprimado universal do papa\u201d \u00e9 muito proeminente, transformado os outros bispos e suas dioceses em meros coadjuvantes ou ac\u00f3litos do papa.<\/p>\n<p style=\"text-align: justify;\">Ele tem procurado exercer seu minist\u00e9rio de maneira sinodal e colegiada. N\u00e3o que antes n\u00e3o fossem realizados s\u00ednodos ou que nunca se tenha falado em colegialidade, mas faz toda a diferen\u00e7a quando n\u00e3o h\u00e1 condena\u00e7\u00f5es, sil\u00eancios obsequiosos e falas obsequiosas. Demonstra\u00e7\u00e3o clara disso foi quando, na abertura de um s\u00ednodo, o papa disse que aos participantes n\u00e3o deveriam falar coisas para agradar a ele ou algum setor, mas expor a realidade como ela \u00e9. Trata-se de uma postura bem diferente das reuni\u00f5es, assembleias, s\u00ednodos ou similares em qualquer \u00e2mbito em que as lideran\u00e7as e participantes querem ouvir apenas o que lhes agrada ou em que, tacitamente, todos sabem o que \u00e9 permitido ou n\u00e3o falar.<\/p>\n<blockquote>\n<p style=\"text-align: justify;\">Os gestos e as atitudes do pontificado de Francisco t\u00eam alimentado com \u00e2nimo e esperan\u00e7a aqueles que, na Igreja e no mundo, tamb\u00e9m t\u00eam abertura \u00e0 comunica\u00e7\u00e3o para gerar bons entendimentos para avan\u00e7ar na hist\u00f3ria e n\u00e3o ficar na ilus\u00e3o de um passado que n\u00e3o voltar\u00e1. Oxal\u00e1 os diversos movimentos, lideran\u00e7as, dioceses, congrega\u00e7\u00f5es e par\u00f3quias tenham a mesma disposi\u00e7\u00e3o para o di\u00e1logo verdadeiro com as pessoas e com o mundo e usufruam sempre mais do testemunho e dos exemplos do papa.<\/p>\n<\/blockquote>\n","protected":false},"excerpt":{"rendered":"<p>Em 13 de mar\u00e7o de 2020, a elei\u00e7\u00e3o do Papa Francisco como bispo de Roma completou sete anos. Seu pontificado tem sido t\u00e3o intenso, com tantos grandes e pequenos \u2013 mas sempre muito significativo \u00ad\u2013 gestos concretos, atitudes, iniciativas, falas e documentos oficiais e extraoficiais de alta repercuss\u00e3o, que at\u00e9 parece j\u00e1 ter passado o [&hellip;]<\/p>\n","protected":false},"author":15,"featured_media":0,"comment_status":"open","ping_status":"open","sticky":false,"template":"","format":"standard","meta":{"_acf_changed":false,"footnotes":""},"categories":[356],"tags":[],"class_list":["post-51316","post","type-post","status-publish","format-standard","hentry","category-colunista"],"acf":[],"aioseo_notices":[],"_links":{"self":[{"href":"https:\/\/www.paulus.com.br\/portal\/wp-json\/wp\/v2\/posts\/51316","targetHints":{"allow":["GET"]}}],"collection":[{"href":"https:\/\/www.paulus.com.br\/portal\/wp-json\/wp\/v2\/posts"}],"about":[{"href":"https:\/\/www.paulus.com.br\/portal\/wp-json\/wp\/v2\/types\/post"}],"author":[{"embeddable":true,"href":"https:\/\/www.paulus.com.br\/portal\/wp-json\/wp\/v2\/users\/15"}],"replies":[{"embeddable":true,"href":"https:\/\/www.paulus.com.br\/portal\/wp-json\/wp\/v2\/comments?post=51316"}],"version-history":[{"count":1,"href":"https:\/\/www.paulus.com.br\/portal\/wp-json\/wp\/v2\/posts\/51316\/revisions"}],"predecessor-version":[{"id":51317,"href":"https:\/\/www.paulus.com.br\/portal\/wp-json\/wp\/v2\/posts\/51316\/revisions\/51317"}],"wp:attachment":[{"href":"https:\/\/www.paulus.com.br\/portal\/wp-json\/wp\/v2\/media?parent=51316"}],"wp:term":[{"taxonomy":"category","embeddable":true,"href":"https:\/\/www.paulus.com.br\/portal\/wp-json\/wp\/v2\/categories?post=51316"},{"taxonomy":"post_tag","embeddable":true,"href":"https:\/\/www.paulus.com.br\/portal\/wp-json\/wp\/v2\/tags?post=51316"}],"curies":[{"name":"wp","href":"https:\/\/api.w.org\/{rel}","templated":true}]}}