{"id":46142,"date":"2019-05-16T15:32:29","date_gmt":"2019-05-16T18:32:29","guid":{"rendered":"https:\/\/www.paulus.com.br\/portal\/?p=46142"},"modified":"2019-05-16T15:34:24","modified_gmt":"2019-05-16T18:34:24","slug":"revista-paginas-abertas-da-paulus-editora-e-finalista-do-premio-de-comunicacao-da-cnbb","status":"publish","type":"post","link":"https:\/\/www.paulus.com.br\/portal\/revista-paginas-abertas-da-paulus-editora-e-finalista-do-premio-de-comunicacao-da-cnbb\/","title":{"rendered":"Revista P\u00e1ginas Abertas, da PAULUS Editora, \u00e9 finalista do Pr\u00eamio de Comunica\u00e7\u00e3o da CNBB"},"content":{"rendered":"<p>&nbsp;<\/p>\n<p><a href=\"https:\/\/www.paulus.com.br\/portal\/wp-content\/uploads\/2019\/05\/PremioCNBB-1.jpg\"><img loading=\"lazy\" decoding=\"async\" class=\"wp-image-46150 size-full aligncenter\" src=\"https:\/\/www.paulus.com.br\/portal\/wp-content\/uploads\/2019\/05\/PremioCNBB-1.jpg\" alt=\"\" width=\"750\" height=\"520\" \/><\/a><\/p>\n<p>Na segunda-feira (13), foram anunciados os finalistas do 52\u00ba Pr\u00eamios de Comunica\u00e7\u00e3o da CNBB (Confer\u00eancia Nacional dos Bispos do Brasil). A reportagem <em>Mission\u00e1rios na Amaz\u00f4nia<\/em>, produzida pelo rep\u00f3rter Matheus Macedo, publicada na edi\u00e7\u00e3o 75, da Revista <em>P\u00e1ginas Abertas,<\/em> foi eleita uma das finalistas do Pr\u00eamio Dom H\u00e9lder C\u00e2mara, que escolhe as melhores reportagens na categoria \u201crevista\u201d.<\/p>\n<p style=\"text-align: justify;\">A sele\u00e7\u00e3o dos finalistas da categoria foi feita por professores da Universidade Cat\u00f3lica de Bras\u00edlia (UCB). Os tr\u00eas trabalhos foram encaminhados para o J\u00fari de bispos que decidir\u00e3o o ganhador at\u00e9 o m\u00eas de junho. No entanto, o vencedor s\u00f3 ser\u00e1 revelado durante a cerim\u00f4nia de entrega, no dia 19 de junho, durante o 11\u00ba Mutir\u00e3o Brasileiro da Comunica\u00e7\u00e3o, que ser\u00e1 realizado em Goi\u00e2nia (GO). A premia\u00e7\u00e3o ser\u00e1 transmitida para todo o Brasil por emissoras de inspira\u00e7\u00e3o cat\u00f3lica.<\/p>\n<p style=\"text-align: justify;\">O rep\u00f3rter Matheus Macedo viajou por \u00e1guas Marajoaras por cerca de 20 dias, onde encontrou padres, religiosos (as) e mission\u00e1rios leigos que est\u00e3o na linha de frente da luta contra a pobreza, explora\u00e7\u00e3o sexual infantil, tr\u00e1fico de drogas, entre outros assuntos que atingem diretamente centenas de fam\u00edlias. A reportagem <em>Mission\u00e1rios na Amaz\u00f4nia<\/em>, narra a miss\u00e3o e os desafios de quem escolheu evangelizar em um dos cen\u00e1rios mais alarmantes do Brasil.<\/p>\n","protected":false},"excerpt":{"rendered":"<p>&nbsp; Na segunda-feira (13), foram anunciados os finalistas do 52\u00ba Pr\u00eamios de Comunica\u00e7\u00e3o da CNBB (Confer\u00eancia Nacional dos Bispos do Brasil). A reportagem Mission\u00e1rios na Amaz\u00f4nia, produzida pelo rep\u00f3rter Matheus Macedo, publicada na edi\u00e7\u00e3o 75, da Revista P\u00e1ginas Abertas, foi eleita uma das finalistas do Pr\u00eamio Dom H\u00e9lder C\u00e2mara, que escolhe as melhores reportagens na [&hellip;]<\/p>\n","protected":false},"author":3,"featured_media":46150,"comment_status":"open","ping_status":"open","sticky":false,"template":"","format":"standard","meta":{"_acf_changed":false,"footnotes":""},"categories":[15],"tags":[450,620,145,353,819],"class_list":["post-46142","post","type-post","status-publish","format-standard","has-post-thumbnail","hentry","category-noticias","tag-cnbb","tag-comunicacao","tag-dom-helder-camara","tag-premio","tag-revista-paginas-abertas"],"acf":[],"aioseo_notices":[],"_links":{"self":[{"href":"https:\/\/www.paulus.com.br\/portal\/wp-json\/wp\/v2\/posts\/46142","targetHints":{"allow":["GET"]}}],"collection":[{"href":"https:\/\/www.paulus.com.br\/portal\/wp-json\/wp\/v2\/posts"}],"about":[{"href":"https:\/\/www.paulus.com.br\/portal\/wp-json\/wp\/v2\/types\/post"}],"author":[{"embeddable":true,"href":"https:\/\/www.paulus.com.br\/portal\/wp-json\/wp\/v2\/users\/3"}],"replies":[{"embeddable":true,"href":"https:\/\/www.paulus.com.br\/portal\/wp-json\/wp\/v2\/comments?post=46142"}],"version-history":[{"count":3,"href":"https:\/\/www.paulus.com.br\/portal\/wp-json\/wp\/v2\/posts\/46142\/revisions"}],"predecessor-version":[{"id":46153,"href":"https:\/\/www.paulus.com.br\/portal\/wp-json\/wp\/v2\/posts\/46142\/revisions\/46153"}],"wp:featuredmedia":[{"embeddable":true,"href":"https:\/\/www.paulus.com.br\/portal\/wp-json\/wp\/v2\/media\/46150"}],"wp:attachment":[{"href":"https:\/\/www.paulus.com.br\/portal\/wp-json\/wp\/v2\/media?parent=46142"}],"wp:term":[{"taxonomy":"category","embeddable":true,"href":"https:\/\/www.paulus.com.br\/portal\/wp-json\/wp\/v2\/categories?post=46142"},{"taxonomy":"post_tag","embeddable":true,"href":"https:\/\/www.paulus.com.br\/portal\/wp-json\/wp\/v2\/tags?post=46142"}],"curies":[{"name":"wp","href":"https:\/\/api.w.org\/{rel}","templated":true}]}}