{"id":44173,"date":"2019-01-21T10:42:00","date_gmt":"2019-01-21T12:42:00","guid":{"rendered":"https:\/\/www.paulus.com.br\/portal\/?p=44173"},"modified":"2019-01-21T10:46:16","modified_gmt":"2019-01-21T12:46:16","slug":"livros-sapienciais-9-salmos-1","status":"publish","type":"post","link":"https:\/\/www.paulus.com.br\/portal\/livros-sapienciais-9-salmos-1\/","title":{"rendered":"Livros Sapienciais 9. Salmos-1"},"content":{"rendered":"<p style=\"text-align: justify;\">O livro dos Salmos \u00e9 formado por 150 ora\u00e7\u00f5es e hinos que o povo de Israel rezava ou cantava. Os salmos s\u00e3o uma s\u00edntese da espiritualidade do povo de Deus. Esses salmos ou ora\u00e7\u00f5es englobam todas as situa\u00e7\u00f5es de vida do povo. Temos reflex\u00f5es sapienciais, s\u00faplicas, louvores, ora\u00e7\u00f5es que falam de alegria, de doen\u00e7a, de cura, de entroniza\u00e7\u00e3o do rei&#8230;<\/p>\n<blockquote>\n<p style=\"text-align: justify;\">O livro dos Salmos talvez seja o livro mais rezado tamb\u00e9m pelo povo de hoje. A Igreja cat\u00f3lica adotou esses salmos como sua ora\u00e7\u00e3o oficial, na assim chamado Liturgia das Horas, antigamente chamado Brevi\u00e1rio. Como conhecemos pelos evangelhos, o pr\u00f3prio Jesus teria rezado e citado muitas vezes alguns salmos. Toda atividade cotidiana do Mestre est\u00e1 ligada \u00e0 ora\u00e7\u00e3o. Provavelmente participou de alguns momentos celebrativos nas sinagogas como bom judeu que era.<\/p>\n<\/blockquote>\n<p style=\"text-align: justify;\">A forma\u00e7\u00e3o do livro dos Salmos durou s\u00e9culos. Temos ora\u00e7\u00f5es do tempo de Davi (s\u00e9culo 9\u00ba AC) at\u00e9 a Revolta dos Macabeus (por volta de 150 AC). S\u00e3o, portanto, ora\u00e7\u00f5es colhidas ao longo desses s\u00e9culos. Nem sempre \u00e9 poss\u00edvel saber a \u00e9poca e o local em que cada salmo foi escrito. Grande parte do Salt\u00e9rio \u00e9 do per\u00edodo p\u00f3s-ex\u00edlio babil\u00f4nico.<\/p>\n<p style=\"text-align: justify;\">Como n\u00e3o \u00e9 poss\u00edvel determinar a \u00e9poca e o local da forma\u00e7\u00e3o de cada salmo, assim nem sempre \u00e9 poss\u00edvel identificar seu autor. Muitos salmos s\u00e3o atribu\u00eddos a Davi, mas nem sempre ele \u00e9 de fato o autor. Davi \u00e9 reconhecido como \u201cpatrono dos salmos\u201d. Assim como Salom\u00e3o \u00e9 identificado como \u201cpatrono da sabedoria\u201d e dos livros sapienciais. Outros salmos s\u00e3o atribu\u00eddos a outros autores, tais como Asaf, filhos de Cor\u00e9, Mois\u00e9s, Salom\u00e3o.<\/p>\n<blockquote>\n<p style=\"text-align: justify;\">A exemplo do Pentateuco, normalmente o Salt\u00e9rio (os cento e cinquenta salmos) \u00e9 dividido em cinco partes: salmos 1-41; salmos 42-72; salmos 73-89; salmos 90-106; salmos 107-150. No final do salmo que conclui o bloco, encontramos um \u201crefr\u00e3o\u201d mais ou menos parecido: \u201cBendito seja Jav\u00e9, Deus de Israel, desde agora e para sempre. Am\u00e9m, am\u00e9m\u201d. Assim o Salt\u00e9rio \u00e9 como que a \u201ctor\u00e1 de Davi\u201d.<\/p>\n<\/blockquote>\n<p style=\"text-align: justify;\">\u00a0\u201cNos salmos transparece o rosto de Deus, deixando-nos entrever a experi\u00eancia que o povo teve de Deus na longa caminhada hist\u00f3rica, e tamb\u00e9m nas pequenas crises da caminhada cotidiana. Dessa forma, os salmos nos revelam o amor de Deus para com o povo e o amor do povo para com Deus\u201d (B\u00edblia Pastoral). Por isso, \u00e9 importante perceber os tra\u00e7os do rosto de Deus em cada salmo que se reza.<\/p>\n","protected":false},"excerpt":{"rendered":"<p>O livro dos Salmos \u00e9 formado por 150 ora\u00e7\u00f5es e hinos que o povo de Israel rezava ou cantava. Os salmos s\u00e3o uma s\u00edntese da espiritualidade do povo de Deus. Esses salmos ou ora\u00e7\u00f5es englobam todas as situa\u00e7\u00f5es de vida do povo. Temos reflex\u00f5es sapienciais, s\u00faplicas, louvores, ora\u00e7\u00f5es que falam de alegria, de doen\u00e7a, de [&hellip;]<\/p>\n","protected":false},"author":16,"featured_media":0,"comment_status":"open","ping_status":"open","sticky":false,"template":"","format":"standard","meta":{"_acf_changed":false,"footnotes":""},"categories":[356],"tags":[],"class_list":["post-44173","post","type-post","status-publish","format-standard","hentry","category-colunista"],"acf":[],"aioseo_notices":[],"_links":{"self":[{"href":"https:\/\/www.paulus.com.br\/portal\/wp-json\/wp\/v2\/posts\/44173","targetHints":{"allow":["GET"]}}],"collection":[{"href":"https:\/\/www.paulus.com.br\/portal\/wp-json\/wp\/v2\/posts"}],"about":[{"href":"https:\/\/www.paulus.com.br\/portal\/wp-json\/wp\/v2\/types\/post"}],"author":[{"embeddable":true,"href":"https:\/\/www.paulus.com.br\/portal\/wp-json\/wp\/v2\/users\/16"}],"replies":[{"embeddable":true,"href":"https:\/\/www.paulus.com.br\/portal\/wp-json\/wp\/v2\/comments?post=44173"}],"version-history":[{"count":5,"href":"https:\/\/www.paulus.com.br\/portal\/wp-json\/wp\/v2\/posts\/44173\/revisions"}],"predecessor-version":[{"id":44179,"href":"https:\/\/www.paulus.com.br\/portal\/wp-json\/wp\/v2\/posts\/44173\/revisions\/44179"}],"wp:attachment":[{"href":"https:\/\/www.paulus.com.br\/portal\/wp-json\/wp\/v2\/media?parent=44173"}],"wp:term":[{"taxonomy":"category","embeddable":true,"href":"https:\/\/www.paulus.com.br\/portal\/wp-json\/wp\/v2\/categories?post=44173"},{"taxonomy":"post_tag","embeddable":true,"href":"https:\/\/www.paulus.com.br\/portal\/wp-json\/wp\/v2\/tags?post=44173"}],"curies":[{"name":"wp","href":"https:\/\/api.w.org\/{rel}","templated":true}]}}