{"id":43495,"date":"2018-11-02T02:09:36","date_gmt":"2018-11-02T05:09:36","guid":{"rendered":"https:\/\/www.paulus.com.br\/portal\/?p=43495"},"modified":"2018-11-02T02:09:36","modified_gmt":"2018-11-02T05:09:36","slug":"o-deus-de-todos","status":"publish","type":"post","link":"https:\/\/www.paulus.com.br\/portal\/o-deus-de-todos\/","title":{"rendered":"O Deus de todos"},"content":{"rendered":"<p style=\"text-align: justify;\">Nada, nem mesmo Deus, est\u00e1 acima da pessoa. \u00c9, no fundo, o que se afirma num texto que circulou nas redes sociais, atribu\u00eddo a \u00c9rico Hammes, o qual questiona &#8220;como assim &#8216;deus&#8217; acima de todos?&#8221;. O te\u00f3logo ga\u00facho rejeita a frase que tem sido aceita ultimamente como verdade absoluta e argumenta, acertadamente, que Deus n\u00e3o est\u00e1 &#8220;acima&#8221;, indiferente \u00e0 situa\u00e7\u00e3o do ser humano, mas salvando, libertando, sobretudo os escravos (cf. Ex 3,7-8), perdoando os pecadores (cf. Mc 2,17; Jo 12,47), morando na exist\u00eancia de cada pessoa, sem ter nem sequer comida para comer e roupa para vestir (cf. Mt 25,31 e seguintes). Assim, o correto seria dizer &#8220;o Deus de todos&#8221;, no sentido de que vem ao encontro de todos, chama a todos.<\/p>\n<blockquote><p>Pode-se dizer que a frase &#8220;Deus acima de todos&#8221; n\u00e3o \u00e9 somente amb\u00edgua, mas pura e simplesmente mentirosa. Apoia-se na ideia da transcend\u00eancia de Deus para afirmar o contr\u00e1rio do que Deus \u00e9. Trata-se de lament\u00e1vel pe\u00e7a de marketing pol\u00edtico enganoso. N\u00e3o por acaso, muitos dos que a pronunciam \u00e0 exaust\u00e3o defendem a tortura, a agress\u00e3o aos povos ind\u00edgenas, \u00e0 dignidade da mulher e dos estrangeiros pobres, entre outras barbaridades. Em raz\u00e3o disso, devemos submeter a afirma\u00e7\u00e3o ao crivo do que o pr\u00f3prio Deus, atrav\u00e9s de acontecimentos e palavras, diz de Si.<\/p><\/blockquote>\n<p style=\"text-align: justify;\">\u00c9 bem verdade que Deus \u00e9 infinito, &#8220;habita em luz inacess\u00edvel&#8221; (1Tm 6,16), mas a sua Palavra est\u00e1 perto de n\u00f3s (cf. Dt 30,14; Rm 10,8), fez-se carne e veio morar entre n\u00f3s (cf. Jo 1,14). Jesus Cristo, o Filho, a Palavra do Pai, \u00e9 Deus conosco (cf. Mt 1,23), n\u00e3o acima de n\u00f3s. Os primeiros crist\u00e3os fizeram quest\u00e3o de dizer que viram o infinito com os olhos, o tocaram com as m\u00e3os (1Jo 1,1). V\u00ea-se que a Escritura nos fala de um Deus que n\u00e3o est\u00e1 acima. \u00c9 a este Deus, e n\u00e3o a outro, que o primeiro mandamento nos convida a amar, pois ele \u00e9 o \u00fanico Deus vivo e verdadeiro (cf. Dt 6,4). Portanto, um &#8220;Deus acima de todos&#8221; \u00e9 uma ideia vazia, um veneno fabricado pelo falat\u00f3rio dos interesses mundanos, uma ideia idol\u00e1trica, a servi\u00e7o dos dominadores. Em sentido contr\u00e1rio, a Escritura afirma claramente que \u201co Deus vivo (e verdadeiro) est\u00e1 no meio de voc\u00eas&#8221; (Js 3,10), n\u00e3o acima de ningu\u00e9m.<\/p>\n<blockquote><p>Deus \u00e9 &#8220;o Pai das miseric\u00f3rdias&#8221; (2Cor 1,3), seu Esp\u00edrito habita a Igreja, mora no corpo de cada pessoa humana, renova todas as coisas (cf. Ap 21,5). O nosso Deus n\u00e3o \u00e9 uma solid\u00e3o poderosa, acima de n\u00f3s, mas a Trindade Santa, comunidade de amor, que caminha conosco na hist\u00f3ria. O Filho, nosso Senhor Jesus Cristo, o Deus conosco, nascido da Sant\u00edssima Virgem Maria, nos mostra o rosto do Pai, e pede ao Pai que envie o Esp\u00edrito Santo, para que n\u00e3o caminhemos sozinhos na hist\u00f3ria (cf. Jo 14,16).<\/p><\/blockquote>\n<p style=\"text-align: justify;\">Somente este Deus pr\u00f3ximo de n\u00f3s \u00e9 o Deus vivo e verdadeiro. Na realidade, como sustenta o fil\u00f3sofo jesu\u00edta Nilo Ribeiro Junior, o nosso Deus est\u00e1 abaixo de todos, como o \u00faltimo de todos, o servidor de todos. Um esc\u00e2ndalo aos olhos do mundo, mas assim \u00e9 o nosso Deus (cf. Mc 9,35; Jo 13,1-20; Fl 2,6-11). Ele assumiu a nossa carne, o nosso corpo, por isso nos liberta, dignifica e nos une ao seu plano de salva\u00e7\u00e3o. Quem Nele acredita n\u00e3o defende nenhuma forma de agress\u00e3o \u00e0 vida, n\u00e3o pratica a viol\u00eancia, n\u00e3o elogia a tortura e n\u00e3o louva os sistemas ditatoriais.<\/p>\n<p style=\"text-align: justify;\">Em suma, nada, nem ningu\u00e9m, est\u00e1 acima da pessoa, pois a pessoa \u00e9 um valor em si mesma. A pessoa nunca \u00e9 instrumento, coisa, nem mesmo nas m\u00e3os de Deus. O criador respeita a liberdade da cria\u00e7\u00e3o: &#8220;eis que estou \u00e0 porta e bato&#8221; (Ap 3,20). Ele n\u00e3o arromba a porta da nossa casa, pois n\u00e3o se coloca acima de n\u00f3s, mas ao nosso lado, por respeito \u00e0 nossa liberdade, mesmo que esta tenha sido comprometida pelo pecado. Este Deus servidor permanece escondido aos olhos dos que t\u00eam pretens\u00f5es desmedidas de domina\u00e7\u00e3o. Contudo, mostra o seu rosto aos pequeninos (Mt 11,25).<\/p>\n","protected":false},"excerpt":{"rendered":"<p>Nada, nem mesmo Deus, est\u00e1 acima da pessoa. \u00c9, no fundo, o que se afirma num texto que circulou nas redes sociais, atribu\u00eddo a \u00c9rico Hammes, o qual questiona &#8220;como assim &#8216;deus&#8217; acima de todos?&#8221;. O te\u00f3logo ga\u00facho rejeita a frase que tem sido aceita ultimamente como verdade absoluta e argumenta, acertadamente, que Deus n\u00e3o [&hellip;]<\/p>\n","protected":false},"author":20,"featured_media":0,"comment_status":"open","ping_status":"open","sticky":false,"template":"","format":"standard","meta":{"_acf_changed":false,"footnotes":""},"categories":[356],"tags":[],"class_list":["post-43495","post","type-post","status-publish","format-standard","hentry","category-colunista"],"acf":[],"aioseo_notices":[],"_links":{"self":[{"href":"https:\/\/www.paulus.com.br\/portal\/wp-json\/wp\/v2\/posts\/43495","targetHints":{"allow":["GET"]}}],"collection":[{"href":"https:\/\/www.paulus.com.br\/portal\/wp-json\/wp\/v2\/posts"}],"about":[{"href":"https:\/\/www.paulus.com.br\/portal\/wp-json\/wp\/v2\/types\/post"}],"author":[{"embeddable":true,"href":"https:\/\/www.paulus.com.br\/portal\/wp-json\/wp\/v2\/users\/20"}],"replies":[{"embeddable":true,"href":"https:\/\/www.paulus.com.br\/portal\/wp-json\/wp\/v2\/comments?post=43495"}],"version-history":[{"count":1,"href":"https:\/\/www.paulus.com.br\/portal\/wp-json\/wp\/v2\/posts\/43495\/revisions"}],"predecessor-version":[{"id":43496,"href":"https:\/\/www.paulus.com.br\/portal\/wp-json\/wp\/v2\/posts\/43495\/revisions\/43496"}],"wp:attachment":[{"href":"https:\/\/www.paulus.com.br\/portal\/wp-json\/wp\/v2\/media?parent=43495"}],"wp:term":[{"taxonomy":"category","embeddable":true,"href":"https:\/\/www.paulus.com.br\/portal\/wp-json\/wp\/v2\/categories?post=43495"},{"taxonomy":"post_tag","embeddable":true,"href":"https:\/\/www.paulus.com.br\/portal\/wp-json\/wp\/v2\/tags?post=43495"}],"curies":[{"name":"wp","href":"https:\/\/api.w.org\/{rel}","templated":true}]}}