{"id":43341,"date":"2018-10-18T04:18:30","date_gmt":"2018-10-18T07:18:30","guid":{"rendered":"https:\/\/www.paulus.com.br\/portal\/?p=43341"},"modified":"2018-10-18T04:18:30","modified_gmt":"2018-10-18T07:18:30","slug":"a-familia-e-o-discernimento-vocacional-dos-jovens-parte-2","status":"publish","type":"post","link":"https:\/\/www.paulus.com.br\/portal\/a-familia-e-o-discernimento-vocacional-dos-jovens-parte-2\/","title":{"rendered":"A fam\u00edlia e o discernimento vocacional dos jovens (parte 2)"},"content":{"rendered":"<p style=\"text-align: justify;\">As fam\u00edlias crist\u00e3s enfrentam a dif\u00edcil tarefa de ajudar os jovens a realizar, com liberdade e maturidade, suas escolhas de vida. Muitas, no entanto, se angustiam diante desse processo, n\u00e3o encontrando o \u201cjeito certo\u201d, as \u201cpalavras certas\u201d, ou um modelo que as inspire nessa miss\u00e3o. Em outubro de 2018, o S\u00ednodo dos Jovens, realizado pela Igreja Cat\u00f3lica, se debru\u00e7a sobre o tema \u201cOs jovens, a f\u00e9 e o discernimento vocacional\u201d. O modo de acompanhar os jovens a reconhecer e a acolher a chamada ao amor e a vida em plenitude \u00e9 um dos objetivos do S\u00ednodo.<\/p>\n<blockquote>\n<p style=\"text-align: justify;\">A leitura do Instrumento de Trabalho do S\u00ednodo oferece elementos para a reflex\u00e3o e para a a\u00e7\u00e3o pastoral da Igreja. Nessa reflex\u00e3o, as fam\u00edlias crist\u00e3s tamb\u00e9m encontram importantes elementos para sua a\u00e7\u00e3o educativa junto a seus filhos e filhas na fase da juventude. A figura do ap\u00f3stolo Jo\u00e3o \u00e9 o \u00edcone b\u00edblico. A partir da voca\u00e7\u00e3o do mais jovem dos ap\u00f3stolos de Jesus, aprende-se a olhar para a voca\u00e7\u00e3o dos jovens de hoje.<\/p>\n<\/blockquote>\n<p style=\"text-align: justify;\">A voca\u00e7\u00e3o de Jo\u00e3o ajuda-nos a compreender a experi\u00eancia vocacional como um progressivo processo de discernimento interior e de amadurecimento da f\u00e9. Esse processo leva a descobrir a alegria do amor e a vida em plenitude no dom de si e na participa\u00e7\u00e3o do an\u00fancio da Boa Not\u00edcia. A partir desses elementos, \u00e9 preciso considerar as diversas realidades dos jovens num mundo que os exp\u00f5em \u00e0s formas de solid\u00e3o e de exclus\u00e3o e considerar o seu protagonismo, suas capacidades, interesses e motiva\u00e7\u00f5es.<\/p>\n<p style=\"text-align: justify;\">A grande tarefa da fam\u00edlia \u00e9 a de ajud\u00e1-los a distinguir a voz do Esp\u00edrito de Deus dos outros apelos que a sociedade do consumo e do bem-estar individual oferece.<\/p>\n<blockquote>\n<p style=\"text-align: justify;\">A promessa de felicidade por meio do \u201cter\u201d aliena e desilude. Somente em Deus pode-se encontrar o verdadeiro sentido para a vida. Desta forma, a fam\u00edlia contribui para que os jovens possam, em sua autonomia e consci\u00eancia, decidir que resposta dar ao chamado de Deus. Foi assim com Jo\u00e3o que, seguindo o Batista, ouve dele o testemunho do verdadeiro Messias e, junto com Andr\u00e9, vai at\u00e9 Jesus (Jo 1, 35-39) para com ele descobrir o caminho, a verdade e a vida (Jo 14,6).<\/p>\n<\/blockquote>\n<p style=\"text-align: justify;\">As fam\u00edlias se assemelham a Jo\u00e3o Batista, indicando o Messias. Mas, cabe aos jovens tomar a decis\u00e3o de segui-lo ou n\u00e3o. Assim como o ap\u00f3stolo Jo\u00e3o, essa decis\u00e3o deve ser consciente e livre. E, ao fazer a escolha por seguir Jesus, independente do caminho vocacional (laicato, vida religiosa ou ordenada), sempre ser\u00e1 exigido deles uma coer\u00eancia entre f\u00e9 e vida.<\/p>\n","protected":false},"excerpt":{"rendered":"<p>As fam\u00edlias crist\u00e3s enfrentam a dif\u00edcil tarefa de ajudar os jovens a realizar, com liberdade e maturidade, suas escolhas de vida. Muitas, no entanto, se angustiam diante desse processo, n\u00e3o encontrando o \u201cjeito certo\u201d, as \u201cpalavras certas\u201d, ou um modelo que as inspire nessa miss\u00e3o. Em outubro de 2018, o S\u00ednodo dos Jovens, realizado pela [&hellip;]<\/p>\n","protected":false},"author":19,"featured_media":0,"comment_status":"open","ping_status":"open","sticky":false,"template":"","format":"standard","meta":{"_acf_changed":false,"footnotes":""},"categories":[356],"tags":[],"class_list":["post-43341","post","type-post","status-publish","format-standard","hentry","category-colunista"],"acf":[],"aioseo_notices":[],"_links":{"self":[{"href":"https:\/\/www.paulus.com.br\/portal\/wp-json\/wp\/v2\/posts\/43341","targetHints":{"allow":["GET"]}}],"collection":[{"href":"https:\/\/www.paulus.com.br\/portal\/wp-json\/wp\/v2\/posts"}],"about":[{"href":"https:\/\/www.paulus.com.br\/portal\/wp-json\/wp\/v2\/types\/post"}],"author":[{"embeddable":true,"href":"https:\/\/www.paulus.com.br\/portal\/wp-json\/wp\/v2\/users\/19"}],"replies":[{"embeddable":true,"href":"https:\/\/www.paulus.com.br\/portal\/wp-json\/wp\/v2\/comments?post=43341"}],"version-history":[{"count":1,"href":"https:\/\/www.paulus.com.br\/portal\/wp-json\/wp\/v2\/posts\/43341\/revisions"}],"predecessor-version":[{"id":43342,"href":"https:\/\/www.paulus.com.br\/portal\/wp-json\/wp\/v2\/posts\/43341\/revisions\/43342"}],"wp:attachment":[{"href":"https:\/\/www.paulus.com.br\/portal\/wp-json\/wp\/v2\/media?parent=43341"}],"wp:term":[{"taxonomy":"category","embeddable":true,"href":"https:\/\/www.paulus.com.br\/portal\/wp-json\/wp\/v2\/categories?post=43341"},{"taxonomy":"post_tag","embeddable":true,"href":"https:\/\/www.paulus.com.br\/portal\/wp-json\/wp\/v2\/tags?post=43341"}],"curies":[{"name":"wp","href":"https:\/\/api.w.org\/{rel}","templated":true}]}}