{"id":43176,"date":"2018-10-01T11:35:15","date_gmt":"2018-10-01T14:35:15","guid":{"rendered":"https:\/\/www.paulus.com.br\/portal\/?p=43176"},"modified":"2018-10-01T11:35:15","modified_gmt":"2018-10-01T14:35:15","slug":"qual-e-a-importancia-da-palavra-de-deus-na-celebracao-liturgica","status":"publish","type":"post","link":"https:\/\/www.paulus.com.br\/portal\/qual-e-a-importancia-da-palavra-de-deus-na-celebracao-liturgica\/","title":{"rendered":"Qual \u00e9 a import\u00e2ncia da Palavra de Deus na celebra\u00e7\u00e3o lit\u00fargica?"},"content":{"rendered":"<p style=\"text-align: justify;\">A palavra de Deus \u00e9 o grande \u201cmotor\u201d de toda a obra criadora e redentora de Deus. Sua palavra tem o poder de fazer existir: <em>\u201cE Deus disse: \u2018Haja luz!\u2019 E houve luz\u201d<\/em> (Gn 1,3). \u00c9 a palavra de Deus que p\u00f5e em marcha Abra\u00e3o, no in\u00edcio da Hist\u00f3ria da Salva\u00e7\u00e3o: \u201cSaia da sua terra&#8230; e v\u00e1\u201d (Gn 12,1). \u00c9 a palavra de Deus que suscita o grande l\u00edder Mois\u00e9s, para que arranque da escravid\u00e3o do Egito os \u201cfilhos de Israel\u201d e os conduza \u00e0 Terra prometida (cf. Ex 3,10ss). \u00c9 a palavra de Deus que orienta os profetas e os constitui guias espirituais do povo eleito.<\/p>\n<blockquote>\n<p style=\"text-align: justify;\">\u00c9 a palavra de Deus que se faz gente: \u201cA Palavra se fez carne e armou sua tenda entre n\u00f3s\u201d (Jo 1,14). Palavra viva, humana, palp\u00e1vel, a palavra mais bonita pronunciada pelo Pai, <em>Jesus de Nazar\u00e9<\/em>: \u201cO que existia desde o princ\u00edpio, o que temos ouvido, o que temos visto com nossos olhos; o que temos contemplado e nossas m\u00e3os t\u00eam apalpado \u2013 a Palavra da Vida \u2013 estamos anunciando a voc\u00eas\u201d (1Jo 1-3).<\/p>\n<\/blockquote>\n<p style=\"text-align: justify;\">Jesus assume o nosso modo de vida e se entrega ao Pai a fim de nos resgatar do pecado e abrir para n\u00f3s as portas da comunh\u00e3o com Deus para sempre.<\/p>\n<p style=\"text-align: justify;\">\u00c9 a palavra de Deus, contida nas Sagadas Escrituras, que vem alimentar os crist\u00e3os de todos os tempos e lugares, iluminando-lhes os passos, sustentando-os na caminhada e na lida cotidiana. \u00a0A palavra de Deus \u00e9, sem d\u00favida, um dos grandes pilares da espiritualidade crist\u00e3. Utilizada de modo abundante em toda parte onde os crist\u00e3os se re\u00fanem, torna-se presente de modo eminente nas celebra\u00e7\u00f5es lit\u00fargicas, principalmente na administra\u00e7\u00e3o dos sacramentos da Igreja.<\/p>\n<p style=\"text-align: justify;\">O Conc\u00edlio Vaticano II real\u00e7ou a import\u00e2ncia da palavra de Deus, afirmando que Deus \u201cest\u00e1 presente na sua palavra, pois \u00e9 ele que fala ao ser lida na Igreja a Sagrada Escritura\u201d (SC 7). Ent\u00e3o, \u00e9 salva\u00e7\u00e3o oferecida em tempo real, no momento em que o fiel participa da celebra\u00e7\u00e3o lit\u00fargica. Quando Deus comunica sua palavra, naturalmente espera nossa resposta. Resposta de amor. Nisso somos incentivados pela Carta de Tiago: \u201cSejam praticantes da Palavra, e n\u00e3o somente ouvintes\u201d (Tg 1,22).<\/p>\n<blockquote>\n<p style=\"text-align: justify;\">O bem-aventurado Tiago Alberione, fundador dos Paulinos, dizia: \u201cQuando voc\u00eas est\u00e3o tristes, abram a B\u00edblia, e encontrar\u00e3o algo que os consolar\u00e1. Do mesmo modo, nas horas de d\u00favidas ou de temor: fa\u00e7am como os santos que, nesses momentos, recorriam \u00e0 fonte. Deus dirige e conduz\u201d.<\/p>\n<\/blockquote>\n","protected":false},"excerpt":{"rendered":"<p>A palavra de Deus \u00e9 o grande \u201cmotor\u201d de toda a obra criadora e redentora de Deus. Sua palavra tem o poder de fazer existir: \u201cE Deus disse: \u2018Haja luz!\u2019 E houve luz\u201d (Gn 1,3). \u00c9 a palavra de Deus que p\u00f5e em marcha Abra\u00e3o, no in\u00edcio da Hist\u00f3ria da Salva\u00e7\u00e3o: \u201cSaia da sua terra&#8230; [&hellip;]<\/p>\n","protected":false},"author":40,"featured_media":0,"comment_status":"open","ping_status":"open","sticky":false,"template":"","format":"standard","meta":{"_acf_changed":false,"footnotes":""},"categories":[356],"tags":[],"class_list":["post-43176","post","type-post","status-publish","format-standard","hentry","category-colunista"],"acf":[],"aioseo_notices":[],"_links":{"self":[{"href":"https:\/\/www.paulus.com.br\/portal\/wp-json\/wp\/v2\/posts\/43176","targetHints":{"allow":["GET"]}}],"collection":[{"href":"https:\/\/www.paulus.com.br\/portal\/wp-json\/wp\/v2\/posts"}],"about":[{"href":"https:\/\/www.paulus.com.br\/portal\/wp-json\/wp\/v2\/types\/post"}],"author":[{"embeddable":true,"href":"https:\/\/www.paulus.com.br\/portal\/wp-json\/wp\/v2\/users\/40"}],"replies":[{"embeddable":true,"href":"https:\/\/www.paulus.com.br\/portal\/wp-json\/wp\/v2\/comments?post=43176"}],"version-history":[{"count":1,"href":"https:\/\/www.paulus.com.br\/portal\/wp-json\/wp\/v2\/posts\/43176\/revisions"}],"predecessor-version":[{"id":43179,"href":"https:\/\/www.paulus.com.br\/portal\/wp-json\/wp\/v2\/posts\/43176\/revisions\/43179"}],"wp:attachment":[{"href":"https:\/\/www.paulus.com.br\/portal\/wp-json\/wp\/v2\/media?parent=43176"}],"wp:term":[{"taxonomy":"category","embeddable":true,"href":"https:\/\/www.paulus.com.br\/portal\/wp-json\/wp\/v2\/categories?post=43176"},{"taxonomy":"post_tag","embeddable":true,"href":"https:\/\/www.paulus.com.br\/portal\/wp-json\/wp\/v2\/tags?post=43176"}],"curies":[{"name":"wp","href":"https:\/\/api.w.org\/{rel}","templated":true}]}}