{"id":423,"date":"2012-06-15T19:23:49","date_gmt":"2012-06-15T19:23:49","guid":{"rendered":"http:\/\/www.paulus.com.br\/institucional\/?p=423"},"modified":"2012-07-25T09:53:52","modified_gmt":"2012-07-25T12:53:52","slug":"paulus-oferece-curso-que-ensina-diferentes-tecnicas-para-se-contar-historias","status":"publish","type":"post","link":"https:\/\/www.paulus.com.br\/portal\/paulus-oferece-curso-que-ensina-diferentes-tecnicas-para-se-contar-historias\/","title":{"rendered":"PAULUS oferece curso que ensina diferentes t\u00e9cnicas para se contar hist\u00f3rias"},"content":{"rendered":"<p><img loading=\"lazy\" decoding=\"async\" class=\"alignright size-full wp-image-425\" title=\"33f25e5f8d0fcba368193ee58f948c54\" src=\"http:\/\/www.paulus.com.br\/institucional\/wp-content\/uploads\/2012\/06\/33f25e5f8d0fcba368193ee58f948c541.jpg\" alt=\"\" width=\"200\" height=\"212\" srcset=\"https:\/\/www.paulus.com.br\/portal\/wp-content\/uploads\/2012\/06\/33f25e5f8d0fcba368193ee58f948c541.jpg 200w, https:\/\/www.paulus.com.br\/portal\/wp-content\/uploads\/2012\/06\/33f25e5f8d0fcba368193ee58f948c541-120x127.jpg 120w, https:\/\/www.paulus.com.br\/portal\/wp-content\/uploads\/2012\/06\/33f25e5f8d0fcba368193ee58f948c541-90x95.jpg 90w, https:\/\/www.paulus.com.br\/portal\/wp-content\/uploads\/2012\/06\/33f25e5f8d0fcba368193ee58f948c541-180x190.jpg 180w\" sizes=\"auto, (max-width: 200px) 100vw, 200px\" \/>Acontecer\u00e1 neste s\u00e1bado, na PAULUS Livraria de S\u00e3o Lu\u00eds, o curso ministrado pela educadora e professora da Secretaria Municipal de Educa\u00e7\u00e3o do Estado (SEMED), Concei\u00e7\u00e3o de Maria Carvalho, que tem como objetivo mostrar aos participantes novas propostas em conta\u00e7\u00f5es de hist\u00f3rias.<\/p>\n<p>\u201cEsperamos que essa atividade contribua com o crescimento do conhecimento dos participantes, incentivando o reaproveitamento de diversos materiais descart\u00e1veis e auxiliando no desenvolvimento de exerc\u00edcios e brincadeiras para os pequenos\u201d, afirma Adriano Oliveira, encarregado da PAULUS Livraria de S\u00e3o Lu\u00eds.<\/p>\n<p>A palestra, direcionada para todos os interessados no assunto, far\u00e1 com que os alunos aprendam novas t\u00e9cnicas para transformarem as conta\u00e7\u00f5es de hist\u00f3rias em algo ainda mais divertido e educativo.<\/p>\n<p>O curso acontecer\u00e1 nos dias 9 e 16 de junho, das 8h30 \u00e0s 12h30, e custar\u00e1 R$ 20,00. A reserva da vaga e o pagamento dever\u00e3o ser tratados diretamente com a loja, pelo telefone (98) 3231-2665 ou pessoalmente, na Rua do Passeio, 229, Centro \u2013 S\u00e3o Lu\u00eds\/MA.<\/p>\n","protected":false},"excerpt":{"rendered":"<p>Forma\u00e7\u00e3o<\/p>\n","protected":false},"author":57,"featured_media":425,"comment_status":"open","ping_status":"open","sticky":false,"template":"","format":"standard","meta":{"_acf_changed":false,"footnotes":""},"categories":[15],"tags":[40,39],"class_list":["post-423","post","type-post","status-publish","format-standard","has-post-thumbnail","hentry","category-noticias","tag-curso","tag-debate"],"acf":[],"aioseo_notices":[],"_links":{"self":[{"href":"https:\/\/www.paulus.com.br\/portal\/wp-json\/wp\/v2\/posts\/423","targetHints":{"allow":["GET"]}}],"collection":[{"href":"https:\/\/www.paulus.com.br\/portal\/wp-json\/wp\/v2\/posts"}],"about":[{"href":"https:\/\/www.paulus.com.br\/portal\/wp-json\/wp\/v2\/types\/post"}],"author":[{"embeddable":true,"href":"https:\/\/www.paulus.com.br\/portal\/wp-json\/wp\/v2\/users\/57"}],"replies":[{"embeddable":true,"href":"https:\/\/www.paulus.com.br\/portal\/wp-json\/wp\/v2\/comments?post=423"}],"version-history":[{"count":0,"href":"https:\/\/www.paulus.com.br\/portal\/wp-json\/wp\/v2\/posts\/423\/revisions"}],"wp:featuredmedia":[{"embeddable":true,"href":"https:\/\/www.paulus.com.br\/portal\/wp-json\/wp\/v2\/media\/425"}],"wp:attachment":[{"href":"https:\/\/www.paulus.com.br\/portal\/wp-json\/wp\/v2\/media?parent=423"}],"wp:term":[{"taxonomy":"category","embeddable":true,"href":"https:\/\/www.paulus.com.br\/portal\/wp-json\/wp\/v2\/categories?post=423"},{"taxonomy":"post_tag","embeddable":true,"href":"https:\/\/www.paulus.com.br\/portal\/wp-json\/wp\/v2\/tags?post=423"}],"curies":[{"name":"wp","href":"https:\/\/api.w.org\/{rel}","templated":true}]}}